{"id":653670,"date":"2026-01-10T09:36:12","date_gmt":"2026-01-10T09:36:12","guid":{"rendered":"https:\/\/www.europesays.com\/fr\/653670\/"},"modified":"2026-01-10T09:36:12","modified_gmt":"2026-01-10T09:36:12","slug":"de-punta-cana-a-leicester-une-semaine-particuliere-pour-laviron-bayonnais","status":"publish","type":"post","link":"https:\/\/www.europesays.com\/fr\/653670\/","title":{"rendered":"De Punta Cana \u00e0 Leicester, une semaine particuli\u00e8re pour l\u2019Aviron Bayonnais"},"content":{"rendered":"<p>Pincez-vous, on fr\u00f4le la dystopie. Le projet \u00e9tait pr\u00e9vu bien avant le lourd revers dans l\u2019H\u00e9rault, et n\u2019\u00e9tait pas souhait\u00e9 par Gr\u00e9gory Patat, du moins dans le domaine a\u00e9rien. Mais le manager marche sur des \u0153ufs en interne depuis quasiment un an et demi. Et peu importent les r\u00e9sultats, plus que positifs jusqu\u2019en juin dernier et la demi-finale perdue face au Stade Toulousain. Depuis, les succ\u00e8s \u00e0 domicile peinent \u00e0 compenser (ou justifier) les \u00e9clats en d\u00e9placement.<\/p>\n<p>Son pr\u00e9sident Philippe Tayeb et une partie du conseil d\u2019administration ont d\u00e9cid\u00e9 de bouger les lignes. Sans r\u00e9ellement les bouger, d\u2019ailleurs. En creux\u00a0: l\u2019opinion publique suit la courbe des r\u00e9sultats, ne nous la mettons pas \u00e0 dos. Au lieu de trancher, on empile les comp\u00e9tences. On ne se d\u00e9dit pas pour Laurent Travers, nomm\u00e9 directeur du rugby en juillet dernier, contre l\u2019avis du staff, on le place au-dessus de Gr\u00e9gory Patat, quand bien m\u00eame les deux hommes ne s\u2019accordent pas. On n\u2019\u00e9carte pas St\u00e9phane Barberena comme adjoint, on ajoute Jean Monribot \u00e0 ses c\u00f4t\u00e9s, pour pr\u00e9parer une transition sans heurter la majorit\u00e9 des supporteurs.<\/p>\n<p>Castres dans le viseur<\/p>\n<p>Quid des joueurs\u00a0? Ils assistent au ballet, aux premi\u00e8res loges. \u00ab\u00a0La plus grande diff\u00e9rence cette semaine, c\u2019est que Jean est arriv\u00e9 pour la touche\u00a0\u00bb, posait le capitaine Arthur Iturria, ce jeudi, lors de la conf\u00e9rence de presse hebdomadaire. En somme, un changement marginal, quand bien m\u00eame le pr\u00e9sident Philippe Tayeb promettait un grand remaniement, tout en sous-entendus souriants, samedi soir devant les cam\u00e9ras de Canal+, avant de s\u2019envoler pour dix jours de vacances \u00e0 Punta Cana. \u00ab\u00a0Ils se partagent le travail avec Steph, qui garde la mainmise, entre guillemets, sur la touche, pr\u00e9cise le deuxi\u00e8me ligne. Jean est arriv\u00e9 avec un nouveau message. C\u2019est le plus gros changement. Sinon, \u00e0 part la venue du staff du XV de France mardi, c\u2019\u00e9tait une semaine \u00e0 peu pr\u00e8s identique aux autres.\u00a0\u00bb<\/p>\n<blockquote><p>\u00ab\u00a0Si on veut \u00eatre comp\u00e9titif (contre Castres), il faut mettre des choses en place ce week-end et le suivant face au Leinster\u00a0\u00bb<\/p><\/blockquote>\n<p>Ce jeudi, Barberena donnait de la voix durant plusieurs s\u00e9quences de jeu. En retrait, Monribot observait, cahier plaqu\u00e9 sous le bras et sur le torse. \u00ab\u00a0Mardi, l\u2019un prenait position sur les port\u00e9es et l\u2019autre travaillait plus sur les touches directes pour le num\u00e9ro neuf, glisse Iturria. Pour l\u2019instant, ils se partagent comme \u00e7a, et \u00e7a fonctionne plut\u00f4t bien. Mais c\u2019est un peu rapide pour analyser, \u00e7a ne fait qu\u2019une semaine.\u00a0\u00bb Et surtout, ce n\u2019est pas dit que cela r\u00e9volutionne les r\u00e9sultats\u00a0: l\u2019Aviron se rend \u00e0 Leicester, ce samedi \u00e0 21 heures, en laissant de nombreux cadres au repos (Tiberghien, Maqala, Segonds, Fischer, Setiano) au profit de beaucoup de novices (Lap\u00e8gue, Boyle-Tiatia, Marchesin, Ariceta, Iandolino, Tumania, Rasal, Thompson).<\/p>\n<p>Vu l\u2019h\u00e9catombe de bless\u00e9s et les deux d\u00e9faites inaugurales contre les Stormers et aux Harlequins, la Champions Cup n\u2019est pas une priorit\u00e9. \u00ab\u00a0Quand bien m\u00eame Castres est un match important et cibl\u00e9 pour le retour du Top 14 le 24\u00a0janvier, si on veut \u00eatre comp\u00e9titif, il faut mettre des choses en place ce week-end et le suivant face au Leinster (17\u00a0janvier, 16\u00a0h\u00a015)\u00a0\u00bb, avance l\u2019entra\u00eeneur des trois-quarts Gerard Fraser, qui rempla\u00e7ait Gr\u00e9gory Patat cette semaine en conf\u00e9rence de presse. L\u2019Aviron n\u2019a rien \u00e0 perdre, ce samedi en Angleterre. Les jeunes veulent prendre de l\u2019exp\u00e9rience et les \u00ab\u00a0tauliers\u00a0\u00bb savent qu\u2019\u00e0 Montpellier, \u00ab\u00a0plus que le staff, ce sont (eux) qui (ont) faut\u00e9\u00a0\u00bb, dixit le trois-quarts centre Guillaume Martocq. Pas s\u00fbr que cela suffise \u00e0 convaincre tout en haut de l\u2019organigramme, mais un contenu correct dans les Midlands pourrait permettre de passer une semaine d\u00e9tendue en bord de Nive. Dans le contexte actuel, ce n\u2019est pas neutre.<\/p>\n","protected":false},"excerpt":{"rendered":"Pincez-vous, on fr\u00f4le la dystopie. Le projet \u00e9tait pr\u00e9vu bien avant le lourd revers dans l\u2019H\u00e9rault, et n\u2019\u00e9tait&hellip;\n","protected":false},"author":2,"featured_media":653671,"comment_status":"","ping_status":"","sticky":false,"template":"","format":"standard","meta":{"footnotes":""},"categories":[1416],"tags":[1011,27,479,1468,60],"class_list":{"0":"post-653670","1":"post","2":"type-post","3":"status-publish","4":"format-standard","5":"has-post-thumbnail","7":"category-rugby","8":"tag-fr","9":"tag-france","10":"tag-rugby","11":"tag-rugby-football","12":"tag-sports"},"share_on_mastodon":{"url":"https:\/\/pubeurope.com\/@fr\/115870130749455244","error":""},"_links":{"self":[{"href":"https:\/\/www.europesays.com\/fr\/wp-json\/wp\/v2\/posts\/653670","targetHints":{"allow":["GET"]}}],"collection":[{"href":"https:\/\/www.europesays.com\/fr\/wp-json\/wp\/v2\/posts"}],"about":[{"href":"https:\/\/www.europesays.com\/fr\/wp-json\/wp\/v2\/types\/post"}],"author":[{"embeddable":true,"href":"https:\/\/www.europesays.com\/fr\/wp-json\/wp\/v2\/users\/2"}],"replies":[{"embeddable":true,"href":"https:\/\/www.europesays.com\/fr\/wp-json\/wp\/v2\/comments?post=653670"}],"version-history":[{"count":0,"href":"https:\/\/www.europesays.com\/fr\/wp-json\/wp\/v2\/posts\/653670\/revisions"}],"wp:featuredmedia":[{"embeddable":true,"href":"https:\/\/www.europesays.com\/fr\/wp-json\/wp\/v2\/media\/653671"}],"wp:attachment":[{"href":"https:\/\/www.europesays.com\/fr\/wp-json\/wp\/v2\/media?parent=653670"}],"wp:term":[{"taxonomy":"category","embeddable":true,"href":"https:\/\/www.europesays.com\/fr\/wp-json\/wp\/v2\/categories?post=653670"},{"taxonomy":"post_tag","embeddable":true,"href":"https:\/\/www.europesays.com\/fr\/wp-json\/wp\/v2\/tags?post=653670"}],"curies":[{"name":"wp","href":"https:\/\/api.w.org\/{rel}","templated":true}]}}