{"id":653680,"date":"2026-01-10T09:44:16","date_gmt":"2026-01-10T09:44:16","guid":{"rendered":"https:\/\/www.europesays.com\/fr\/653680\/"},"modified":"2026-01-10T09:44:16","modified_gmt":"2026-01-10T09:44:16","slug":"exposition-lempire-du-sommeil-au-musee-marmottan-monet-dormez-je-le-veux","status":"publish","type":"post","link":"https:\/\/www.europesays.com\/fr\/653680\/","title":{"rendered":"Exposition \u201cL\u2019Empire du sommeil\u201d\u00a0au mus\u00e9e Marmottan-Monet\u00a0: dormez, je le veux\u00a0!"},"content":{"rendered":"<p><strong>La m\u00e9t\u00e9o vous incite \u00e0 rester sous la couette\u00a0?<\/strong> Relevez les paupi\u00e8res et sortez plut\u00f4t au mus\u00e9e Marmottan-Monet \u00e0 Paris voir l&rsquo;exposition L\u2019Empire du sommeil, qui explore les faces sombres et lumineuses de ce moment suspendu quotidiennement dans nos vies. Elle a tenu en \u00e9veil <strong>C\u00e9dric Enjalbert <\/strong>qui vous en parle dans \u00ab\u00a0Par ici la sortie\u00a0\u00bb, notre newsletter culturelle dont nous vous proposons ici un extrait.<\/p>\n<p class=\"alt\"><strong>Ce texte est extrait de notre <\/strong><strong>newsletter<\/strong><strong> hebdomadaire \u00ab\u00a0Par ici la sortie\u00a0\u00bb : <\/strong>trois recommandations culturelles, \u00e9clair\u00e9es au prisme de la philosophie, chaque vendredi soir. <a href=\"https:\/\/www.philomag.com\/newsletters\" target=\"_blank\" rel=\"noopener\">Abonnez-vous, elle est gratuite\u00a0!<\/a><\/p>\n<p><strong>\u00ab <\/strong><strong>\u201cDormeuse, amas dor\u00e9 d\u2019ombres et d\u2019abandons, <\/strong>[\u2026] ta forme veille, et mes yeux sont ouverts.\u201d C\u2019est un vers de\u00a0<strong>Paul Val\u00e9ry<\/strong> emprunt\u00e9 \u00e0 son magnifique po\u00e8me\u00a0La Dormeuse, qui m\u2019est revenu \u00e0 l\u2019esprit en entrant au mus\u00e9e Marmottan-Monet (par un temps qui incitait plut\u00f4t \u00e0 rester sous la couette). L\u2019institution pr\u00e9sente une exposition sur le sommeil, explorant les faces sombres et lumineuses de ce moment suspendu quotidiennement dans nos vies.\u00a0<\/p>\n<p><strong>Enfant de la nuit et de la mort<\/strong><\/p>\n<p class=\"p1\">Ouvrant sur un bonheur sans entraves comme sur de monstrueux cauchemars, motif \u00e9rotique parent de la mort, le sommeil, hypnos dans la mythologie grecque, est enfant de la nuit, nyx, qui engendre aussi thanatos, la mort. Le parcours, con\u00e7u par la neurologue et historienne des sciences <strong>Laura Bossi<\/strong> et la conservatrice\u00a0<strong>Sylvie Carlier<\/strong>, d\u00e9bute ainsi avec un charismatique portrait d\u2019homme endormi, sign\u00e9 <strong>Carolus-Duran<\/strong>. Il se prolonge de fa\u00e7on th\u00e9matique, avec des tableaux parfois m\u00e9connus. Une all\u00e9gorie de la peintre pr\u00e9rapha\u00e9lite britannique <strong>Evelyn De Morgan<\/strong>\u00a0figure ainsi Nuit et Sommeil main dans la main, d\u00e9livrant un bouquet de fleurs sur le monde (photo). Autrement plus inqui\u00e9tantes sont les repr\u00e9sentations de <strong>F\u00fcssli <\/strong>ou<strong> Goya<\/strong>, pour qui\u00a0\u201cle sommeil de la raison\u00a0engendre des monstres\u201d.\u00a0<\/p>\n<p><strong>\u201cUne \u00e9clipse de l\u2019\u00eatre\u201d<\/strong><\/p>\n<p class=\"p1\">Plut\u00f4t que de sommeil de la raison, le regrett\u00e9 <a href=\"https:\/\/www.philomag.com\/philosophes\/jean-luc-nancy\" target=\"_blank\" rel=\"noopener\"><strong>Jean-Luc Nancy<\/strong><\/a>\u00a0parle, lui, dans un petit livre intitul\u00e9\u00a0Tombe de sommeil (Galil\u00e9e, 2007), d\u2019une\u00a0\u201c\u00e9clipse de l\u2019\u00eatre\u201d\u00a0au\u00a0\u201cc\u0153ur parfaitement obscur\u201d\u00a0mais\u00a0porteuse d\u2019une forme de v\u00e9rit\u00e9, qu\u2019essaient d\u2019encapsuler la plupart des artistes expos\u00e9s.\u00a0Le philosophe observe qu\u2019on\u00a0\u201ctombe de sommeil dans le sommeil\u00a0: il est lui-m\u00eame, le sommeil, la force qui se pr\u00e9c\u00e8de et qui entra\u00eene sa puissance dans son acte. Si je tombe de sommeil, c\u2019est que d\u00e9j\u00e0 le sommeil a commenc\u00e9 \u00e0 s\u2019emparer de moi et \u00e0 m\u2019envahir avant m\u00eame que je dorme, avant que je commence \u00e0 tomber. Nous disons que le sommeil nous gagne\u00a0: il gagne sur nous, il \u00e9tend son emprise et son ombre avec la discr\u00e9tion et la constance qui sont celles du soir, de la poussi\u00e8re, de l\u2019\u00e2ge\u201d, et c\u2019est bien l\u00e0 son empire. Sur ce, baille, baille\u2026<strong> \u00bb<\/strong><\/p>\n<p class=\"p1 alt\">\u27a4\u00a0<a href=\"https:\/\/www.marmottan.fr\/expositions\/lempire-du-sommeil\/\" target=\"_blank\" rel=\"noopener\"><strong>L\u2019Empire du sommeil<\/strong><\/a>,\u00a0exposition<strong>\u00a0<\/strong>au mus\u00e9e Marmottan-Monet (2, rue Louis-Boilly, Paris XVIe), jusqu\u2019au 1er\u00a0mars 2026.<\/p>\n","protected":false},"excerpt":{"rendered":"La m\u00e9t\u00e9o vous incite \u00e0 rester sous la couette\u00a0? Relevez les paupi\u00e8res et sortez plut\u00f4t au mus\u00e9e Marmottan-Monet&hellip;\n","protected":false},"author":2,"featured_media":653681,"comment_status":"","ping_status":"","sticky":false,"template":"","format":"standard","meta":{"footnotes":""},"categories":[1358],"tags":[1348,1384,1385,1386,58,59,1011,27],"class_list":{"0":"post-653680","1":"post","2":"type-post","3":"status-publish","4":"format-standard","5":"has-post-thumbnail","7":"category-arts-et-design","8":"tag-arts","9":"tag-arts-and-design","10":"tag-arts-et-design","11":"tag-design","12":"tag-divertissement","13":"tag-entertainment","14":"tag-fr","15":"tag-france"},"share_on_mastodon":{"url":"https:\/\/pubeurope.com\/@fr\/115870162123511624","error":""},"_links":{"self":[{"href":"https:\/\/www.europesays.com\/fr\/wp-json\/wp\/v2\/posts\/653680","targetHints":{"allow":["GET"]}}],"collection":[{"href":"https:\/\/www.europesays.com\/fr\/wp-json\/wp\/v2\/posts"}],"about":[{"href":"https:\/\/www.europesays.com\/fr\/wp-json\/wp\/v2\/types\/post"}],"author":[{"embeddable":true,"href":"https:\/\/www.europesays.com\/fr\/wp-json\/wp\/v2\/users\/2"}],"replies":[{"embeddable":true,"href":"https:\/\/www.europesays.com\/fr\/wp-json\/wp\/v2\/comments?post=653680"}],"version-history":[{"count":0,"href":"https:\/\/www.europesays.com\/fr\/wp-json\/wp\/v2\/posts\/653680\/revisions"}],"wp:featuredmedia":[{"embeddable":true,"href":"https:\/\/www.europesays.com\/fr\/wp-json\/wp\/v2\/media\/653681"}],"wp:attachment":[{"href":"https:\/\/www.europesays.com\/fr\/wp-json\/wp\/v2\/media?parent=653680"}],"wp:term":[{"taxonomy":"category","embeddable":true,"href":"https:\/\/www.europesays.com\/fr\/wp-json\/wp\/v2\/categories?post=653680"},{"taxonomy":"post_tag","embeddable":true,"href":"https:\/\/www.europesays.com\/fr\/wp-json\/wp\/v2\/tags?post=653680"}],"curies":[{"name":"wp","href":"https:\/\/api.w.org\/{rel}","templated":true}]}}