{"id":653682,"date":"2026-01-10T09:46:19","date_gmt":"2026-01-10T09:46:19","guid":{"rendered":"https:\/\/www.europesays.com\/fr\/653682\/"},"modified":"2026-01-10T09:46:19","modified_gmt":"2026-01-10T09:46:19","slug":"audiences-le-retour-de-cesar-wagner-sur-france-2-a-il-pris-la-tete-des-audiences-face-a-qui-sera-le-plus-nul-sur-tf1","status":"publish","type":"post","link":"https:\/\/www.europesays.com\/fr\/653682\/","title":{"rendered":"Audiences : Le retour de \u00ab\u00a0C\u00e9sar Wagner\u00a0\u00bb sur France 2 a-il-pris la t\u00eate des audiences face \u00e0 \u00ab\u00a0Qui sera le plus nul ?\u00a0\u00bb sur TF1 ?"},"content":{"rendered":"<p>                <img loading=\"lazy\" decoding=\"async\" src=\"https:\/\/www.europesays.com\/fr\/wp-content\/uploads\/2025\/04\/44a3c032d1b1825f-35x35-4.jpg\" class=\"author-article-picture\" width=\"35\" height=\"35\"\/><\/p>\n<p>                    Par<\/p>\n<p>                                            Jeremy Aknin<\/p>\n<p>                    |<\/p>\n<p>                                            Journaliste<\/p>\n<p>\n                N\u00e9 \u00e0 Marseille lors du si\u00e8cle dernier, ville o\u00f9 le soleil est pr\u00e9sent \u00e0 l&rsquo;ann\u00e9e, J\u00e9r\u00e9my a rejoint l&rsquo;\u00e9quipe Puremedias en F\u00e9vrier 2025. Passionn\u00e9 d&rsquo;audiences t\u00e9l\u00e9, il scrute et analyse les chiffres depuis son plus jeune \u00e2ge. C&rsquo;est \u00e9galement un grand fan de s\u00e9ries et d&rsquo;\u00e9missions t\u00e9l\u00e9 !\n            <\/p>\n<p>\n    \u00ab\u00a0Qui sera le plus nul ?\u00a0\u00bb, \u00ab\u00a0C\u00e9sar Wagner\u00a0\u00bb, \u00ab\u00a0La bo\u00eete \u00e0 secrets\u00a0\u00bb, \u00ab\u00a03 jours max\u00a0\u00bb,&#8230; Les audiences de la soir\u00e9e du vendredi 9 janvier 2026.\n<\/p>\n<p>                            <img loading=\"lazy\" decoding=\"async\" class=\"player-thumbnail\" src=\"https:\/\/www.europesays.com\/fr\/wp-content\/uploads\/2026\/01\/a11fac79ad51b515-580x326-1.jpg\" width=\"580\" height=\"326\"\/><\/p>\n<p>                            Comment sont mesur\u00e9es les audiences t\u00e9l\u00e9 ?<\/p>\n<p>La suite apr\u00e8s la publicit\u00e9<\/p>\n<p>                            <img decoding=\"async\" class=\"article-audience-img\" src=\"https:\/\/www.europesays.com\/fr\/wp-content\/uploads\/2025\/04\/2.jpg\" alt=\"France 2\"\/><\/p>\n<p>\n                    CESAR WAGNER<br \/>\n                    TELEFILM\n                <\/p>\n<p>\n                    3 825 000 t\u00e9l\u00e9spectateurs\n                <\/p>\n<p>                            <img decoding=\"async\" class=\"article-audience-img\" src=\"https:\/\/www.europesays.com\/fr\/wp-content\/uploads\/2025\/04\/1.jpg\" alt=\"TF1\"\/><\/p>\n<p>\n                    QUI SERA LE PLUS NUL ?<br \/>\n                    JEU\n                <\/p>\n<p>\n                    3 078 000 t\u00e9l\u00e9spectateurs\n                <\/p>\n<p>                            <img decoding=\"async\" class=\"article-audience-img\" src=\"https:\/\/www.europesays.com\/fr\/wp-content\/uploads\/2025\/04\/3.jpg\" alt=\"France 3\"\/><\/p>\n<p>\n                    LA BOITE A SECRETS<br \/>\n                    MAGAZINE\n                <\/p>\n<p>\n                    1 246 000 t\u00e9l\u00e9spectateurs\n                <\/p>\n<p>                            <img decoding=\"async\" class=\"article-audience-img\" src=\"https:\/\/www.europesays.com\/fr\/wp-content\/uploads\/2025\/04\/6.jpg\" alt=\"M6\"\/><\/p>\n<p>\n                    3 JOURS MAX<br \/>\n                    FILM\n                <\/p>\n<p>\n                    1 187 000 t\u00e9l\u00e9spectateurs\n                <\/p>\n<p>                            <img decoding=\"async\" class=\"article-audience-img\" src=\"https:\/\/www.europesays.com\/fr\/wp-content\/uploads\/2025\/04\/534.jpg\" alt=\"France 5\"\/><\/p>\n<p>\n                    LE SAUVAGE<br \/>\n                    FILM\n                <\/p>\n<p>\n                    1 030 000 t\u00e9l\u00e9spectateurs\n                <\/p>\n<p>    M\u00e9diam\u00e9trie &#8211; M\u00e9diamat ; reproduction interdite, tous droits r\u00e9serv\u00e9s par M\u00e9diam\u00e9trie<\/p>\n<p>En t\u00eate hier, c&rsquo;est France 2 avec la retour de la s\u00e9rie \u00ab\u00a0C\u00e9sar Wagner\u00a0\u00bb. L&rsquo;\u00e9pisode in\u00e9dit, avec Gil Alma, a rassembl\u00e9 <strong>3,83 millions <\/strong>de t\u00e9l\u00e9spectateurs soit <strong>21,8 de PDA sur l&rsquo;ensemble du public <\/strong>et <strong>6,5% de PDA sur les FRDA-50<\/strong>. La derni\u00e8re diffusion de cette s\u00e9rie, le vendredi 10 janvier 2025, avait attir\u00e9 3,98 millions de fans (21,9% de PDA 4+ et 8,3% de PDA FRDA-50).<\/p>\n<p>Sur la journ\u00e9e, c&rsquo;est TF1 qui est en t\u00eate avec une moyenne de <strong>18,4%<\/strong> devant France 2 \u00e0 <strong>16,5%<\/strong>. On retrouve ensuite France 3 \u00e0 <strong>8,4%<\/strong> et M6 \u00e0 <strong>6,9%<\/strong>. France 5 est cinqui\u00e8me avec une journ\u00e9e \u00e0 <strong>3,9%<\/strong> et devance W9 (<strong>3,3%<\/strong>), Arte (<strong>2,7%<\/strong>) ou encore TMC et TF1 S\u00e9ries Films (<strong>2,0%<\/strong>).<\/p>\n<p>\u00ab\u00a0C\u00e9sar Wagner\u00a0\u00bb leader, \u00ab\u00a0Qui sera le plus nul ?\u00a0\u00bb en nette baisse<\/p>\n<p>TF1 est deuxi\u00e8me des audiences avec la suite du jeu \u00ab\u00a0Qui sera le plus nul ?\u00a0\u00bb anim\u00e9e par <a href=\"https:\/\/www.ozap.com\/personnalite\/camille-combal_e124623\" target=\"_blank\" rel=\"noopener\">Camille Combal<\/a>. Cette nouvelle soir\u00e9e, d\u00e9coup\u00e9e en deux parties, a attir\u00e9 <strong>3,08 millions <\/strong>de t\u00e9l\u00e9spectateurs soit <strong>17,3% de PDA sur l&rsquo;ensemble du public <\/strong>et <strong>31,1% de PDA sur les FRDA-50 <\/strong>de 21h14<strong> <\/strong>\u00e0 22h25<strong> <\/strong>puis <strong>2,56 millions <\/strong>de t\u00e9l\u00e9spectateurs soit <strong>24,5% de PDA sur l&rsquo;ensemble du public <\/strong>et <strong>44,0% de PDA sur les FRDA-50 <\/strong>de 22h34<strong> <\/strong>\u00e0 00h03. La semaine derni\u00e8re, le lancement avait \u00e9cras\u00e9 la concurrence en r\u00e9unissant 4,05 millions de t\u00e9l\u00e9spectateurs (22,0% de PDA 4+ et 36,9% de PDA FRDA-50) puis 4,16 millions de t\u00e9l\u00e9spectateurs (29,2% de PDA 4+ et 48,2% de PDA FRDA-50).<\/p>\n<p>\u00c0 la troisi\u00e8me position, on retrouve France 3 avec \u00ab\u00a0La bo\u00eete \u00e0 secrets\u00a0\u00bb anim\u00e9e par <a href=\"https:\/\/www.ozap.com\/personnalite\/faustine-bollaert_e11994\" target=\"_blank\" rel=\"noopener\">Faustine Bollaert<\/a>. Avec Fran\u00e7ois-Xavier Demaison, Catherine Lara et Jean-Pierre Castaldi, ce nouveau num\u00e9ro a rassembl\u00e9 <strong>1,25 million <\/strong>de t\u00e9l\u00e9spectateurs soit <strong>7,9% de PDA sur l&rsquo;ensemble du public <\/strong>et <strong>1,7% de PDA sur les FRDA-50<\/strong>. La semaine derni\u00e8re, l&rsquo;\u00e9mission avait attir\u00e9 1,57 million de t\u00e9l\u00e9spectateurs (9,3% de PDA 4+ et 1,4% de PDA FRDA-50).\u00a0<\/p>\n<p>D\u00e9ception pour le cin\u00e9ma sur M6, France 5 au-dessus du million<\/p>\n<p>M6 est au pied du podium avec le film in\u00e9dit \u00ab\u00a03 jours max\u00a0\u00bb. Ce long m\u00e9trage, sorti en 2023 et avec un casting compos\u00e9 de Tarek Boudali, Philippe Lacheau ou encore \u00c9lodie Fontan, a \u00e9t\u00e9 vu par <strong>1,19 million <\/strong>de cin\u00e9philes soit <strong>6,9% de PDA sur l&rsquo;ensemble du public <\/strong>et <strong>15,5% de PDA sur les FRDA-50<\/strong>. Il y a une semaine, le film d&rsquo;animation \u00ab\u00a0Zootopie\u00a0\u00bb avait tr\u00e8s bien fonctionn\u00e9 avec 2,48 million de t\u00e9l\u00e9spectateurs (13,9% de PDA 4+ et 24,8% de PDA FRDA-50).<\/p>\n<p>                            <img decoding=\"async\" class=\"article-audience-img\" src=\"https:\/\/www.europesays.com\/fr\/wp-content\/uploads\/2025\/04\/533.jpg\" alt=\"Arte\"\/><\/p>\n<p>\n                    D&rsquo;UNE VIE A L&rsquo;AUTRE &#8211; GEORG MAAS &#8211;<br \/>\n                    FILM\n                <\/p>\n<p>\n                    714 000 t\u00e9l\u00e9spectateurs\n                <\/p>\n<p>                            <img decoding=\"async\" class=\"article-audience-img\" src=\"https:\/\/www.europesays.com\/fr\/wp-content\/uploads\/2025\/04\/532.jpg\" alt=\"Gulli\"\/><\/p>\n<p>\n                    BEETHOVEN<br \/>\n                    FILM\n                <\/p>\n<p>\n                    413 000 t\u00e9l\u00e9spectateurs\n                <\/p>\n<p>                            <img decoding=\"async\" class=\"article-audience-img\" src=\"https:\/\/www.europesays.com\/fr\/wp-content\/uploads\/2025\/04\/336.jpg\" alt=\"W9\"\/><\/p>\n<p>\n                    ENQUETE D&rsquo;ACTION \\ PERIL SUR L&rsquo;A1 ! UN AN AVEC LES GENDARMES DE L&rsquo;AUTOROUTE<br \/>\n                    MAGAZINE\n                <\/p>\n<p>\n                    388 000 t\u00e9l\u00e9spectateurs\n                <\/p>\n<p>                            <img decoding=\"async\" class=\"article-audience-img\" src=\"https:\/\/www.europesays.com\/fr\/wp-content\/uploads\/2025\/04\/726.jpg\" alt=\"RMC Story\"\/><\/p>\n<p>\n                    LE BIGDIL \\ SPECIALE CA DECOIFFE<br \/>\n                    JEU\n                <\/p>\n<p>\n                    385 000 t\u00e9l\u00e9spectateurs\n                <\/p>\n<p>                            <img decoding=\"async\" class=\"article-audience-img\" src=\"https:\/\/www.europesays.com\/fr\/wp-content\/uploads\/2025\/04\/723.jpg\" alt=\"TF1 Series Film\"\/><\/p>\n<p>\n                    NEW YORK UNITE SPECIALE \\ A MAUVAISE ECOLE<br \/>\n                    SERIE\n                <\/p>\n<p>\n                    340 000 t\u00e9l\u00e9spectateurs\n                <\/p>\n<p>                            <img decoding=\"async\" class=\"article-audience-img\" src=\"https:\/\/www.europesays.com\/fr\/wp-content\/uploads\/2025\/04\/13.jpg\" alt=\"TMC\"\/><\/p>\n<p>\n                    90 ENQUETES \\ POLICE DE LA ROCHELLE : OPERATION ZERO DELINQUANCE<br \/>\n                    MAGAZINE\n                <\/p>\n<p>\n                    267 000 t\u00e9l\u00e9spectateurs\n                <\/p>\n<p>                            <img decoding=\"async\" class=\"article-audience-img\" src=\"https:\/\/www.europesays.com\/fr\/wp-content\/uploads\/2025\/04\/725.jpg\" alt=\"6ter\"\/><\/p>\n<p>\n                    HAWAII 5-0 \\ I KA WA MAMUA<br \/>\n                    SERIE\n                <\/p>\n<p>\n                    281 000 t\u00e9l\u00e9spectateurs\n                <\/p>\n<p>                            <img decoding=\"async\" class=\"article-audience-img\" src=\"https:\/\/www.europesays.com\/fr\/wp-content\/uploads\/2025\/04\/727.jpg\" alt=\"RMC D\u00e9couverte\"\/><\/p>\n<p>\n                    FORTERESSES IMPRENABLES : LES SECRETS DES BATISSEURS DE L&rsquo;EXTREME<br \/>\n                    DOCUMENTAIRE\n                <\/p>\n<p>\n                    249 000 t\u00e9l\u00e9spectateurs\n                <\/p>\n<p>                            <img decoding=\"async\" class=\"article-audience-img\" src=\"https:\/\/www.europesays.com\/fr\/wp-content\/uploads\/2025\/10\/728.jpg\" alt=\"RMC Life\"\/><\/p>\n<p>\n                    CASTLE \\ LA GUERRE DES CUISINES<br \/>\n                    SERIE\n                <\/p>\n<p>\n                    208 000 t\u00e9l\u00e9spectateurs\n                <\/p>\n<p>                            <img decoding=\"async\" class=\"article-audience-img\" src=\"https:\/\/www.europesays.com\/fr\/wp-content\/uploads\/2025\/04\/4.jpg\" alt=\"Canal+\"\/><\/p>\n<p>\n                    EMISSIONS CRYPTEES<br \/>\n                    AUTRES\n                <\/p>\n<p>\n                    85 000 t\u00e9l\u00e9spectateurs\n                <\/p>\n<p>                            <img decoding=\"async\" class=\"article-audience-img\" src=\"https:\/\/www.europesays.com\/fr\/wp-content\/uploads\/2025\/04\/43.jpg\" alt=\"TFX\"\/><\/p>\n<p>\n                    CLEANERS LES EXPERTS DU MENAGE<br \/>\n                    DOCUMENTAIRE\n                <\/p>\n<p>\n                    146 000 t\u00e9l\u00e9spectateurs\n                <\/p>\n<p>                            <img decoding=\"async\" class=\"article-audience-img\" src=\"https:\/\/www.europesays.com\/fr\/wp-content\/uploads\/2025\/04\/499.jpg\" alt=\"CSTAR\"\/><\/p>\n<p>\n                    GHOST HUNTERS<br \/>\n                    DOCUMENTAIRE\n                <\/p>\n<p>\n                    116 000 t\u00e9l\u00e9spectateurs\n                <\/p>\n<p>    M\u00e9diam\u00e9trie &#8211; M\u00e9diamat ; reproduction interdite, tous droits r\u00e9serv\u00e9s par M\u00e9diam\u00e9trie<\/p>\n<p>Succ\u00e8s pour France 5 avec le film \u00ab\u00a0Le sauvage\u00a0\u00bb suivi par <strong>1,03 million <\/strong>de cin\u00e9philes soit <strong>6,0% de PDA sur l&rsquo;ensemble du public <\/strong>et <strong>2,6% de PDA sur les FRDA-50<\/strong>.<\/p>\n","protected":false},"excerpt":{"rendered":"Par Jeremy Aknin | Journaliste N\u00e9 \u00e0 Marseille lors du si\u00e8cle dernier, ville o\u00f9 le soleil est pr\u00e9sent&hellip;\n","protected":false},"author":2,"featured_media":653683,"comment_status":"","ping_status":"","sticky":false,"template":"","format":"standard","meta":{"footnotes":""},"categories":[1356],"tags":[58,59,1011,27,252,1364],"class_list":{"0":"post-653682","1":"post","2":"type-post","3":"status-publish","4":"format-standard","5":"has-post-thumbnail","7":"category-television","8":"tag-divertissement","9":"tag-entertainment","10":"tag-fr","11":"tag-france","12":"tag-television","13":"tag-tv"},"share_on_mastodon":{"url":"https:\/\/pubeurope.com\/@fr\/115870170995479310","error":""},"_links":{"self":[{"href":"https:\/\/www.europesays.com\/fr\/wp-json\/wp\/v2\/posts\/653682","targetHints":{"allow":["GET"]}}],"collection":[{"href":"https:\/\/www.europesays.com\/fr\/wp-json\/wp\/v2\/posts"}],"about":[{"href":"https:\/\/www.europesays.com\/fr\/wp-json\/wp\/v2\/types\/post"}],"author":[{"embeddable":true,"href":"https:\/\/www.europesays.com\/fr\/wp-json\/wp\/v2\/users\/2"}],"replies":[{"embeddable":true,"href":"https:\/\/www.europesays.com\/fr\/wp-json\/wp\/v2\/comments?post=653682"}],"version-history":[{"count":0,"href":"https:\/\/www.europesays.com\/fr\/wp-json\/wp\/v2\/posts\/653682\/revisions"}],"wp:featuredmedia":[{"embeddable":true,"href":"https:\/\/www.europesays.com\/fr\/wp-json\/wp\/v2\/media\/653683"}],"wp:attachment":[{"href":"https:\/\/www.europesays.com\/fr\/wp-json\/wp\/v2\/media?parent=653682"}],"wp:term":[{"taxonomy":"category","embeddable":true,"href":"https:\/\/www.europesays.com\/fr\/wp-json\/wp\/v2\/categories?post=653682"},{"taxonomy":"post_tag","embeddable":true,"href":"https:\/\/www.europesays.com\/fr\/wp-json\/wp\/v2\/tags?post=653682"}],"curies":[{"name":"wp","href":"https:\/\/api.w.org\/{rel}","templated":true}]}}