{"id":653684,"date":"2026-01-10T09:47:13","date_gmt":"2026-01-10T09:47:13","guid":{"rendered":"https:\/\/www.europesays.com\/fr\/653684\/"},"modified":"2026-01-10T09:47:13","modified_gmt":"2026-01-10T09:47:13","slug":"fetty-wap-officiellement-libere-de-prison-il-adresse-un-message-a-ses-fans","status":"publish","type":"post","link":"https:\/\/www.europesays.com\/fr\/653684\/","title":{"rendered":"Fetty Wap officiellement lib\u00e9r\u00e9 de prison, il adresse un message \u00e0 ses fans"},"content":{"rendered":"<p itemprop=\"description\"><strong>Le rappeur le plus hype de l&rsquo;ann\u00e9e 2014 a \u00e9t\u00e9 lib\u00e9r\u00e9 de prison, o\u00f9 il purgeait une peine pour trafic de drogue.<\/strong><\/p>\n<p>Le meilleur conseille qu&rsquo;on puisse donner \u00e0 un rappeur qui devient une star, c&rsquo;est de <strong>quitter le hood, et de s&rsquo;en tenir le plus loin possible.<\/strong> Car dans le cas contraire, les \u00ab\u00a0vieux r\u00e9flexes\u00a0\u00bb restent l\u00e0, et on a plusieurs exemples qui montrent que <strong>malheureusement, le hood n&rsquo;est clairement pas un bon environnement pour s&rsquo;\u00e9panouir en tant qu&rsquo;humain<\/strong>. <a href=\"https:\/\/generations.fr\/news\/musique\/74834\/fetty-wap-des-photos-du-rappeur-en-prison-font-surface\" target=\"_blank\" rel=\"noopener\"><strong>Fetty Wap<\/strong><\/a> le sait bien : devenu <strong>multimillionnaire gr\u00e2ce \u00e0 son tube mondial \u00ab\u00a0Trap Queen\u00a0\u00bb<\/strong> en 2014, il avait \u00e9t\u00e9 <a href=\"https:\/\/generations.fr\/news\/coulisse\/73431\/fetty-wap-condamne-a-6-ans-de-prison\" target=\"_blank\" rel=\"noopener\"><strong>condamn\u00e9, en 2022, \u00e0 6 ans de prison<\/strong><\/a> pour trafic de drogue. <strong>Il vient de sortir, et tenait \u00e0 remercier ses fans.<\/strong><\/p>\n<p>Fetty Wap est visiblement rest\u00e9 bien trop proche de ses fr\u00e9quentations criminelles. En 2022, <strong>il \u00e9tait arr\u00eat\u00e9 pour <a href=\"https:\/\/generations.fr\/news\/coulisse\/69501\/fetty-wap-risque-5-ans-de-prison-apres-avoir-plaide-coupable-de-trafic-de-drogue\" target=\"_blank\" rel=\"noopener\">avoir \u00e9coul\u00e9 plus de 100kg de drogues dures<\/a><\/strong> dans la r\u00e9gion new-yorkaise, et visiblement sa peine a donc \u00e9t\u00e9 un peu plus courte que pr\u00e9vue <strong>puisque le rappeur a \u00e9t\u00e9 lib\u00e9r\u00e9 dans la journ\u00e9e d&rsquo;hier<\/strong>, et il a imm\u00e9diatement tenu \u00e0 remercier tout le monde pour le soutien qu&rsquo;il a re\u00e7u pendant sa d\u00e9tention :<\/p>\n<blockquote><p>&#13;<\/p>\n<p><strong>Je veux remercier ma famille, mes amis et mes fans pour l&rsquo;amour, les pri\u00e8res et le soutien continu, \u00e7a signifie tout pour moi.<\/strong> Maintenant, je me concentre pour <strong>rendre tout \u00e7a \u00e0 ma communaut\u00e9 \u00e0 travers des initiatives, des associations, essayer de faciliter l&rsquo;acc\u00e8s \u00e0 l&rsquo;\u00e9ducation, les comp\u00e9tences au sujet de la technologie<\/strong>, afin que tous ces jeunes puissent se montrer sur leur meilleur jour. Je suis concentr\u00e9 pour aller de l&rsquo;avant, avec un but, et faire quelque chose qui compte.<\/p>\n<p>&#13;\n<\/p><\/blockquote>\n<p>De biens jolis mots de la part du rappeur, qui semble vraiment avoir pas mal cogit\u00e9 lors de son s\u00e9jour en prison. On lui souhaite \u00e9videmment le meilleur dans ses projets, en esp\u00e9rant qu&rsquo;il aura aussi le temps pour nous pondre un ou deux bangers !<\/p>\n<blockquote class=\"twitter-tweet\"><p>&#13;<\/p>\n<p dir=\"ltr\" lang=\"en\">Fetty wap is home from prison. <br \/>I\u2019ve confirmed he\u2019s been released \u2014 <\/p>\n<p>Here\u2019s a statement I received from fetty wap on his release:<\/p>\n<p>\u201cI want to thank my family, friends, and fans for the love, prayers, and continued support\u2014it truly means everything to me. Right now, my focus is\u2026 <a href=\"https:\/\/t.co\/JE0QiYiaXL\">pic.twitter.com\/JE0QiYiaXL<\/a><\/p>\n<p>&#13;<br \/>\n\u2014 BROWN GIRL GRINDING\u2b50\ufe0f (@LorenLorosa) <a href=\"https:\/\/twitter.com\/LorenLorosa\/status\/2009379739169939640?ref_src=twsrc%5Etfw\" target=\"_blank\" rel=\"noopener\">January 8, 2026<\/a><\/p><\/blockquote>\n<p>\t\t\t\t\t\t\t\t\t\t\t\t\t\t\t\t\t\t\t<script async src=\"https:\/\/platform.twitter.com\/widgets.js\" charset=\"utf-8\"><\/script><\/p>\n","protected":false},"excerpt":{"rendered":"Le rappeur le plus hype de l&rsquo;ann\u00e9e 2014 a \u00e9t\u00e9 lib\u00e9r\u00e9 de prison, o\u00f9 il purgeait une peine&hellip;\n","protected":false},"author":2,"featured_media":653685,"comment_status":"","ping_status":"","sticky":false,"template":"","format":"standard","meta":{"footnotes":""},"categories":[1355],"tags":[1111,67642,11,2163,58,59,1011,27,3612,3620,3606,3607,3605,3608,3617,3615,3609,1922,1361,873,12,2189,3658,1825,67643,3616,3656,67641,3619,3621,3611,3610,2955,3655],"class_list":{"0":"post-653684","1":"post","2":"type-post","3":"status-publish","4":"format-standard","5":"has-post-thumbnail","7":"category-musique","8":"tag-actu","9":"tag-actu-rap","10":"tag-actualites","11":"tag-chroniques","12":"tag-divertissement","13":"tag-entertainment","14":"tag-fr","15":"tag-france","16":"tag-freestyles","17":"tag-funk","18":"tag-generation","19":"tag-generation88-2","20":"tag-generations","21":"tag-generations88-2","22":"tag-hip-hop","23":"tag-hiphop","24":"tag-hiphopsoul","25":"tag-info","26":"tag-music","27":"tag-musique","28":"tag-news","29":"tag-photos","30":"tag-playlist","31":"tag-radio","32":"tag-radio-rap","33":"tag-rap","34":"tag-rapfr","35":"tag-rapus","36":"tag-reggae","37":"tag-rnb","38":"tag-sons","39":"tag-soul","40":"tag-videos","41":"tag-webradio"},"share_on_mastodon":{"url":"https:\/\/pubeurope.com\/@fr\/115870174069664110","error":""},"_links":{"self":[{"href":"https:\/\/www.europesays.com\/fr\/wp-json\/wp\/v2\/posts\/653684","targetHints":{"allow":["GET"]}}],"collection":[{"href":"https:\/\/www.europesays.com\/fr\/wp-json\/wp\/v2\/posts"}],"about":[{"href":"https:\/\/www.europesays.com\/fr\/wp-json\/wp\/v2\/types\/post"}],"author":[{"embeddable":true,"href":"https:\/\/www.europesays.com\/fr\/wp-json\/wp\/v2\/users\/2"}],"replies":[{"embeddable":true,"href":"https:\/\/www.europesays.com\/fr\/wp-json\/wp\/v2\/comments?post=653684"}],"version-history":[{"count":0,"href":"https:\/\/www.europesays.com\/fr\/wp-json\/wp\/v2\/posts\/653684\/revisions"}],"wp:featuredmedia":[{"embeddable":true,"href":"https:\/\/www.europesays.com\/fr\/wp-json\/wp\/v2\/media\/653685"}],"wp:attachment":[{"href":"https:\/\/www.europesays.com\/fr\/wp-json\/wp\/v2\/media?parent=653684"}],"wp:term":[{"taxonomy":"category","embeddable":true,"href":"https:\/\/www.europesays.com\/fr\/wp-json\/wp\/v2\/categories?post=653684"},{"taxonomy":"post_tag","embeddable":true,"href":"https:\/\/www.europesays.com\/fr\/wp-json\/wp\/v2\/tags?post=653684"}],"curies":[{"name":"wp","href":"https:\/\/api.w.org\/{rel}","templated":true}]}}