{"id":653696,"date":"2026-01-10T09:53:10","date_gmt":"2026-01-10T09:53:10","guid":{"rendered":"https:\/\/www.europesays.com\/fr\/653696\/"},"modified":"2026-01-10T09:53:10","modified_gmt":"2026-01-10T09:53:10","slug":"ces-objets-de-grand-mere-seront-les-plus-recherches-en-brocante-en-2026","status":"publish","type":"post","link":"https:\/\/www.europesays.com\/fr\/653696\/","title":{"rendered":"Ces objets de grand-m\u00e8re seront les plus recherch\u00e9s en brocante en 2026"},"content":{"rendered":"<p>En 2026, la brocante n\u00a0\u00bba plus rien de poussi\u00e9reux. On ne cherche<br \/>\nplus les meubles trop solennels, mais bien ceux qui surprennent.<br \/>\nDans un r\u00e9cent article, Country Living le confirme, cette<br \/>\nann\u00e9e, <a href=\"https:\/\/www.lejournaldelamaison.fr\/le-journal-de-la-maison\/decoration-par-style\/industriel-et-vintage\/coiffeuse-vintage-meuble-grand-mere-fait-retour-fracassant-interieurs-peut-valoir-revente-532757.html\" target=\"_blank\" rel=\"noopener\"><br \/>\nle vintage change totalement de visage<\/a>. <strong>D\u00e9couvrez les 6<br \/>\npi\u00e8ces \u00e0 d\u00e9nicher de toute urgence<\/strong>.<\/p>\n<p>Les mati\u00e8res et les textures parent les objets anciens<\/p>\n<p><a href=\"https:\/\/www.lejournaldelamaison.fr\/actualite\/jeff-bezos-lauren-sanchez-sont-dit-oui-venise-images-details-exclusifs-font-tour-monde-515153.html\" target=\"_blank\" rel=\"noopener\"><br \/>\nSi vous avez d\u00e9j\u00e0 visit\u00e9 Venise<\/a>, vous avez peut-\u00eatre eu la<br \/>\nchance de vous rendre sur <strong>l&rsquo;\u00eele de Murano<\/strong>. R\u00e9put\u00e9e<br \/>\npour sa verrerie, c&rsquo;est bien cet artisanat qui est convoit\u00e9 en<br \/>\n2026. On ne peut plus vintage, les lustres, lampes, vases et autres<br \/>\ncoupes color\u00e9es sur place <strong>s\u00e9duisent de plus en plus les<br \/>\nchineurs<\/strong>.<\/p>\n<p>Autre famille d&rsquo;objets en pleine ascension : <strong>les<br \/>\ntextiles anciens<\/strong>. Couvertures patchwork, <a href=\"https:\/\/www.lejournaldelamaison.fr\/maison\/ce-motif-de-tapisserie-seculaire-va-envahir-les-salons-en-2026-24-pieces-a-shopper-avant-tout-le-monde-532074.html\" target=\"_blank\" rel=\"noopener\"><br \/>\ntapisseries<\/a>, tentures murales et courtepointes r\u00e9investissent<br \/>\nles int\u00e9rieurs. Utilis\u00e9s sur un lit, un canap\u00e9 ou m\u00eame au mur, ces<br \/>\ntissus patin\u00e9s insufflent une chaleur imm\u00e9diate. Dans des maisons<br \/>\nen qu\u00eate de v\u00e9cu et de singularit\u00e9, <strong>ces objets racontent<br \/>\nune histoire que le neuf ne peut imiter<\/strong>.<\/p>\n<p>Des objets inattendus qui bousculent les codes<\/p>\n<p>De m\u00eame, <strong>le surr\u00e9alisme influence d\u00e9sormais le march\u00e9<br \/>\ndes objets d\u00e9co<\/strong>. Les acheteurs recherchent des formes<br \/>\nd\u00e9cal\u00e9es, des pi\u00e8ces \u00e9voquant des visages, des figures, parfois<br \/>\nm\u00eame des illusions d&rsquo;optique. Si les originaux des ann\u00e9es 1920-30<br \/>\nrestent rares, les cr\u00e9ations vintage inspir\u00e9es de cet esprit<br \/>\ndeviennent <strong>le terrain de jeu favori des amateurs de pi\u00e8ces<br \/>\naudacieuses<\/strong> en 2026.<\/p>\n<p>Appliques anciennes, <strong>assiettes d\u00e9coratives<\/strong>,<br \/>\npetites \u00e9tag\u00e8res, plaques votives et b\u00e9nitiers quittent \u00e9galement<br \/>\nleur fonction premi\u00e8re pour devenir <a href=\"https:\/\/www.lejournaldelamaison.fr\/le-journal-de-la-maison\/decoration-par-style\/deco-par-style\/deco-murale-pourquoi-opter-pour-la-photo-sur-toile-474050.html\" target=\"_blank\" rel=\"noopener\"><br \/>\nde vraies d\u00e9corations murales<\/a>. D\u00e9plac\u00e9s de leur contexte<br \/>\nreligieux ou utilitaire, ils apportent <strong>un caract\u00e8re bien<br \/>\nparticulier<\/strong> \u00e0 la pi\u00e8ce.<\/p>\n<blockquote class=\"instagram-media\" style=\"background: #ffffff;border: 0;margin: 1px;width: 100%;padding: 0;max-width: 500px;\" data-instgrm-permalink=\"https:\/\/www.instagram.com\/p\/DRaBddAjOM2\/\" data-instgrm-version=\"14\"\/><p>\nLe vintage structure les int\u00e9rieurs en<br \/>\n2026<\/p>\n<p><strong>Le mobilier en pin scandinav<\/strong>e, longtemps<br \/>\nsous-estim\u00e9, retrouve lui aussi une place centrale. Massif,<br \/>\nlumineux, l\u00e9g\u00e8rement rustique, <strong>il apporte une simplicit\u00e9<br \/>\nchaleureuse aux espaces contemporains<\/strong>. Tables, chaises,<br \/>\n<a href=\"https:\/\/www.lejournaldelamaison.fr\/le-journal-de-la-maison\/nouveautes\/produits\/action-devoile-applique-murale-design-colle-secondes-change-totalement-ambiance-piece-527634.html\" target=\"_blank\" rel=\"noopener\"><br \/>\nluminaires<\/a> et commodes en pin deviennent des valeurs s\u00fbres,<br \/>\nport\u00e9es par une demande qui d\u00e9passe d&rsquo;ailleurs l&rsquo;offre<br \/>\ndisponible.<\/p>\n<p>Enfin, <a href=\"https:\/\/www.lejournaldelamaison.fr\/non-classe\/tendances-deco-2025-cette-liste-secrete-de-maisons-et-dobjets-cultes-a-suivre-avant-de-refaire-votre-salon-532859.html\" target=\"_blank\" rel=\"noopener\"><br \/>\nles objets vendus en ensembles<\/a> et en paires prennent de la<br \/>\nvaleur. Deux fauteuils identiques, <strong>un duo d\u2019appliques, un<br \/>\nservice complet de pots de cuisine<\/strong>&#8230; La coh\u00e9rence est<br \/>\nrare de nos jours, et donc, <strong>tr\u00e8s recherch\u00e9e<\/strong>. Vous<br \/>\nsavez d\u00e9sormais dans quoi investir !<\/p>\n<p><script async src=\"\/\/www.instagram.com\/embed.js\"><\/script><\/p>\n","protected":false},"excerpt":{"rendered":"En 2026, la brocante n\u00a0\u00bba plus rien de poussi\u00e9reux. On ne cherche plus les meubles trop solennels, mais&hellip;\n","protected":false},"author":2,"featured_media":653697,"comment_status":"","ping_status":"","sticky":false,"template":"","format":"standard","meta":{"footnotes":""},"categories":[6],"tags":[5734,6961,35,9122,1805,33,34,3026,12219,1011,27,2515,6085,151,5875,11263,1967,378,7555,2141,10468,3389,3974],"class_list":{"0":"post-653696","1":"post","2":"type-post","3":"status-publish","4":"format-standard","5":"has-post-thumbnail","7":"category-economie","8":"tag-5734","9":"tag-brocante","10":"tag-business","11":"tag-ces","12":"tag-de","13":"tag-economie","14":"tag-economy","15":"tag-en","16":"tag-et","17":"tag-fr","18":"tag-france","19":"tag-grand","20":"tag-ils","21":"tag-les","22":"tag-mere","23":"tag-monter","24":"tag-objets","25":"tag-plus","26":"tag-pourquoi","27":"tag-prix","28":"tag-recherches","29":"tag-seront","30":"tag-vont"},"share_on_mastodon":{"url":"https:\/\/pubeurope.com\/@fr\/115870197821486411","error":""},"_links":{"self":[{"href":"https:\/\/www.europesays.com\/fr\/wp-json\/wp\/v2\/posts\/653696","targetHints":{"allow":["GET"]}}],"collection":[{"href":"https:\/\/www.europesays.com\/fr\/wp-json\/wp\/v2\/posts"}],"about":[{"href":"https:\/\/www.europesays.com\/fr\/wp-json\/wp\/v2\/types\/post"}],"author":[{"embeddable":true,"href":"https:\/\/www.europesays.com\/fr\/wp-json\/wp\/v2\/users\/2"}],"replies":[{"embeddable":true,"href":"https:\/\/www.europesays.com\/fr\/wp-json\/wp\/v2\/comments?post=653696"}],"version-history":[{"count":0,"href":"https:\/\/www.europesays.com\/fr\/wp-json\/wp\/v2\/posts\/653696\/revisions"}],"wp:featuredmedia":[{"embeddable":true,"href":"https:\/\/www.europesays.com\/fr\/wp-json\/wp\/v2\/media\/653697"}],"wp:attachment":[{"href":"https:\/\/www.europesays.com\/fr\/wp-json\/wp\/v2\/media?parent=653696"}],"wp:term":[{"taxonomy":"category","embeddable":true,"href":"https:\/\/www.europesays.com\/fr\/wp-json\/wp\/v2\/categories?post=653696"},{"taxonomy":"post_tag","embeddable":true,"href":"https:\/\/www.europesays.com\/fr\/wp-json\/wp\/v2\/tags?post=653696"}],"curies":[{"name":"wp","href":"https:\/\/api.w.org\/{rel}","templated":true}]}}