{"id":653706,"date":"2026-01-10T09:58:15","date_gmt":"2026-01-10T09:58:15","guid":{"rendered":"https:\/\/www.europesays.com\/fr\/653706\/"},"modified":"2026-01-10T09:58:15","modified_gmt":"2026-01-10T09:58:15","slug":"coupe-de-france-feminine-thonon-evian-une-simple-repetition-pour-lom-avant-saint-etienne","status":"publish","type":"post","link":"https:\/\/www.europesays.com\/fr\/653706\/","title":{"rendered":"Coupe de France f\u00e9minine : Thonon-\u00c9vian, une simple r\u00e9p\u00e9tition pour l&rsquo;OM avant Saint-\u00c9tienne ?"},"content":{"rendered":"<p><a href=\"https:\/\/www.laprovence.com\/article\/om\/13209960104163\/om-d1-feminine-le-projet-est-tellement-interessant-se-rejouit-la-nouvelle-entraineure-corinne-diacre\" target=\"_blank\" rel=\"noopener\">Corinne Diacre<\/a> ne s&rsquo;en cache pas\u00a0: aucun objectif n&rsquo;a \u00e9t\u00e9 fix\u00e9 en coupe, que ce soit <a href=\"https:\/\/www.laprovence.com\/article\/om\/24462147222268\/om-feminine-coupe-de-france-les-marseillaises-iront-a-thonon-evian-pour-les-seiziemes-de-finale\" target=\"_blank\" rel=\"noopener\">de France<\/a> ou <a href=\"https:\/\/www.laprovence.com\/article\/om\/16926532367799\/football-coupe-de-la-ligue-feminine-lom-se-deplacera-a-lyon-en-quarts\" target=\"_blank\" rel=\"noopener\">de la Ligue<\/a>, la principale mission du club olympien \u00e9tant le maintien en Arkema Premi\u00e8re Ligue. En ce sens, l&rsquo;ancienne s\u00e9lectionneuse de l&rsquo;\u00e9quipe de France a pr\u00e9par\u00e9 ce 16e de finale contre Thonon-\u00c9vian en pensant d\u00e9j\u00e0 \u00e0 la r\u00e9ception des St\u00e9phanoises, mercredi \u00e0 Turcan.<\/p>\n<p>\u00ab\u00a0Il va falloir g\u00e9rer les organismes et tout mettre \u00e0 profit pour r\u00e9cup\u00e9rer au mieux, d\u00e9taille Diacre. L&rsquo;avantage est que Thonon-\u00c9vian a un peu les m\u00eames caract\u00e9ristiques que Saint-\u00c9tienne, donc c&rsquo;est parfait pour nous. \u00c7a ferait d\u00e9sordre de perdre contre une deuxi\u00e8me division, donc charge \u00e0 nous de mettre tous les ingr\u00e9dients, pour passer un tour suppl\u00e9mentaire et bien pr\u00e9parer le match de championnat.\u00a0\u00bb<\/p>\n<p>Les Marseillaises ne devront pas prendre cette premi\u00e8re rencontre de l&rsquo;ann\u00e9e par-dessus l&rsquo;\u00e9paule, m\u00eame si les Haut-Savoyardes figurent dans le ventre mou de la Seconde Ligue. Le TEGG reste, en effet, sur six victoires et un nul lors des huit derni\u00e8res sorties, et a souvent emb\u00eat\u00e9 l&rsquo;OM sur ses terres, o\u00f9 il est parfois difficile de d\u00e9velopper son football.<\/p>\n<p>Le groupe<\/p>\n<p>Shore, N&rsquo;Gazi (g), Laplacette, Khezami, Blanchard, Carro, Moryl, Le Mou\u00ebl, Bamenga, Perret, Kbida, Elisor, Bourdieu, Brown, Leger, Herrera.<\/p>\n","protected":false},"excerpt":{"rendered":"Corinne Diacre ne s&rsquo;en cache pas\u00a0: aucun objectif n&rsquo;a \u00e9t\u00e9 fix\u00e9 en coupe, que ce soit de France&hellip;\n","protected":false},"author":2,"featured_media":653707,"comment_status":"","ping_status":"","sticky":false,"template":"","format":"standard","meta":{"footnotes":""},"categories":[9653],"tags":[5734,1111,11,2430,615,1777,674,4283,63,1011,27,12,149,25,4001,12558,75679,96],"class_list":{"0":"post-653706","1":"post","2":"type-post","3":"status-publish","4":"format-standard","5":"has-post-thumbnail","7":"category-saint-etienne","8":"tag-5734","9":"tag-actu","10":"tag-actualites","11":"tag-auvergne-rhone-alpes","12":"tag-coupe","13":"tag-eu","14":"tag-europe","15":"tag-feminine","16":"tag-football","17":"tag-fr","18":"tag-france","19":"tag-news","20":"tag-om","21":"tag-republique-francaise","22":"tag-saint-etienne","23":"tag-simple","24":"tag-thonon-evian","25":"tag-une"},"share_on_mastodon":{"url":"https:\/\/pubeurope.com\/@fr\/115870217422126299","error":""},"_links":{"self":[{"href":"https:\/\/www.europesays.com\/fr\/wp-json\/wp\/v2\/posts\/653706","targetHints":{"allow":["GET"]}}],"collection":[{"href":"https:\/\/www.europesays.com\/fr\/wp-json\/wp\/v2\/posts"}],"about":[{"href":"https:\/\/www.europesays.com\/fr\/wp-json\/wp\/v2\/types\/post"}],"author":[{"embeddable":true,"href":"https:\/\/www.europesays.com\/fr\/wp-json\/wp\/v2\/users\/2"}],"replies":[{"embeddable":true,"href":"https:\/\/www.europesays.com\/fr\/wp-json\/wp\/v2\/comments?post=653706"}],"version-history":[{"count":0,"href":"https:\/\/www.europesays.com\/fr\/wp-json\/wp\/v2\/posts\/653706\/revisions"}],"wp:featuredmedia":[{"embeddable":true,"href":"https:\/\/www.europesays.com\/fr\/wp-json\/wp\/v2\/media\/653707"}],"wp:attachment":[{"href":"https:\/\/www.europesays.com\/fr\/wp-json\/wp\/v2\/media?parent=653706"}],"wp:term":[{"taxonomy":"category","embeddable":true,"href":"https:\/\/www.europesays.com\/fr\/wp-json\/wp\/v2\/categories?post=653706"},{"taxonomy":"post_tag","embeddable":true,"href":"https:\/\/www.europesays.com\/fr\/wp-json\/wp\/v2\/tags?post=653706"}],"curies":[{"name":"wp","href":"https:\/\/api.w.org\/{rel}","templated":true}]}}