{"id":653712,"date":"2026-01-10T10:01:12","date_gmt":"2026-01-10T10:01:12","guid":{"rendered":"https:\/\/www.europesays.com\/fr\/653712\/"},"modified":"2026-01-10T10:01:12","modified_gmt":"2026-01-10T10:01:12","slug":"medecin-addictologue-retraitee-muriel-fiol-rn-fait-de-la-securite-sa-priorite-au-beausset","status":"publish","type":"post","link":"https:\/\/www.europesays.com\/fr\/653712\/","title":{"rendered":"M\u00e9decin addictologue retrait\u00e9e, Muriel Fiol (RN) fait de la s\u00e9curit\u00e9 sa priorit\u00e9 au Beausset"},"content":{"rendered":"<p class=\"fs-5 \">La s\u00e9curit\u00e9 en ligne de mire. Elle passe du littoral \u00e0 la plaine pour briguer l\u2019\u00e9charpe de maire du Beausset, commune o\u00f9 elle est propri\u00e9taire d\u2019une r\u00e9sidence secondaire. C\u2019est officiel depuis l\u2019annonce de sa candidature vendredi matin et l\u2019op\u00e9ration de tractage qui a suivi sur le march\u00e9 hebdomadaire du vendredi.<\/p>\n<p class=\"fs-5 \">Muriel Fiol, par deux fois d\u00e9j\u00e0 candidate aux \u00e9lections municipales de Bandol en 2015 et 2020, aux \u00e9lections d\u00e9partementales et r\u00e9gionales, est t\u00eate de liste \u00ab Union pour le Beausset \u00bb aux \u00e9lections municipales de mars 2026. Leader d\u2019une liste d\u00e9j\u00e0 constitu\u00e9e, elle se pr\u00e9sente sous l\u2019\u00e9tiquette Rassemblement national (RN) qui l\u2019a investie avec l\u2019Union des droites (UDR).<\/p>\n<p class=\"fs-5 \">\u00c2g\u00e9e de 71 ans, la candidate, m\u00e9decin addictologue retrait\u00e9e, par ailleurs conseill\u00e8re r\u00e9gionale RN ; suppl\u00e9ante de Frank Giletti, d\u00e9put\u00e9e RN de la 6e circonscription du Var et attach\u00e9e parlementaire de Jo\u00eblle M\u00e9lin, d\u00e9put\u00e9e RN de la 9e circonscription des Bouches-du-Rh\u00f4ne, garde son \u00e9nergie et sa combativit\u00e9 intacte.<\/p>\n<p>                                                                                \u00ab Je veux prot\u00e9ger la jeunesse \u00bb<\/p>\n<p class=\"fs-5 \">\u00ab Bandol est une ville bien g\u00e9r\u00e9e, je ne vois pas pourquoi je m\u2019y pr\u00e9senterais de nouveau. Par contre, je ne vais pas m\u2019attarder sur le bilan de M. Friedler, le maire actuel, mais il n\u2019a que des promesses non tenues \u00e0 son actif. Son projet n\u2019est pas du tout conforme \u00e0 notre vision du Beausset \u00bb, tacle-t-elle.<\/p>\n<p class=\"fs-5 \">Parmi les priorit\u00e9s de Muriel Fiol : \u00ab r\u00e9gler les probl\u00e8mes d\u2019ins\u00e9curit\u00e9 qui minent Le Beausset, avance-t-elle. D\u00e9j\u00e0, nous allons rallumer les lumi\u00e8res, le soir en centre-ville pour que les cam\u00e9ras de vid\u00e9osurveillances filment autre chose que du noir. En parall\u00e8le, notre volont\u00e9 est d\u2019augmenter de 30 % l\u2019effectif de la police municipale, en mettant un accent particulier sur la police rurale, afin de ne pas laisser de quartiers excentr\u00e9s dans l\u2019isolement \u00bb.<\/p>\n<p class=\"fs-5 \">La candidate, que \u00ab l\u2019\u0153il exerc\u00e9 d\u2019ancienne vice-pr\u00e9sidente des m\u00e9decins addictologues lib\u00e9raux, ne trompe pas \u00bb, refuse par ailleurs \u00ab cat\u00e9goriquement la mainmise du narcotrafic qui est train de gangrener la ville. Je veux prot\u00e9ger notre jeunesse ! \u00bb, s\u2019exclame-t-elle.<\/p>\n<p>                                                                                Gestion saine, r\u00e9vision du Plan local d\u2019urbanisme<\/p>\n<p class=\"fs-5 \">Cela, avec des leviers d\u2019intervention procur\u00e9s par une gestion communale saine. Sa deuxi\u00e8me priorit\u00e9. \u00ab C\u2019est simple comme dans toutes les villes g\u00e9r\u00e9es par le RN : on n\u2019augmente pas les imp\u00f4ts et on diminue les frais de fonctionnement en copiant ce qui fonctionne ailleurs, comme \u00e0 Fr\u00e9jus par exemple \u00bb, \u00e9vacue-t-elle.<\/p>\n<p class=\"fs-5 \">Troisi\u00e8me priorit\u00e9 : \u00ab Il faut r\u00e9viser le Plan local d\u2019urbanisme de la commune. On ne peut pas changer la physionomie de la ville \u00e0 une telle vitesse. Il faut avancer d\u2019une mani\u00e8re progressive, consentie, avec une int\u00e9gration de la population dans les meilleures conditions, propose-t-elle. Sans oublier le probl\u00e8me de la traverser du Beausset par les camions et le projet de d\u00e9viation sur lequel nous seront vigilants \u00bb.<\/p>\n<p class=\"fs-5 \">Elle conclut : \u00ab Je n\u2019ai d\u2019animosit\u00e9 particuli\u00e8re contre personne. On va se battre projet contre projet. Ce seront les Beaussetans qui choisiront \u00bb.<\/p>\n<p class=\"fs-5 \">Info\u00a0: Muriel Fiol n\u2019ouvrira pas de permanence. Contact : 07.68.42.50.83.<\/p>\n","protected":false},"excerpt":{"rendered":"La s\u00e9curit\u00e9 en ligne de mire. Elle passe du littoral \u00e0 la plaine pour briguer l\u2019\u00e9charpe de maire&hellip;\n","protected":false},"author":2,"featured_media":653713,"comment_status":"","ping_status":"","sticky":false,"template":"","format":"standard","meta":{"footnotes":""},"categories":[9619],"tags":[1111,11,1777,674,1011,27,3434,12,882,25,2310],"class_list":{"0":"post-653712","1":"post","2":"type-post","3":"status-publish","4":"format-standard","5":"has-post-thumbnail","7":"category-toulon","8":"tag-actu","9":"tag-actualites","10":"tag-eu","11":"tag-europe","12":"tag-fr","13":"tag-france","14":"tag-municipales-2026","15":"tag-news","16":"tag-provence-alpes-cote-dazur","17":"tag-republique-francaise","18":"tag-toulon"},"share_on_mastodon":{"url":"https:\/\/pubeurope.com\/@fr\/115870229059441463","error":""},"_links":{"self":[{"href":"https:\/\/www.europesays.com\/fr\/wp-json\/wp\/v2\/posts\/653712","targetHints":{"allow":["GET"]}}],"collection":[{"href":"https:\/\/www.europesays.com\/fr\/wp-json\/wp\/v2\/posts"}],"about":[{"href":"https:\/\/www.europesays.com\/fr\/wp-json\/wp\/v2\/types\/post"}],"author":[{"embeddable":true,"href":"https:\/\/www.europesays.com\/fr\/wp-json\/wp\/v2\/users\/2"}],"replies":[{"embeddable":true,"href":"https:\/\/www.europesays.com\/fr\/wp-json\/wp\/v2\/comments?post=653712"}],"version-history":[{"count":0,"href":"https:\/\/www.europesays.com\/fr\/wp-json\/wp\/v2\/posts\/653712\/revisions"}],"wp:featuredmedia":[{"embeddable":true,"href":"https:\/\/www.europesays.com\/fr\/wp-json\/wp\/v2\/media\/653713"}],"wp:attachment":[{"href":"https:\/\/www.europesays.com\/fr\/wp-json\/wp\/v2\/media?parent=653712"}],"wp:term":[{"taxonomy":"category","embeddable":true,"href":"https:\/\/www.europesays.com\/fr\/wp-json\/wp\/v2\/categories?post=653712"},{"taxonomy":"post_tag","embeddable":true,"href":"https:\/\/www.europesays.com\/fr\/wp-json\/wp\/v2\/tags?post=653712"}],"curies":[{"name":"wp","href":"https:\/\/api.w.org\/{rel}","templated":true}]}}