{"id":653720,"date":"2026-01-10T10:05:09","date_gmt":"2026-01-10T10:05:09","guid":{"rendered":"https:\/\/www.europesays.com\/fr\/653720\/"},"modified":"2026-01-10T10:05:09","modified_gmt":"2026-01-10T10:05:09","slug":"15-000-foyers-toujours-sans-electricite-enedis-a-pied-doeuvre","status":"publish","type":"post","link":"https:\/\/www.europesays.com\/fr\/653720\/","title":{"rendered":"15 000 foyers toujours sans \u00e9lectricit\u00e9, Enedis \u00e0 pied d&rsquo;\u0153uvre"},"content":{"rendered":"<p>                    Par<br \/>\n        <strong><br \/>\n            <a href=\"https:\/\/actu.fr\/auteur\/fmass\" title=\"Consulter tous les articles de Fabien Massin\" target=\"_blank\" rel=\"noopener\">Fabien Massin<\/a><br \/>\n                    <\/strong><\/p>\n<p>        Publi\u00e9 le<\/p>\n<p>            10 janv. 2026 \u00e0 9h49        <\/p>\n<p>La Normandie, r\u00e9gion particuli\u00e8rement touch\u00e9e par la <a href=\"https:\/\/actu.fr\/meteo\/tempete-goretti-transports-degats-suivez-en-temps-reel-la-situation-en-seine-maritime_63673772.html\" target=\"_blank\" rel=\"noopener\">temp\u00eate Goretti<\/a>, et apr\u00e8s une semaine \u00e9galement marqu\u00e9e par la <a href=\"https:\/\/actu.fr\/meteo\/neige-et-verglas-a-rouen-et-au-havre-transports-circulation-qu-en-est-il-ce-mercredi_63661497.html\" target=\"_blank\" rel=\"noopener\">neige et le verglas<\/a>, peu \u00e0 peu retrouve ses trains, ses routes, et se reconnecte.\u00a0Samedi 10 f\u00e9vrier 2026 \u00e0 8 heures, <a href=\"https:\/\/actu.fr\/tag\/enedis\" target=\"_blank\" rel=\"noopener\">Enedis<\/a> informe avoir r\u00e9aliment\u00e9 3\/4 des foyers normands priv\u00e9s d\u2019\u00e9lectricit\u00e9 apr\u00e8s le passage de la temp\u00eate. En <a href=\"https:\/\/actu.fr\/normandie\/seine-maritime_76\" target=\"_blank\" rel=\"noopener\">Seine-Maritime<\/a>, 15 000 foyers sont encore en attente du retour du courant.\u00a0<\/p>\n<p>D\u2019importants moyens d\u00e9ploy\u00e9s<\/p>\n<p class=\" wall-content\">Le gestionnaire du r\u00e9seau de distribution d\u2019\u00e9lectricit\u00e9 en France explique : \u00ab\u00a0Enedis a d\u00e9clench\u00e9 sa Force d\u2019Intervention Rapide Electricit\u00e9 (FIRE), des techniciens en provenance de toute la France ayant rejoint les r\u00e9gions les plus impact\u00e9es.<strong> 3 000 techniciens dont 2 200 techniciens Enedis et 800 salari\u00e9s<\/strong> prestataires sont mobilis\u00e9s sur le terrain. Enedis a \u00e9galement renforc\u00e9 les effectifs de ses centres d\u2019appels et d\u00e9pannage (CAD), avec 850 conseillers client\u00e8le, tous bas\u00e9s en France, au service des clients.\u00a0\u00bb<\/p>\n<p>Rappel des r\u00e8gles de s\u00e9curit\u00e9 :<\/p>\n<p>\u2022 Ne jamais toucher \u00e0 des fils tomb\u00e9s \u00e0 terre,<br \/>\u2022 Nous signaler toute anomalie constat\u00e9e (fils \u00e9lectriques trop bas ou \u00e0 terre, poteaux endommag\u00e9s&#8230;),<br \/>\u2022 Ne jamais toucher \u00e0 un objet en contact avec une ligne \u00e9lectrique,<br \/>\u2022 Respecter les zones de danger balis\u00e9es<br \/>\u2022 En cas d\u2019utilisation d\u2019un groupe \u00e9lectrog\u00e8ne individuel, le placer \u00e0 l\u2019ext\u00e9rieur de l\u2019habitation et penser \u00e0<br \/>couper le disjoncteur.<\/p>\n<p>Si vous \u00eates face \u00e0 une situation d\u2019urgence, contactez le Centre d\u2019Appel D\u00e9pannage d\u2019Enedis au 09 726 750 + XX (ajouter les deux chiffres de votre d\u00e9partement). Le Centre d\u2019Appel D\u00e9pannage d\u2019Enedis est accessible 24h\/24 et 7 j\/7 par t\u00e9l\u00e9phone.<\/p>\n<p>Suivez l\u2019actualit\u00e9 de Rouen sur notre <a href=\"https:\/\/www.whatsapp.com\/channel\/0029VaKfnf99hXF2ddApFB1D\" target=\"_blank\" rel=\"noopener\">cha\u00eene WhatsApp<\/a> et sur <a href=\"https:\/\/www.tiktok.com\/@76actu.fr?lang=fr\" target=\"_blank\" rel=\"noopener\">notre compte TikTok<\/a>Suivez l\u2019actualit\u00e9 du Havre sur notre <a href=\"https:\/\/www.whatsapp.com\/channel\/0029VaFqJYE8aKvLBwVrEe0o\" target=\"_blank\" rel=\"noopener\">cha\u00eene WhatsApp<\/a> et sur <a href=\"https:\/\/www.tiktok.com\/@76actu.fr?lang=fr\" target=\"_blank\" rel=\"noopener\">notre compte TikTok<\/a><\/p>\n<p class=\" wall-content\">Personnalisez votre actualit\u00e9 en ajoutant vos villes et m\u00e9dias en favori avec <a href=\"https:\/\/moncompte.actu.fr\" title=\"D\u00e9couvez Mon Actu\" rel=\"nofollow noopener\" data-trk=\"{&quot;cta&quot;:{&quot;action&quot;:&quot;https:\\\/\\\/moncompte.actu.fr&quot;,&quot;category&quot;:&quot;mon compte&quot;,&quot;from&quot;:&quot;article footer&quot;,&quot;name&quot;:&quot;Mon actu&quot;,&quot;type&quot;:&quot;cta&quot;}}\" target=\"_blank\">Mon Actu<\/a>.<\/p>\n<p>                    <script async src=\"\/\/www.tiktok.com\/embed.js\"><\/script><\/p>\n","protected":false},"excerpt":{"rendered":"Par Fabien Massin Publi\u00e9 le 10 janv. 2026 \u00e0 9h49 La Normandie, r\u00e9gion particuli\u00e8rement touch\u00e9e par la temp\u00eate&hellip;\n","protected":false},"author":2,"featured_media":653721,"comment_status":"","ping_status":"","sticky":false,"template":"","format":"standard","meta":{"footnotes":""},"categories":[9587],"tags":[1111,11,3674,1777,674,1011,27,12,5161,25,9590,104,75296],"class_list":{"0":"post-653720","1":"post","2":"type-post","3":"status-publish","4":"format-standard","5":"has-post-thumbnail","7":"category-rouen","8":"tag-actu","9":"tag-actualites","10":"tag-enedis","11":"tag-eu","12":"tag-europe","13":"tag-fr","14":"tag-france","15":"tag-news","16":"tag-normandie","17":"tag-republique-francaise","18":"tag-rouen","19":"tag-societe","20":"tag-tempete-goretti"},"share_on_mastodon":{"url":"https:\/\/pubeurope.com\/@fr\/115870244782367978","error":""},"_links":{"self":[{"href":"https:\/\/www.europesays.com\/fr\/wp-json\/wp\/v2\/posts\/653720","targetHints":{"allow":["GET"]}}],"collection":[{"href":"https:\/\/www.europesays.com\/fr\/wp-json\/wp\/v2\/posts"}],"about":[{"href":"https:\/\/www.europesays.com\/fr\/wp-json\/wp\/v2\/types\/post"}],"author":[{"embeddable":true,"href":"https:\/\/www.europesays.com\/fr\/wp-json\/wp\/v2\/users\/2"}],"replies":[{"embeddable":true,"href":"https:\/\/www.europesays.com\/fr\/wp-json\/wp\/v2\/comments?post=653720"}],"version-history":[{"count":0,"href":"https:\/\/www.europesays.com\/fr\/wp-json\/wp\/v2\/posts\/653720\/revisions"}],"wp:featuredmedia":[{"embeddable":true,"href":"https:\/\/www.europesays.com\/fr\/wp-json\/wp\/v2\/media\/653721"}],"wp:attachment":[{"href":"https:\/\/www.europesays.com\/fr\/wp-json\/wp\/v2\/media?parent=653720"}],"wp:term":[{"taxonomy":"category","embeddable":true,"href":"https:\/\/www.europesays.com\/fr\/wp-json\/wp\/v2\/categories?post=653720"},{"taxonomy":"post_tag","embeddable":true,"href":"https:\/\/www.europesays.com\/fr\/wp-json\/wp\/v2\/tags?post=653720"}],"curies":[{"name":"wp","href":"https:\/\/api.w.org\/{rel}","templated":true}]}}