{"id":653722,"date":"2026-01-10T10:06:13","date_gmt":"2026-01-10T10:06:13","guid":{"rendered":"https:\/\/www.europesays.com\/fr\/653722\/"},"modified":"2026-01-10T10:06:13","modified_gmt":"2026-01-10T10:06:13","slug":"gap-terrasse-par-rouen-1-7","status":"publish","type":"post","link":"https:\/\/www.europesays.com\/fr\/653722\/","title":{"rendered":"Gap terrass\u00e9 par Rouen (1-7)"},"content":{"rendered":"<p itemprop=\"description\"><strong>Il n&rsquo;y a pas eu de miracle ce vendredi soir \u00e0 l&rsquo;Alp&rsquo;Arena.<\/strong><\/p>\n<p>Lanterne rouge de Ligue Magnus, Gap s&rsquo;est logiquement inclin\u00e9 face au leader Rouen.<\/p>\n<p>Les Rapaces ont pourtant tenu la cadence face aux Dragons. Men\u00e9s (0-2) dans le premier tiers, ils ont r\u00e9ussi \u00e0 ne pas encaisser de buts dans le deuxi\u00e8me.<\/p>\n<p>Mais le dernier tiers a \u00e9t\u00e9 un d\u00e9luge d&rsquo;attaques sur les cages gapen\u00e7aises. A force de plier, les Rapaces ont rompu (1-7).<\/p>\n<p>C&rsquo;est la 4e d\u00e9faite d&rsquo;affil\u00e9e pour Gap, qui ne parvient pas \u00e0 se remettre la t\u00eate \u00e0 l&rsquo;endroit cette saison.<\/p>\n<p>Le derby des Alpes \u00e0 Brian\u00e7on mardi sera-t-il l&rsquo;occasion de reprendre espoir ?<\/p>\n","protected":false},"excerpt":{"rendered":"Il n&rsquo;y a pas eu de miracle ce vendredi soir \u00e0 l&rsquo;Alp&rsquo;Arena. Lanterne rouge de Ligue Magnus, Gap&hellip;\n","protected":false},"author":2,"featured_media":653723,"comment_status":"","ping_status":"","sticky":false,"template":"","format":"standard","meta":{"footnotes":""},"categories":[9587],"tags":[1111,68669,11,7733,68664,68663,8279,650,7734,68673,1777,674,68676,1011,27,68675,1085,8280,68672,68670,1114,4662,68678,68671,12,5161,1825,68667,68674,68666,68665,68668,25,9590,68677,7053],"class_list":{"0":"post-653722","1":"post","2":"type-post","3":"status-publish","4":"format-standard","5":"has-post-thumbnail","7":"category-rouen","8":"tag-actu","9":"tag-actualite-hautes-alpes","10":"tag-actualites","11":"tag-alpes","12":"tag-alpes-1-gap","13":"tag-alpes-1-hautes-alpes","14":"tag-alpes1","15":"tag-cinema","16":"tag-ecoute","17":"tag-ecouter-alpes-1","18":"tag-eu","19":"tag-europe","20":"tag-evenements-hautes-alpes","21":"tag-fr","22":"tag-france","23":"tag-frequence-alpes-1","24":"tag-gap","25":"tag-haute","26":"tag-hits-hautes-alpes","27":"tag-info-hautes-alpes","28":"tag-infos","29":"tag-journal","30":"tag-meteo-hautes-alpes","31":"tag-musique-hautes-alpes","32":"tag-news","33":"tag-normandie","34":"tag-radio","35":"tag-radio-briancon","36":"tag-radio-en-ligne-hautes-alpes","37":"tag-radio-gap","38":"tag-radio-hautes-alpes","39":"tag-radio-locale-hautes-alpes","40":"tag-republique-francaise","41":"tag-rouen","42":"tag-sorties-hautes-alpes","43":"tag-sud"},"share_on_mastodon":{"url":"","error":"Validation failed: Text character limit of 500 exceeded"},"_links":{"self":[{"href":"https:\/\/www.europesays.com\/fr\/wp-json\/wp\/v2\/posts\/653722","targetHints":{"allow":["GET"]}}],"collection":[{"href":"https:\/\/www.europesays.com\/fr\/wp-json\/wp\/v2\/posts"}],"about":[{"href":"https:\/\/www.europesays.com\/fr\/wp-json\/wp\/v2\/types\/post"}],"author":[{"embeddable":true,"href":"https:\/\/www.europesays.com\/fr\/wp-json\/wp\/v2\/users\/2"}],"replies":[{"embeddable":true,"href":"https:\/\/www.europesays.com\/fr\/wp-json\/wp\/v2\/comments?post=653722"}],"version-history":[{"count":0,"href":"https:\/\/www.europesays.com\/fr\/wp-json\/wp\/v2\/posts\/653722\/revisions"}],"wp:featuredmedia":[{"embeddable":true,"href":"https:\/\/www.europesays.com\/fr\/wp-json\/wp\/v2\/media\/653723"}],"wp:attachment":[{"href":"https:\/\/www.europesays.com\/fr\/wp-json\/wp\/v2\/media?parent=653722"}],"wp:term":[{"taxonomy":"category","embeddable":true,"href":"https:\/\/www.europesays.com\/fr\/wp-json\/wp\/v2\/categories?post=653722"},{"taxonomy":"post_tag","embeddable":true,"href":"https:\/\/www.europesays.com\/fr\/wp-json\/wp\/v2\/tags?post=653722"}],"curies":[{"name":"wp","href":"https:\/\/api.w.org\/{rel}","templated":true}]}}