{"id":653724,"date":"2026-01-10T10:08:16","date_gmt":"2026-01-10T10:08:16","guid":{"rendered":"https:\/\/www.europesays.com\/fr\/653724\/"},"modified":"2026-01-10T10:08:16","modified_gmt":"2026-01-10T10:08:16","slug":"isere-le-festival-contes-au-cafe-revient-pour-une-4e-edition-a-grenoble-voiron-et-en-matheysine","status":"publish","type":"post","link":"https:\/\/www.europesays.com\/fr\/653724\/","title":{"rendered":"Is\u00e8re. Le festival Contes au caf\u00e9 revient pour\u00a0une 4e \u00e9dition \u00e0 Grenoble, Voiron et en Matheysine"},"content":{"rendered":"<p>L\u2019association Conte \u00e0 la clef propose <a href=\"https:\/\/www.ledauphine.com\/culture-loisirs\/2025\/01\/14\/isere-grenoble-voiron-trieves-en-fevrier-venez-vous-blottir-dans-les-cafes-pour-deguster-une-belle-histoire\" target=\"_blank\" rel=\"noopener\">cette ann\u00e9e encore<\/a> de faire r\u00e9sonner les histoires au comptoir\u00a0dans les caf\u00e9s du d\u00e9partement\u00a0:<\/p>\n<p>&#8211; \u00c0 Grenoble du 2 au 8\u00a0f\u00e9vrier<\/p>\n<p>&#8211; \u00c0 Voiron du 11 au 14\u00a0f\u00e9vrier<\/p>\n<p>&#8211; En Matheysine du 18 au 22\u00a0f\u00e9vrier<\/p>\n<p>Le principe reste le m\u00eame\u00a0: 30 minutes de contes, 30 minutes d\u2019entracte pour faire un tour ou boire un verre, et 30 minutes de contes \u00e0 nouveau.<\/p>\n<p>  Une \u00e9dition enrichie<\/p>\n<p>Cette 4e \u00e9dition s\u2019annonce riche avec notamment 22 \u00e9v\u00e9nements sur Grenoble. Certains font partie de l\u2019aventure depuis la premi\u00e8re \u00e9dition, comme La Cafteuse quartier Championnet ou Le Caf\u00e9 v\u00e9lo quartier Saint-Bruno.<\/p>\n<p>D\u2019autres lieux rejoignent cette ann\u00e9e cette grande tourn\u00e9e des contes, comme le caf\u00e9-restaurant l\u2019Atypik, quartier de l\u2019Alma, <a href=\"https:\/\/www.ledauphine.com\/economie\/2025\/01\/21\/isere-grenoble-le-restaurant-l-atypik-sauve-grace-a-une-vague-de-soutien\" target=\"_blank\" rel=\"noopener\">qui travaille autour de l\u2019inclusion professionnelle autour des personnes avec autisme<\/a>.<\/p>\n<p>Il y aura des racont\u00e9es pour l\u2019heure du th\u00e9, d\u2019autres \u00e0 l\u2019heure de l\u2019ap\u00e9ro, toutes les g\u00e9n\u00e9rations y sont les bienvenues, mais \u00e0 noter que les histoires ne s\u2019adressent pas sp\u00e9cifiquement aux enfants.<\/p>\n<p>Deux s\u00e9ances sont tout de m\u00eame d\u00e9di\u00e9es aux familles\u00a0: le vendredi 6\u00a0f\u00e9vrier de 18\u00a0h\u00a015 \u00e0 19\u00a0h au Caf\u00e9 du Nord (6 place Claveyson) et le samedi 7\u00a0f\u00e9vrier \u00e0 15\u00a0h\u00a030 au L\u00eeeu (17 rue Abb\u00e9-Gr\u00e9goire), avec un jus de pomme chaud offert \u00e0 la fin.<\/p>\n<p>  Et si vous nous racontiez une histoire\u00a0?<\/p>\n<p>Pour celles et ceux qui souhaitent s\u2019essayer au conte, une sc\u00e8ne ouverte les attend pour clore l\u2019\u00e9dition grenobloise\u00a0: rendez-vous le dimanche 8\u00a0f\u00e9vrier au Caf\u00e9 des arts (36 rue Saint Laurent), les inscriptions se font sur place \u00e0 16\u00a0heures. Tous les niveaux sont les bienvenus et les histoires peuvent durer jusque 10 minutes. Mais attention, qui dit \u00ab\u00a0conter\u00a0\u00bb ne dit pas lire\u00a0!<\/p>\n<p>Un texte ou une chanson \u00e0 partager\u00a0? Un autre moment convivial aura lieu le samedi 7\u00a0f\u00e9vrier de 10\u00a0h \u00e0 12\u00a0h \u00e0 la Machinerie (11 rue des Peupliers), avec le cercle de conte anim\u00e9 par l\u2019association Conte \u00e0 la clef. Chacun est invit\u00e9 \u00e0 partager sa blague pr\u00e9f\u00e9r\u00e9e, un texte qu\u2019il a \u00e9crit ou qu\u2019il a aim\u00e9 lire, une comptine d\u2019enfance, ou son dernier tube pr\u00e9f\u00e9r\u00e9\u00a0: cette fois-ci on savoure ensemble les mots sous toutes leurs formes.<\/p>\n<p class=\"note\">Le programme est \u00e0 retrouver sur le site <a href=\"http:\/\/www.contealaclef.fr\" target=\"_blank\" rel=\"noopener\">www.contealaclef.fr<\/a>\u00a0<\/p>\n","protected":false},"excerpt":{"rendered":"L\u2019association Conte \u00e0 la clef propose cette ann\u00e9e encore de faire r\u00e9sonner les histoires au comptoir\u00a0dans les caf\u00e9s&hellip;\n","protected":false},"author":2,"featured_media":653725,"comment_status":"","ping_status":"","sticky":false,"template":"","format":"standard","meta":{"footnotes":""},"categories":[9566],"tags":[1111,11,2430,4406,1687,33,112,113,114,1777,674,1011,27,2731,108,25266,27566,12,4043,25,104,953,3140,1631,7831],"class_list":{"0":"post-653724","1":"post","2":"type-post","3":"status-publish","4":"format-standard","5":"has-post-thumbnail","7":"category-grenoble","8":"tag-actu","9":"tag-actualites","10":"tag-auvergne-rhone-alpes","11":"tag-commerce-et-services","12":"tag-culture-loisirs","13":"tag-economie","14":"tag-edition-grenoble-agglomeration","15":"tag-edition-gresivaudan-oisans","16":"tag-edition-voiron-saint-marcellin","17":"tag-eu","18":"tag-europe","19":"tag-fr","20":"tag-france","21":"tag-grenoble","22":"tag-isere","23":"tag-la-mure","24":"tag-matheysine","25":"tag-news","26":"tag-repas-et-the-dansant","27":"tag-republique-francaise","28":"tag-societe","29":"tag-soiree","30":"tag-spectacle","31":"tag-vie-associative","32":"tag-voiron"},"share_on_mastodon":{"url":"https:\/\/pubeurope.com\/@fr\/115870256580146806","error":""},"_links":{"self":[{"href":"https:\/\/www.europesays.com\/fr\/wp-json\/wp\/v2\/posts\/653724","targetHints":{"allow":["GET"]}}],"collection":[{"href":"https:\/\/www.europesays.com\/fr\/wp-json\/wp\/v2\/posts"}],"about":[{"href":"https:\/\/www.europesays.com\/fr\/wp-json\/wp\/v2\/types\/post"}],"author":[{"embeddable":true,"href":"https:\/\/www.europesays.com\/fr\/wp-json\/wp\/v2\/users\/2"}],"replies":[{"embeddable":true,"href":"https:\/\/www.europesays.com\/fr\/wp-json\/wp\/v2\/comments?post=653724"}],"version-history":[{"count":0,"href":"https:\/\/www.europesays.com\/fr\/wp-json\/wp\/v2\/posts\/653724\/revisions"}],"wp:featuredmedia":[{"embeddable":true,"href":"https:\/\/www.europesays.com\/fr\/wp-json\/wp\/v2\/media\/653725"}],"wp:attachment":[{"href":"https:\/\/www.europesays.com\/fr\/wp-json\/wp\/v2\/media?parent=653724"}],"wp:term":[{"taxonomy":"category","embeddable":true,"href":"https:\/\/www.europesays.com\/fr\/wp-json\/wp\/v2\/categories?post=653724"},{"taxonomy":"post_tag","embeddable":true,"href":"https:\/\/www.europesays.com\/fr\/wp-json\/wp\/v2\/tags?post=653724"}],"curies":[{"name":"wp","href":"https:\/\/api.w.org\/{rel}","templated":true}]}}