{"id":653726,"date":"2026-01-10T10:09:38","date_gmt":"2026-01-10T10:09:38","guid":{"rendered":"https:\/\/www.europesays.com\/fr\/653726\/"},"modified":"2026-01-10T10:09:38","modified_gmt":"2026-01-10T10:09:38","slug":"pourquoi-des-trains-sont-retardes-ce-jeudi-sur-une-ligne-ferroviaire-tres-frequentee-en-ille-et-vilaine","status":"publish","type":"post","link":"https:\/\/www.europesays.com\/fr\/653726\/","title":{"rendered":"Pourquoi des trains sont retard\u00e9s ce jeudi sur une ligne ferroviaire tr\u00e8s fr\u00e9quent\u00e9e en Ille-et-Vilaine"},"content":{"rendered":"<p>Les cons\u00e9quences de la vague de froid ne sont pas tout \u00e0 fait termin\u00e9es en Bretagne. Ce jeudi 8 janvier 2026, depuis 7 h 30, la circulation des trains est perturb\u00e9e sur la ligne Rennes &#8211; Vitr\u00e9. \u00ab Un c\u00e2ble d\u2019alimentation a rompu \u00e0 cause du gel, explique la SNCF. Les r\u00e9parations sont en cours. \u00bb<\/p>\n<p>Si quelques trains ont \u00e9t\u00e9 annul\u00e9s, la circulation est maintenue sur une voie. \u00ab Les trains circulent, mais il faut compter entre 5 et 35 minutes de retard \u00bb. La SNCF esp\u00e8re pouvoir r\u00e9tablir compl\u00e8tement le trafic d\u2019ici la fin de matin\u00e9e.<\/p>\n","protected":false},"excerpt":{"rendered":"Les cons\u00e9quences de la vague de froid ne sont pas tout \u00e0 fait termin\u00e9es en Bretagne. Ce jeudi&hellip;\n","protected":false},"author":2,"featured_media":653727,"comment_status":"","ping_status":"","sticky":false,"template":"","format":"standard","meta":{"footnotes":""},"categories":[2821],"tags":[1111,11,829,21017,1777,674,1011,27,848,12,584,25],"class_list":{"0":"post-653726","1":"post","2":"type-post","3":"status-publish","4":"format-standard","5":"has-post-thumbnail","7":"category-rennes","8":"tag-actu","9":"tag-actualites","10":"tag-bretagne","11":"tag-deplacements-a-rennes","12":"tag-eu","13":"tag-europe","14":"tag-fr","15":"tag-france","16":"tag-ille-et-vilaine","17":"tag-news","18":"tag-rennes","19":"tag-republique-francaise"},"share_on_mastodon":{"url":"https:\/\/pubeurope.com\/@fr\/115870260406205073","error":""},"_links":{"self":[{"href":"https:\/\/www.europesays.com\/fr\/wp-json\/wp\/v2\/posts\/653726","targetHints":{"allow":["GET"]}}],"collection":[{"href":"https:\/\/www.europesays.com\/fr\/wp-json\/wp\/v2\/posts"}],"about":[{"href":"https:\/\/www.europesays.com\/fr\/wp-json\/wp\/v2\/types\/post"}],"author":[{"embeddable":true,"href":"https:\/\/www.europesays.com\/fr\/wp-json\/wp\/v2\/users\/2"}],"replies":[{"embeddable":true,"href":"https:\/\/www.europesays.com\/fr\/wp-json\/wp\/v2\/comments?post=653726"}],"version-history":[{"count":0,"href":"https:\/\/www.europesays.com\/fr\/wp-json\/wp\/v2\/posts\/653726\/revisions"}],"wp:featuredmedia":[{"embeddable":true,"href":"https:\/\/www.europesays.com\/fr\/wp-json\/wp\/v2\/media\/653727"}],"wp:attachment":[{"href":"https:\/\/www.europesays.com\/fr\/wp-json\/wp\/v2\/media?parent=653726"}],"wp:term":[{"taxonomy":"category","embeddable":true,"href":"https:\/\/www.europesays.com\/fr\/wp-json\/wp\/v2\/categories?post=653726"},{"taxonomy":"post_tag","embeddable":true,"href":"https:\/\/www.europesays.com\/fr\/wp-json\/wp\/v2\/tags?post=653726"}],"curies":[{"name":"wp","href":"https:\/\/api.w.org\/{rel}","templated":true}]}}