{"id":653732,"date":"2026-01-10T10:13:17","date_gmt":"2026-01-10T10:13:17","guid":{"rendered":"https:\/\/www.europesays.com\/fr\/653732\/"},"modified":"2026-01-10T10:13:17","modified_gmt":"2026-01-10T10:13:17","slug":"il-est-lombre-de-lui-meme-marc-keller-nechappe-pas-aux-critiques-dans-la-crise-strasbourgeoise","status":"publish","type":"post","link":"https:\/\/www.europesays.com\/fr\/653732\/","title":{"rendered":"\u00ab\u00a0Il est l\u2019ombre de lui-m\u00eame\u00a0\u00bb\u2026 Marc Keller n\u2019\u00e9chappe pas aux critiques dans la crise strasbourgeoise"},"content":{"rendered":"<p>A Strasbourg, la gueule de bois en ce d\u00e9but d\u2019ann\u00e9e\u00a02026 n\u2019est pas due \u00e0 une \u00e9ventuelle consommation excessive de Gewurztraminer pendant les f\u00eates. C\u2019est plut\u00f4t la faute \u00e0 une goutte d\u2019eau, celle de trop dans le mar\u00e9cage de la multipropri\u00e9t\u00e9\u00a0: le <a href=\"https:\/\/www.20minutes.fr\/sport\/football\/ligue-1\/4194545-20260106-racing-club-strasbourg-liam-rosenior-officialise-depart-chelsea-pouvait-dire-non\" class=\"c-link c-link--is-underlined\" target=\"_blank\" rel=\"noopener\">d\u00e9part de l\u2019entra\u00eeneur Liam Rosenior \u00e0 Chelsea<\/a> pour remplacer au pied lev\u00e9 le d\u00e9missionnaire Enzo Maresca. Mont\u00e9 au front en septembre dernier face \u00e0 la fronde des supporters contre le syst\u00e8me mis en place par BlueCo, le coach anglais avait d\u00e9fendu son int\u00e9grit\u00e9 et son attachement au Racing. Le voil\u00e0 parti en trois jours pour le club amiral du consortium am\u00e9ricain, sans que le pr\u00e9sident Marc Keller puisse avoir son mot \u00e0 dire.<\/p>\n<p>Retour de bommerang<\/p>\n<p>Le boss strasbourgeois se trouve d\u00e9sormais seul en premi\u00e8re ligne. Et le vent souffle tr\u00e8s fort, et de face. Lui aussi avait <a href=\"https:\/\/www.lequipe.fr\/Football\/Actualites\/Marc-keller-president-de-strasbourg-attaquer-l-institution-le-projet-et-notre-capitaine-c-est-inacceptable\/1594552\" target=\"_blank\" class=\"c-link c-link--is-underlined\" rel=\"noopener\">d\u00e9fendu pied \u00e0 pied le projet il y a trois mois<\/a>, insistant sur le fait que le Racing n\u2019\u00e9tait \u00ab\u00a0pas un club nourricier, mais le petit fr\u00e8re, ce qui tr\u00e8s profitable\u00a0\u00bb. Il avait \u00e9galement pris des sanctions contre les supporters frondeurs, trois associations se retrouvant sous le coup de mesures restrictives concernant les banderoles, l\u2019acc\u00e8s aux locaux ou la billetterie. Le retour de boomerang est violent.<\/p>\n<p>Dans un communiqu\u00e9 publi\u00e9 mardi, la F\u00e9d\u00e9ration des supporters du Racing (FSRCS), l\u2019organe qui regroupe les principales sections de fans, a appel\u00e9 Keller \u00e0 la d\u00e9mission. Alexandre, l\u2019un de ses porte-parole, d\u00e9taille\u00a0:<\/p>\n<p>\u00ab\u00a0On lui reproche deux choses. D\u2019abord, de ne pas \u00eatre capable de faire sa part du job, qui consistait \u00e0 d\u00e9fendre les int\u00e9r\u00eats de Strasbourg dans ce montage. C\u2019\u00e9tait le deal qui avait \u00e9t\u00e9 annonc\u00e9 au d\u00e9part, en juin\u00a02023. Il devait jouer ce r\u00f4le de garant, faire en sorte que tout le travail qui avait \u00e9t\u00e9 effectu\u00e9 avant soit pr\u00e9serv\u00e9. Il en est incapable. La deuxi\u00e8me chose, c\u2019est une s\u00e9rie d\u2019enfumages, voire de mensonges caract\u00e9ris\u00e9s, depuis septembre\u00a02024. On est pass\u00e9s de \u00ab\u00a0je garde les commandes\u00a0\u00bb \u00e0 des \u00e9changes compl\u00e8tement lunaires o\u00f9 il s\u2019engage sur une chose lors d\u2019une r\u00e9union avant de revenir sur tout ce qu\u2019il a dit \u00e0 la suivante tout simplement parce que \u00e7a n\u2019a pas \u00e9t\u00e9 autoris\u00e9 par son actionnaire.\u00a0\u00bb<\/p>\n<p class=\"mb-m@xs text-l@xs\">En cliquant sur\u00ab J\u2019accepte \u00bb, vous acceptez le d\u00e9p\u00f4t de cookies par des services externes et aurez ainsi acc\u00e8s aux contenus de nos partenaires.<\/p>\n<p class=\"mb-xl@xs text-s@xs\">Plus d\u2019informations sur la page<a href=\"https:\/\/www.20minutes.fr\/gestion-cookies\" class=\"mx-xxs@xs color-ultramarine\" target=\"_blank\" rel=\"noopener\">Politique de gestion des cookies<\/a><\/p>\n<p>J\u2019accepte<\/p>\n<p>La rupture est consomm\u00e9e, il n\u2019y aura pas de retour en arri\u00e8re. L\u2019influence r\u00e9elle de Keller n\u2019est m\u00eame plus un sujet pour les supporters. V\u00e9n\u00e9r\u00e9 depuis son retour aux affaires en\u00a02012, alors que le club \u00e9tait tomb\u00e9 au niveau amateur, lui l\u2019Alsacien d\u2019origine, chouchou de la Meinau de\u00a01991 \u00e0\u00a01996, ne convainc plus. \u00ab\u00a0ll y a eu des dizaines d\u2019heures d\u2019\u00e9changes avec lui, et on l\u2019a vu au fur et \u00e0 mesure se d\u00e9liter, se contredire et aujourd\u2019hui, il est au bout de sa vie, fustige Alexandre. Moi je l\u2019ai vu trois fois entre d\u00e9but novembre et d\u00e9but d\u00e9cembre, il est l\u2019ombre de lui-m\u00eame. Quand il rencontre les supporters, il ne parle plus que de trois choses\u00a0: du pass\u00e9, de lui-m\u00eame, et d\u2019argent.\u00a0\u00bb<\/p>\n<p>Keller n\u2019entend pas d\u00e9missionner<\/p>\n<p>L\u2019ancien milieu offensif se trouve dans une position intenable, \u00e0 la fois pr\u00e9sident \u2013 et donc responsable \u2013 mais non-d\u00e9cisionnaire en bout de cha\u00eene. C\u2019est d\u2019ailleurs cette ambigu\u00eft\u00e9 qui suscite la col\u00e8re des supporters strasbourgeois. Plus encore qu\u2019\u00eatre devenu un club vassal de <a href=\"https:\/\/www.20minutes.fr\/sport\/chelsea\/\" class=\"c-link c-link--is-underlined\" target=\"_blank\" rel=\"noopener\">Chelsea<\/a>, c\u2019est qu\u2019on ait voulu leur faire croire que ce n\u2019\u00e9tait pas le cas qui les met en rogne. L\u2019ex-capitaine du club C\u00e9dric Kant\u00e9 ne peut que constater\u00a0:<\/p>\n<blockquote class=\"mx-m@xs mx-xxl@md color-ultramarine c-citation\">\n<p class=\"font-weight-regular@xs text-italic font-source-serif-pro text-l@xs c-citation__content\">\u00ab\u00a0Le timing du d\u00e9part de Rosenior est emb\u00eatant. On peut dire que c\u2019est une pierre dans le jardin du pr\u00e9sident. Je ne sais pas si lui, il est positif et optimiste sur la suite avec le choix de ce nouveau coach (Gary O\u2019Neil) ou si \u00e7a pose un probl\u00e8me plus large de projet. Mais si on prend un peu de recul, malheureusement c\u2019est le business. On sait tr\u00e8s bien que quand vous avez des personnes ext\u00e9rieures qui mettent de l\u2019argent, c\u2019est eux qui vont d\u00e9cider de tout.\u00a0\u00bb<\/p>\n<\/blockquote>\n<p>L\u2019ancien d\u00e9fenseur du <a href=\"https:\/\/www.20minutes.fr\/sport\/rc_strasbourg\/\" class=\"c-link c-link--is-underlined\" target=\"_blank\" rel=\"noopener\">Racing <\/a>(2000-2006) ne veut pas enfoncer Keller, qui subit simplement selon lui la loi du plus fort. \u00ab\u00a0Il conna\u00eet sa mission. C\u2019\u00e9tait pour le bien du club, au d\u00e9part, de trouver des investisseurs, d\u00e9fend-il. Et quand on en trouve, on est forc\u00e9ment moins central dans les d\u00e9cisions, et donc il y a des choses qu\u2019on subit, qu\u2019on aurait fait diff\u00e9remment.\u00a0\u00bb Pour lui, un changement \u00e0 la t\u00eate du Racing ne r\u00e9glerait rien. De son c\u00f4t\u00e9, la FSRCS n\u2019en d\u00e9mord pas.<\/p>\n<p>\u00ab\u00a0Ce n\u2019est pas un r\u00e8glement de compte, on pense juste qu\u2019il devrait partir. \u00c7a devient presque plus un conseil qu\u2019une injonction\u00a0\u00bb, observe son porte-parole. Pr\u00e9sent en conf\u00e9rence de presse mercredi aux c\u00f4t\u00e9s du nouveau coach anglais, l\u2019int\u00e9ress\u00e9 a r\u00e9pondu qu\u2019une d\u00e9mission ne lui avait \u00ab\u00a0pas effleur\u00e9 l\u2019esprit\u00a0\u00bb. Il en a profit\u00e9, \u00e9galement, pour tenter de restaurer son autorit\u00e9. \u00ab\u00a0Je ne suis plus l\u2019ultime d\u00e9cideur mais je suis le pr\u00e9sident du club au quotidien. Il n\u2019y a pas eu beaucoup de d\u00e9cisions que je n\u2019ai pas prises\u00a0\u00bb, a-t-il ainsi assur\u00e9, intimant \u00e0 chacun de \u00ab\u00a0rester \u00e0 sa place\u00a0\u00bb.<\/p>\n<p><img decoding=\"async\" alt=\"Marc Keller en conf\u00e9rence de presse \u00e0 la Meinau le 7 janvier 2026. \" class=\"c-img\" loading=\"lazy\" fetchpriority=\"auto\" width=\"718\"  src=\"https:\/\/img.20mn.fr\/gOVM9r8pT1W55iQSt4ASTyk\/718x0\" \/>Marc Keller en conf\u00e9rence de presse \u00e0 la Meinau le 7 janvier 2026. \u2002-\u00a0ROMEO BOETZLE \/ AFP<\/p>\n<p>\u00ab\u00a0Son d\u00e9part, \u00e7a arrivera de toute fa\u00e7on. Si c\u2019est pas cette fois ce sera la prochaine, c\u2019est la suite logique des \u00e9v\u00e9nements\u00a0\u00bb, r\u00e9pond le repr\u00e9sentant des supporters, qui met en avant l\u2019absence de r\u00e9action des \u00e9lites locales \u00e0 leur communiqu\u00e9, contrairement au mois de septembre. \u00ab\u00a0Tous ceux qui l\u2019ont soutenu activement et ouvertement se terrent dans un silence un peu g\u00ean\u00e9 aujourd\u2019hui\u00a0\u00bb, remarque-t-il.<\/p>\n<p>Contact\u00e9e, l\u2019Eurom\u00e9tropole de Strasbourg, propri\u00e9taire du stade de la Meinau dont elle finance la plus grande partie des travaux de r\u00e9novation (76\u00a0millions d\u2019euros sur les 160 au total), n\u2019a pu nous r\u00e9pondre que par un communiqu\u00e9. Sa pr\u00e9sidente Pia Imbs (Centre) fait savoir que la collectivit\u00e9 \u00ab\u00a0poursuivra son soutien au pr\u00e9sident Marc Keller et au club dans le cadre du d\u00e9veloppement ambitieux engag\u00e9 ces derni\u00e8res ann\u00e9es\u00a0\u00bb.<\/p>\n<p>Jean-Philippe Vetter, candidat LR aux prochaines municipales et proche du pr\u00e9sident depuis\u00a02014, a en revanche d\u00e9croch\u00e9 son t\u00e9l\u00e9phone pour clamer sa fid\u00e9lit\u00e9. \u00ab\u00a0J\u2019essaie d\u2019avoir la m\u00e9moire longue, explique-t-il. Je veux bien qu\u2019on m\u2019explique que la multipropri\u00e9t\u00e9 c\u2019est l\u2019enfer, mais je ne pense pas que l\u2019absence d\u2019investisseurs soit le paradis. Je comprends les supporters, ils sont l\u00e0 pour d\u00e9fendre l\u2019\u00e2me et l\u2019identit\u00e9 du club. La multipropri\u00e9t\u00e9 a ses d\u00e9fauts, on vient d\u2019en vivre les cons\u00e9quences, mais elle a aussi du bon, parce que \u00e7a permet d\u2019injecter de l\u2019argent et de faire rayonner notre club. Gardons de la mesure. Marc Keller n\u2019a pas tous les pouvoirs, c\u2019est \u00e9vident, mais citez-moi un pr\u00e9sident de club qui les a. Et on ne pourra jamais lui reprocher de ne pas avoir l\u2019int\u00e9r\u00eat g\u00e9n\u00e9ral du club chevill\u00e9 au corps.\u00a0\u00bb<\/p>\n<p>La strat\u00e9gie BlueCo<\/p>\n<p>Et si Marc Keller partait, quel profil pourrait mieux faire l\u2019affaire, selon les supporters\u00a0? \u00ab\u00a0Que BlueCo fasse des \u00e9conomies et ne mette personne \u00e0 sa place. \u00c7a dissiperait l\u2019hypocrisie\u00a0\u00bb, r\u00e9pond Alexandre. La FSRCS ne se fait de toute fa\u00e7on plus d\u2019illusions depuis longtemps. Son porte-parole nous renvoie \u00e0 la seule prise de parole du patron de BlueCo, Behdad Eghbali, sur sa vision de la mutipropri\u00e9t\u00e9.<\/p>\n<p>C\u2019\u00e9tait en\u00a02022, lors d\u2019une conf\u00e9rence \u00ab\u00a0Invest in Sports\u00a0\u00bb. On y entend le milliardaire irano-am\u00e9ricain vanter le concept de \u00ab\u00a0farm teams\u00a0\u00bb (\u00ab\u00a0\u00e9quipes p\u00e9pini\u00e8res\u00a0\u00bb, en VF) pour mieux g\u00e9rer les co\u00fbts, d\u00e9velopper des talents (avec des march\u00e9s int\u00e9ressants comme la France ou l\u2019Afrique) et cr\u00e9er des synergies, tout en d\u00e9fendant les Ligues ferm\u00e9es comme ce qui se fait aux Etats-Unis avec la NBA ou la NFL. \u00ab\u00a0Son projet c\u2019est \u00e7a et il l\u2019applique de A \u00e0 Z, c\u2019est tout\u00a0\u00bb, conclut Alexandre.<\/p>\n<p>Toujours bas\u00e9 \u00e0 Strasbourg, sa ville natale, C\u00e9dric Kant\u00e9 veut quant \u00e0 lui essayer d\u2019avancer, \u00ab\u00a0avec les bons et les mauvais c\u00f4t\u00e9s\u00a0\u00bb. \u00ab\u00a0Le Racing, on m\u2019en parle tous les jours, raconte-t-il. M\u00eame parmi les gens qui \u00e9taient plut\u00f4t pour ce projet, il n\u2019y en avait aucun assez na\u00eff pour penser qu\u2019il n\u2019y aurait que du positif et jamais de soucis.\u00a0\u00bb<\/p>\n<p>Dans tout \u00e7a, c\u2019est l\u2019identit\u00e9 profonde du Racing, club historique tomb\u00e9 dans un gouffe avant de rena\u00eetre sur la derni\u00e8re d\u00e9cennie, qui est \u00e9galement questionn\u00e9e. Et m\u00eame celle de notre championnat de clubs si la multipropri\u00e9t\u00e9 continue de prosp\u00e9rer, comme le craint le regroupement des supporters strasbourgeois en col\u00e8re.<\/p>\n","protected":false},"excerpt":{"rendered":"A Strasbourg, la gueule de bois en ce d\u00e9but d\u2019ann\u00e9e\u00a02026 n\u2019est pas due \u00e0 une \u00e9ventuelle consommation excessive&hellip;\n","protected":false},"author":2,"featured_media":653733,"comment_status":"","ping_status":"","sticky":false,"template":"","format":"standard","meta":{"footnotes":""},"categories":[2820],"tags":[1111,11,2389,2649,11871,1777,674,63,1011,27,775,66,12,4448,25,517,640],"class_list":{"0":"post-653732","1":"post","2":"type-post","3":"status-publish","4":"format-standard","5":"has-post-thumbnail","7":"category-strasbourg","8":"tag-actu","9":"tag-actualites","10":"tag-alsace","11":"tag-bas-rhin","12":"tag-chelsea","13":"tag-eu","14":"tag-europe","15":"tag-football","16":"tag-fr","17":"tag-france","18":"tag-grand-est","19":"tag-ligue-1","20":"tag-news","21":"tag-rc-strasbourg","22":"tag-republique-francaise","23":"tag-sport","24":"tag-strasbourg"},"share_on_mastodon":{"url":"https:\/\/pubeurope.com\/@fr\/115870276469028321","error":""},"_links":{"self":[{"href":"https:\/\/www.europesays.com\/fr\/wp-json\/wp\/v2\/posts\/653732","targetHints":{"allow":["GET"]}}],"collection":[{"href":"https:\/\/www.europesays.com\/fr\/wp-json\/wp\/v2\/posts"}],"about":[{"href":"https:\/\/www.europesays.com\/fr\/wp-json\/wp\/v2\/types\/post"}],"author":[{"embeddable":true,"href":"https:\/\/www.europesays.com\/fr\/wp-json\/wp\/v2\/users\/2"}],"replies":[{"embeddable":true,"href":"https:\/\/www.europesays.com\/fr\/wp-json\/wp\/v2\/comments?post=653732"}],"version-history":[{"count":0,"href":"https:\/\/www.europesays.com\/fr\/wp-json\/wp\/v2\/posts\/653732\/revisions"}],"wp:featuredmedia":[{"embeddable":true,"href":"https:\/\/www.europesays.com\/fr\/wp-json\/wp\/v2\/media\/653733"}],"wp:attachment":[{"href":"https:\/\/www.europesays.com\/fr\/wp-json\/wp\/v2\/media?parent=653732"}],"wp:term":[{"taxonomy":"category","embeddable":true,"href":"https:\/\/www.europesays.com\/fr\/wp-json\/wp\/v2\/categories?post=653732"},{"taxonomy":"post_tag","embeddable":true,"href":"https:\/\/www.europesays.com\/fr\/wp-json\/wp\/v2\/tags?post=653732"}],"curies":[{"name":"wp","href":"https:\/\/api.w.org\/{rel}","templated":true}]}}