{"id":653734,"date":"2026-01-10T10:14:09","date_gmt":"2026-01-10T10:14:09","guid":{"rendered":"https:\/\/www.europesays.com\/fr\/653734\/"},"modified":"2026-01-10T10:14:09","modified_gmt":"2026-01-10T10:14:09","slug":"voici-ou-manger-les-meilleurs-kebabs-dans-les-alpes-maritimes-selon-ce-site-specialise","status":"publish","type":"post","link":"https:\/\/www.europesays.com\/fr\/653734\/","title":{"rendered":"voici o\u00f9 manger les meilleurs kebabs dans les Alpes-Maritimes selon ce site sp\u00e9cialis\u00e9"},"content":{"rendered":"<p>                    Par<br \/>\n        <strong><br \/>\n            <a href=\"https:\/\/actu.fr\/auteur\/arthur-frand\" title=\"Consulter tous les articles de Arthur Frand\" target=\"_blank\" rel=\"noopener\">Arthur Frand<\/a><br \/>\n                    <\/strong><\/p>\n<p>        Publi\u00e9 le<\/p>\n<p>            10 janv. 2026 \u00e0 9h54        <\/p>\n<p>Vous cherchez \u00e0 d\u00e9guster le meilleur kebab\u2009? Ce n\u2019est pas toujours simple. Si la plupart des kebabs se trouver dans la moiti\u00e9 nord de l\u2019Hexagone, une adresse se <strong>distingue \u00e0 <a href=\"https:\/\/actu.fr\/nice\/\" target=\"_blank\" rel=\"noopener\">Nice<\/a><\/strong>, dans les <a href=\"https:\/\/actu.fr\/provence-alpes-cote-d-azur\/alpes-maritimes_06\" target=\"_blank\" rel=\"noopener\">Alpes-Maritimes<\/a> cette ann\u00e9e. Le site sp\u00e9cialis\u00e9, kebab-frites.com, a d\u00e9voil\u00e9 son classement des <strong>meilleurs \u00e9tablissements<\/strong> dans chaque d\u00e9partement pour l\u2019ann\u00e9e 2026.<\/p>\n<p>    <a href=\"https:\/\/www.google.com\/maps\/embed?pb=!1m18!1m12!1m3!1d3479.8435079630367!2d7.255353475411781!3d43.705649837391654!2m3!1f0!2f0!3f0!3m2!1i1024!2i768!4f13.1!3m3!1m2!1s0x12cdd0066191154d%3A0x2cfe4385a530da9b!2s2%20Rue%20Miollis%2C%2006000%20Nice!5e0!3m2!1sfr!2sfr!4v1767802968724!5m2!1sfr!2sfr\" title=\"Ouvrie le lien\" target=\"_blank\" rel=\"noopener\">Cliquez ici pour visualiser le contenu<\/a><\/p>\n<p class=\" wall-content\">Voici le top\u00a010 des meilleurs kebabs des Alpes-Maritimes selon ce site sp\u00e9cialis\u00e9.<\/p>\n<p>Le Miam\u2019s Food dans le Top\u00a050 des meilleurs kebabs<\/p>\n<p class=\" wall-content\">Plusieurs adresses sont possibles pour acheter un kebab de qualit\u00e9 dans la capitale azur\u00e9enne. Les appr\u00e9ciations peuvent aussi varier selon les ingr\u00e9dients, la viande et les m\u00e9thodes employ\u00e9es.<\/p>\n<p class=\" wall-content\">Mais selon le site <a href=\"https:\/\/www.kebab-frites.com\/meilleur-kebab\/alpes-maritimes-d95.html\" target=\"_blank\" rel=\"noopener\">kebab-frites.com<\/a>, c\u2019est au Miam\u2019s Food, 2 rue Miollis, que se trouve le <strong>meilleur kebab<\/strong> de Nice et du d\u00e9partement.\u00a0Celui-ci est not\u00e9 <strong>6 \u00e9toiles sur 6<\/strong>. Nuance tout de m\u00eame, seulement quatre notations ont \u00e9t\u00e9 attribu\u00e9es par les clients. Ils ne s\u2019y sont pas tromp\u00e9s\u2009: sur Google, l\u2019enseigne est not\u00e9e 4,9\/5 et les avis, plus de 300, sont tr\u00e8s positifs.<\/p>\n<p>Voici les dix meilleurs kebabs de Nice\u2009:<\/p>\n<p class=\" wall-content\">Toujours selon le site, trois adresses ni\u00e7oises figurent dans le Top\u00a010 des meilleurs kebabs des Alpes-Maritimes cette ann\u00e9e.<\/p>\n<ul class=\" wall-content\">\n<li>1er\u2009: <strong>Miam\u2019s Food<\/strong>, 2 rue Miollis<\/li>\n<li>2e\u2009: <strong>Snack Le People<\/strong>, 1 porte de l\u2019Adous \u00e0 Sophia-Antipolis<\/li>\n<li>3e\u2009: <strong>Premier Kebap,<\/strong> 29 boulevard de la R\u00e9publique \u00e0 Beausoleil<\/li>\n<li>4e\u2009: <strong>Ephese K\u00e9bab<\/strong>, 1 avenue des oliviers \u00e0 Cagnes-sur-Mer<\/li>\n<li>5e\u2009: <strong>Chez Anne-So<\/strong>, 47 avenue Francis-Tonner \u00e0 Cannes<\/li>\n<li>6e\u2009:<strong> D\u00e9lices de Turquie<\/strong>, 32b rue de France<\/li>\n<li>7e\u2009: <strong>Restaurant Istanbul, <\/strong>7 avenue Cernuschi \u00e0 Menton<\/li>\n<li>8e\u2009:<strong> St Jean Kebab<\/strong>, 28 rue Trachel<\/li>\n<li>9e\u2009: <strong>Rapid\u2019Sandwich<\/strong>, boulevard de la Plage \u00e0 Cagnes-sur-Mer<\/li>\n<li>10e\u2009: <strong>Must Kebab<\/strong>, 85 boulevard de la R\u00e9publique \u00e0 Cannes<\/li>\n<\/ul>\n<p>Votre r\u00e9gion, votre actu !<\/p>\n<p>Recevez chaque jour les infos qui comptent pour vous.<\/p>\n<p>\t<a href=\"https:\/\/actu.fr\/newsletter\" class=\"ac-btn ac-btn--corner ac-btn--medium ac-btn--blue800\" target=\"_blank\" rel=\"noopener\">S&rsquo;incrire<\/a><\/p>\n<p class=\" wall-content\">Dans les Alpes-Maritimes, \u00ab\u2009People\u2009\u00bb, \u00e0 Sophia-Antipolis est la deuxi\u00e8me meilleure adresse pour acheter un kebab dans le d\u00e9partement apr\u00e8s Miams\u2019Food.<\/p>\n<p>Les crit\u00e8res de s\u00e9lection<\/p>\n<p class=\" wall-content\">Ce classement est \u00e9tabli selon les notes attribu\u00e9es par les clients sur <strong>diff\u00e9rents crit\u00e8res<\/strong>\u2009: l\u2019accueil, la fra\u00eecheur des produits, les sauces, les frites, la quantit\u00e9, l\u2019hygi\u00e8ne, les crudit\u00e9s, la viande, le pain et le rapport qualit\u00e9\/prix. Toutes les adresses n\u2019ont pas le m\u00eame nombre de notes.<\/p>\n<p class=\" wall-content\">Personnalisez votre actualit\u00e9 en ajoutant vos villes et m\u00e9dias en favori avec <a href=\"https:\/\/moncompte.actu.fr\" title=\"D\u00e9couvez Mon Actu\" rel=\"nofollow noopener\" data-trk=\"{&quot;cta&quot;:{&quot;action&quot;:&quot;https:\\\/\\\/moncompte.actu.fr&quot;,&quot;category&quot;:&quot;mon compte&quot;,&quot;from&quot;:&quot;article footer&quot;,&quot;name&quot;:&quot;Mon actu&quot;,&quot;type&quot;:&quot;cta&quot;}}\" target=\"_blank\">Mon Actu<\/a>.<\/p>\n","protected":false},"excerpt":{"rendered":"Par Arthur Frand Publi\u00e9 le 10 janv. 2026 \u00e0 9h54 Vous cherchez \u00e0 d\u00e9guster le meilleur kebab\u2009? Ce&hellip;\n","protected":false},"author":2,"featured_media":653735,"comment_status":"","ping_status":"","sticky":false,"template":"","format":"standard","meta":{"footnotes":""},"categories":[2819],"tags":[1111,11,1777,674,1011,27,12,2401,882,25,1340,104,10479],"class_list":{"0":"post-653734","1":"post","2":"type-post","3":"status-publish","4":"format-standard","5":"has-post-thumbnail","7":"category-nice","8":"tag-actu","9":"tag-actualites","10":"tag-eu","11":"tag-europe","12":"tag-fr","13":"tag-france","14":"tag-news","15":"tag-nice","16":"tag-provence-alpes-cote-dazur","17":"tag-republique-francaise","18":"tag-restaurant","19":"tag-societe","20":"tag-street-food"},"share_on_mastodon":{"url":"https:\/\/pubeurope.com\/@fr\/115870280243609710","error":""},"_links":{"self":[{"href":"https:\/\/www.europesays.com\/fr\/wp-json\/wp\/v2\/posts\/653734","targetHints":{"allow":["GET"]}}],"collection":[{"href":"https:\/\/www.europesays.com\/fr\/wp-json\/wp\/v2\/posts"}],"about":[{"href":"https:\/\/www.europesays.com\/fr\/wp-json\/wp\/v2\/types\/post"}],"author":[{"embeddable":true,"href":"https:\/\/www.europesays.com\/fr\/wp-json\/wp\/v2\/users\/2"}],"replies":[{"embeddable":true,"href":"https:\/\/www.europesays.com\/fr\/wp-json\/wp\/v2\/comments?post=653734"}],"version-history":[{"count":0,"href":"https:\/\/www.europesays.com\/fr\/wp-json\/wp\/v2\/posts\/653734\/revisions"}],"wp:featuredmedia":[{"embeddable":true,"href":"https:\/\/www.europesays.com\/fr\/wp-json\/wp\/v2\/media\/653735"}],"wp:attachment":[{"href":"https:\/\/www.europesays.com\/fr\/wp-json\/wp\/v2\/media?parent=653734"}],"wp:term":[{"taxonomy":"category","embeddable":true,"href":"https:\/\/www.europesays.com\/fr\/wp-json\/wp\/v2\/categories?post=653734"},{"taxonomy":"post_tag","embeddable":true,"href":"https:\/\/www.europesays.com\/fr\/wp-json\/wp\/v2\/tags?post=653734"}],"curies":[{"name":"wp","href":"https:\/\/api.w.org\/{rel}","templated":true}]}}