{"id":653738,"date":"2026-01-10T10:16:25","date_gmt":"2026-01-10T10:16:25","guid":{"rendered":"https:\/\/www.europesays.com\/fr\/653738\/"},"modified":"2026-01-10T10:16:25","modified_gmt":"2026-01-10T10:16:25","slug":"cette-ville-de-loire-atlantique-recompense-le-savoir-faire-dapprentis-et-dartisans","status":"publish","type":"post","link":"https:\/\/www.europesays.com\/fr\/653738\/","title":{"rendered":"Cette ville de Loire-Atlantique r\u00e9compense le savoir-faire d\u2019apprentis et d\u2019artisans"},"content":{"rendered":"<p>                    Par<br \/>\n        <strong><br \/>\n            <a href=\"https:\/\/actu.fr\/auteur\/laurent-fortin\" title=\"Consulter tous les articles de Laurent Fortin\" target=\"_blank\" rel=\"noopener\">Laurent Fortin<\/a><br \/>\n                    <\/strong><\/p>\n<p>        Publi\u00e9 le<\/p>\n<p>            9 janv. 2026 \u00e0 17h57        <\/p>\n<p>Comme chaque ann\u00e9e, la municipalit\u00e9 de <a href=\"https:\/\/actu.fr\/pays-de-la-loire\/vertou_44215\" target=\"_blank\" rel=\"noopener\"><b>Vertou <\/b><\/a>tient \u00e0 saluer <b>ceux qui excellent dans leur formation.<\/b> Mais pour 2025, \u00e0 c\u00f4t\u00e9 des <b>jeunes qui se sont distingu\u00e9s lors des concours des meilleurs apprentis<\/b>, il y avait des adultes, devenus <b>ma\u00eetres artisans.<\/b> Une nouveaut\u00e9 pour mieux mettre en avant <b>\u00ab\u2009la qualit\u00e9 professionnelle vertavienne\u2009\u00bb.<\/b><\/p>\n<blockquote class=\"ac-article-quote wall-content\">\n<p>La grande majorit\u00e9 des ma\u00eetres artisans ont commenc\u00e9 comme apprenti, il y a donc un lien. Comme il y a une filiation entre les deux\u2009: celle du travail, de l\u2019effort et de l\u2019opini\u00e2tret\u00e9. Tout \u00e7a fait sens.<\/p>\n<p>Rodolphe Amailland, maire<\/p><\/blockquote>\n<p class=\" wall-content\">La ville a donc remis des cadeaux \u00e0 quatre jeunes qui ont obtenu des m\u00e9dailles en tant que meilleur apprenti.<\/p>\n<p class=\" wall-content\">C\u2019\u00e9tait le cas de Timot\u00e9 Bailleul, m\u00e9daill\u00e9 de bronze d\u00e9partemental pour la r\u00e9alisation <b>d\u2019un accroche-guidon \u00e0 mettre sur les v\u00e9los, motos<\/b> et <b>trottinettes \u00e9lectriques <\/b>pour rappeler<b> les mesures de s\u00e9curit\u00e9 routi\u00e8re propre \u00e0 leurs engins<\/b>. L\u2019ancien \u00e9l\u00e8ve du <a href=\"https:\/\/www.la-joliverie.com\/etablissements\/nantes-pole-des-arts-graphiques\/\" target=\"_blank\" rel=\"noopener\">p\u00f4le arts graphiques du lyc\u00e9e de la Joliverie<\/a> a obtenu en juin dernier son <b>bac professionnel dans la sp\u00e9cialit\u00e9 des produits imprim\u00e9s et multim\u00e9dias<\/b>. Et m\u00eame s\u2019il s\u2019est r\u00e9orient\u00e9 en int\u00e9grant une \u00e9cole du sport (<a href=\"https:\/\/www.irss.fr\/nos-ecoles\/irss-nantes\/\" target=\"_blank\" rel=\"noopener\">IRSS \u00e0 Nantes<\/a>), il se sert aussi de ses facult\u00e9s pour r\u00e9aliser <b>des documents qui font sensation, <\/b>notamment des posters des stars du ping fran\u00e7ais.<\/p>\n<p class=\" wall-content\">Swann Cholet, 17\u00a0ans, a aussi \u00e9t\u00e9 mis \u00e0 l\u2019honneur. Cet \u00e9l\u00e8ve des<a href=\"https:\/\/compagnonsdutourdefrance.org\/\" target=\"_blank\" rel=\"noopener\"> Compagnons du Tour de France<\/a> a, en effet, d\u00e9croch\u00e9 <b>la m\u00e9daille d\u2019argent d\u00e9partementale<\/b>, comme apprenti peintre applicateur de rev\u00eatement, lorsqu\u2019il \u00e9tait chez <a href=\"https:\/\/www.grandlieu.fr\/annuaire-des-entreprises\/df-peintre-decorateur\" target=\"_blank\" rel=\"noopener\">DF Peintre d\u00e9corateur.<\/a> Il a depuis \u00e9volu\u00e9 en brevet professionnel et chang\u00e9 de formateur passant chez <a href=\"https:\/\/www.lescouleursdubatiment.com\/\" target=\"_blank\" rel=\"noopener\">Couleur du b\u00e2timent<\/a>, entreprise vertavienne.<\/p>\n<p>Vid\u00e9os : en ce moment sur Actu<\/p>\n<p class=\" wall-content\"><b>Les deux derniers meilleurs apprentis \u00e0 \u00eatre r\u00e9compens\u00e9s sont des techniciens d\u2019usinage<\/b>, inscrits \u00e0 la Joliverie. Si Marius Picard, absent de la c\u00e9r\u00e9monie,<b> a d\u00e9croch\u00e9 l\u2019or au niveau d\u00e9partemental et l\u2019argent au niveau r\u00e9gional,<\/b> Allan Talbot, a obtenu l\u2019or, lors de ces deux concours en r\u00e9alisant \u00e0 la perfection un bocal pour le liquide de frein moto. Un double prix qui le laisse en lice pour le concours national.<\/p>\n<p>Votre r\u00e9gion, votre actu !<\/p>\n<p>Recevez chaque jour les infos qui comptent pour vous.<\/p>\n<p>\t<a href=\"https:\/\/actu.fr\/newsletter\" class=\"ac-btn ac-btn--corner ac-btn--medium ac-btn--blue800\" target=\"_blank\" rel=\"noopener\">S&rsquo;incrire<\/a><br \/>\nTrois artisans distingu\u00e9s<\/p>\n<p class=\" wall-content\">Nouveaut\u00e9 cette ann\u00e9e, avec la remise de r\u00e9compenses (montre, bouteilles de vin\u2026) \u00e0 trois <b>ma\u00eetres artisans. <\/b>Des dirigeants de commerces ou de soci\u00e9t\u00e9s artisanales qui ont aussi commenc\u00e9 par \u00eatre apprenti. \u00c0 l\u2019instar de <a href=\"https:\/\/www.loirand-sylvain-carrelage-faience-44.fr\/?utm_source=gmb\" target=\"_blank\" rel=\"noopener\">Sylvain Loirand, carreleur mosa\u00efste,<\/a> g\u00e9rant d\u2019une entreprise \u00e9ponyme, route de Clisson depuis 2012 apr\u00e8s \u00eatre parti de Rez\u00e9, qui<b> compte 8\u00a0personnes <\/b>dont un apprenti.<\/p>\n<p class=\" wall-content\">Olivier Duret est, quant \u00e0 lui, <b>boulanger<\/b>. Sa boutique, qu\u2019il a reprise en 2013, apr\u00e8s avoir \u00e9t\u00e9 salari\u00e9, est situ\u00e9e au Ch\u00eane (l<a href=\"https:\/\/www.facebook.com\/100071086088067\/posts\/751128965751295\/\" target=\"_blank\" rel=\"noopener\">es Douceurs du Ch\u00eane<\/a>). Celui qui compte 5 collaborateurs, dont une apprentie en p\u00e2tisserie, est r\u00e9put\u00e9 pour son flan qui lui a valu une m\u00e9daille de bronze d\u00e9partementale en 2021.<\/p>\n<p class=\" wall-content\">Enfin, <a href=\"https:\/\/www.facebook.com\/p\/Boucherie-Allion-100057233178503\/?locale=fr_FR\" target=\"_blank\" rel=\"noopener\">David Allion, boucher<\/a> rue Charles Lecour, a aussi \u00e9t\u00e9 distingu\u00e9e. Celui qui est pr\u00e9sident d\u00e9partemental de la conf\u00e9d\u00e9ration fran\u00e7aise de la boucherie-charcuterie et de traiteurs et co-pr\u00e9sident de la<a href=\"https:\/\/www.facebook.com\/p\/F%C3%A9d%C3%A9ration-de-la-boucherie-de-Loire-Atlantique-61551356950642\/?locale=fr_FR\" target=\"_blank\" rel=\"noopener\"> F\u00e9d\u00e9ration de la boucherie de Loire-Atlantique<\/a>, sait aussi s\u2019engager pour son m\u00e9tier. Comme un peu tous \u00e0 leur niveau.<\/p>\n<p class=\" wall-content\">Personnalisez votre actualit\u00e9 en ajoutant vos villes et m\u00e9dias en favori avec <a href=\"https:\/\/moncompte.actu.fr\" title=\"D\u00e9couvez Mon Actu\" rel=\"nofollow noopener\" data-trk=\"{&quot;cta&quot;:{&quot;action&quot;:&quot;https:\\\/\\\/moncompte.actu.fr&quot;,&quot;category&quot;:&quot;mon compte&quot;,&quot;from&quot;:&quot;article footer&quot;,&quot;name&quot;:&quot;Mon actu&quot;,&quot;type&quot;:&quot;cta&quot;}}\" target=\"_blank\">Mon Actu<\/a>.<\/p>\n","protected":false},"excerpt":{"rendered":"Par Laurent Fortin Publi\u00e9 le 9 janv. 2026 \u00e0 17h57 Comme chaque ann\u00e9e, la municipalit\u00e9 de Vertou tient&hellip;\n","protected":false},"author":2,"featured_media":653739,"comment_status":"","ping_status":"","sticky":false,"template":"","format":"standard","meta":{"footnotes":""},"categories":[2818],"tags":[1111,11,1477,215,1777,674,1011,27,766,12,2636,25,104,2900],"class_list":{"0":"post-653738","1":"post","2":"type-post","3":"status-publish","4":"format-standard","5":"has-post-thumbnail","7":"category-nantes","8":"tag-actu","9":"tag-actualites","10":"tag-artisanat","11":"tag-commerce","12":"tag-eu","13":"tag-europe","14":"tag-fr","15":"tag-france","16":"tag-nantes","17":"tag-news","18":"tag-pays-de-la-loire","19":"tag-republique-francaise","20":"tag-societe","21":"tag-vignoble-nantais"},"share_on_mastodon":{"url":"https:\/\/pubeurope.com\/@fr\/115870288075303699","error":""},"_links":{"self":[{"href":"https:\/\/www.europesays.com\/fr\/wp-json\/wp\/v2\/posts\/653738","targetHints":{"allow":["GET"]}}],"collection":[{"href":"https:\/\/www.europesays.com\/fr\/wp-json\/wp\/v2\/posts"}],"about":[{"href":"https:\/\/www.europesays.com\/fr\/wp-json\/wp\/v2\/types\/post"}],"author":[{"embeddable":true,"href":"https:\/\/www.europesays.com\/fr\/wp-json\/wp\/v2\/users\/2"}],"replies":[{"embeddable":true,"href":"https:\/\/www.europesays.com\/fr\/wp-json\/wp\/v2\/comments?post=653738"}],"version-history":[{"count":0,"href":"https:\/\/www.europesays.com\/fr\/wp-json\/wp\/v2\/posts\/653738\/revisions"}],"wp:featuredmedia":[{"embeddable":true,"href":"https:\/\/www.europesays.com\/fr\/wp-json\/wp\/v2\/media\/653739"}],"wp:attachment":[{"href":"https:\/\/www.europesays.com\/fr\/wp-json\/wp\/v2\/media?parent=653738"}],"wp:term":[{"taxonomy":"category","embeddable":true,"href":"https:\/\/www.europesays.com\/fr\/wp-json\/wp\/v2\/categories?post=653738"},{"taxonomy":"post_tag","embeddable":true,"href":"https:\/\/www.europesays.com\/fr\/wp-json\/wp\/v2\/tags?post=653738"}],"curies":[{"name":"wp","href":"https:\/\/api.w.org\/{rel}","templated":true}]}}