{"id":653746,"date":"2026-01-10T10:20:10","date_gmt":"2026-01-10T10:20:10","guid":{"rendered":"https:\/\/www.europesays.com\/fr\/653746\/"},"modified":"2026-01-10T10:20:10","modified_gmt":"2026-01-10T10:20:10","slug":"chutes-de-neige-dans-les-pyrenees-leur-bus-est-bloque-50-etudiants-de-toulouse-se-retrouvent-naufrages-de-la-route","status":"publish","type":"post","link":"https:\/\/www.europesays.com\/fr\/653746\/","title":{"rendered":"Chutes de neige dans les Pyr\u00e9n\u00e9es\u00a0: leur bus est bloqu\u00e9, 50 \u00e9tudiants de Toulouse se retrouvent naufrag\u00e9s de la route"},"content":{"rendered":"<p>\n                                                                    l&rsquo;essentiel<br \/>\n                                                                Un bus transportant une cinquantaine d\u2019\u00e9tudiants toulousains, s\u2019est retrouv\u00e9 bloqu\u00e9 par les importantes chutes de neige tomb\u00e9es sur les Pyr\u00e9n\u00e9es, dans le sud de la Haute-Garonne, vendredi soir.\n                            <\/p>\n<p>Les importantes chutes de neige dans le sud de la Haute-Garonne ont eu raison de sa progression. Vers 22h15, vendredi 9\u00a0janvier 2026, les sapeurs-pompiers sont intervenus sur la commune de Saint-Aventin suite \u00e0 un incident avec un bus.<\/p>\n<p>Rapatri\u00e9s sur Luchon<\/p>\n<p>Garni d\u2019une cinquantaine d\u2019\u00e9tudiants \u00ab\u00a0\u00e2g\u00e9s de 20 \u00e0 25 ans\u00a0\u00bb selon les secours, l\u2019engin qui venait de Toulouse s\u2019est retrouv\u00e9 bloqu\u00e9 sur la route (D 618), perturbant fortement la circulation. Cette derni\u00e8re a \u00e9t\u00e9 interrompue dans les deux sens pour des raisons de s\u00e9curit\u00e9.<\/p>\n<p>Afin de permettre aux passagers, indemnes, d\u2019atteindre leur destination finale (la station de Peyragudes\u00a0?), un second bus a \u00e9t\u00e9 d\u00e9p\u00each\u00e9. Mais face aux conditions m\u00e9t\u00e9orologiques difficiles, les gendarmes ont finalement pr\u00e9f\u00e9r\u00e9 faire redescendre\u00a0les deux engins vers la commune de Bagn\u00e8res-de-Luchon afin que les passagers soient pris en charge dans des conditions s\u00e9curis\u00e9es.<\/p>\n","protected":false},"excerpt":{"rendered":"l&rsquo;essentiel Un bus transportant une cinquantaine d\u2019\u00e9tudiants toulousains, s\u2019est retrouv\u00e9 bloqu\u00e9 par les importantes chutes de neige tomb\u00e9es&hellip;\n","protected":false},"author":2,"featured_media":653747,"comment_status":"","ping_status":"","sticky":false,"template":"","format":"standard","meta":{"footnotes":""},"categories":[2816],"tags":[1111,11,1777,674,1011,27,329,2722,71962,15882,12,2680,25,75680,2312],"class_list":{"0":"post-653746","1":"post","2":"type-post","3":"status-publish","4":"format-standard","5":"has-post-thumbnail","7":"category-toulouse","8":"tag-actu","9":"tag-actualites","10":"tag-eu","11":"tag-europe","12":"tag-fr","13":"tag-france","14":"tag-france-monde","15":"tag-haute-garonne","16":"tag-intempu00e9ries","17":"tag-mu00e9tu00e9o","18":"tag-news","19":"tag-occitanie","20":"tag-republique-francaise","21":"tag-saintaventin","22":"tag-toulouse"},"share_on_mastodon":{"url":"https:\/\/pubeurope.com\/@fr\/115870303782462166","error":""},"_links":{"self":[{"href":"https:\/\/www.europesays.com\/fr\/wp-json\/wp\/v2\/posts\/653746","targetHints":{"allow":["GET"]}}],"collection":[{"href":"https:\/\/www.europesays.com\/fr\/wp-json\/wp\/v2\/posts"}],"about":[{"href":"https:\/\/www.europesays.com\/fr\/wp-json\/wp\/v2\/types\/post"}],"author":[{"embeddable":true,"href":"https:\/\/www.europesays.com\/fr\/wp-json\/wp\/v2\/users\/2"}],"replies":[{"embeddable":true,"href":"https:\/\/www.europesays.com\/fr\/wp-json\/wp\/v2\/comments?post=653746"}],"version-history":[{"count":0,"href":"https:\/\/www.europesays.com\/fr\/wp-json\/wp\/v2\/posts\/653746\/revisions"}],"wp:featuredmedia":[{"embeddable":true,"href":"https:\/\/www.europesays.com\/fr\/wp-json\/wp\/v2\/media\/653747"}],"wp:attachment":[{"href":"https:\/\/www.europesays.com\/fr\/wp-json\/wp\/v2\/media?parent=653746"}],"wp:term":[{"taxonomy":"category","embeddable":true,"href":"https:\/\/www.europesays.com\/fr\/wp-json\/wp\/v2\/categories?post=653746"},{"taxonomy":"post_tag","embeddable":true,"href":"https:\/\/www.europesays.com\/fr\/wp-json\/wp\/v2\/tags?post=653746"}],"curies":[{"name":"wp","href":"https:\/\/api.w.org\/{rel}","templated":true}]}}