{"id":653748,"date":"2026-01-10T10:21:14","date_gmt":"2026-01-10T10:21:14","guid":{"rendered":"https:\/\/www.europesays.com\/fr\/653748\/"},"modified":"2026-01-10T10:21:14","modified_gmt":"2026-01-10T10:21:14","slug":"aux-abattoirs-lepopee-pop-de-jean-charles-de-castelbajac-lexpress","status":"publish","type":"post","link":"https:\/\/www.europesays.com\/fr\/653748\/","title":{"rendered":"aux Abattoirs, l\u2019\u00e9pop\u00e9e pop de Jean-Charles de Castelbajac \u2013 L&rsquo;Express"},"content":{"rendered":"<p class=\"paragraph article-body-paragraph article__item   article-body-paragraph--first \">Il a habill\u00e9 Isabelle Adjani, Farrah Fawcett, Jean-Paul II, Vanessa Paradis ou encore Lady Gaga ; collabor\u00e9 avec les ic\u00f4nes de l\u2019underground new-yorkais Keith Haring, Andy Warhol et Jean-Michel Basquiat, mais aussi avec plusieurs trublions tricolores comme Semp\u00e9, Topor, Ben et Combas ; r\u00e9alis\u00e9 des fresques, des collages, des dessins ; design\u00e9 du mobilier et customis\u00e9 des objets du quotidien ; bouscul\u00e9 son \u00e9poque en fa\u00e7onnant des v\u00eatements-sculptures \u00e0 partir d\u2019une accumulation de nounours, de lunettes de soleil ou de p\u00e2tes alimentaires ; orn\u00e9 ses cr\u00e9ations textiles de textes emprunt\u00e9s \u00e0 la litt\u00e9rature, de Proust \u00e0 Cocteau, de G\u00e9rard de Nerval \u00e0 Simone de Beauvoir. <\/p>\n<p class=\"paragraph article-body-paragraph article__item   \">Le travail du boomer Jean-Charles de Castelbajac, inventeur de la robe-livre, du pull Snoopy ou de la vaisselle camouflage, est pluriel, sans fronti\u00e8res. Chez lui, depuis toujours, le stylisme et l\u2019art ne font qu\u2019un. Il les entrem\u00eale dans un joyeux charivari de couleurs primaires, autant inspir\u00e9 par les histoires chevaleresques qui ont berc\u00e9 son enfance que par l\u2019iconographie de la pop culture.<\/p>\n<p><img decoding=\"async\" src=\"https:\/\/www.europesays.com\/fr\/wp-content\/uploads\/2026\/01\/Y6VLKWF62VAAHKULGHJUQ3NACU.jpg\" class=\"image-with-legend__cover-img\" alt=\"Abattoirs, Toulouse\" width=\"883\" height=\"0\" loading=\"lazy\"\/><\/p>\n<p class=\"image-with-legend__legend\">L&rsquo;artiste a sign\u00e9 quantit\u00e9 d&rsquo;\u0153uvres graphiques, dont nombre d&rsquo;in\u00e9dits que l&rsquo;on d\u00e9couvre ici.<\/p>\n<p class=\"image-with-legend__credits\"> \/ \u00a9 JBE Books, Paris, 2026 et les Abattoirs, Muse\u0301e &#8211; Frac Occitanie Toulouse, photos Marc Domage<\/p>\n<p class=\"paragraph article-body-paragraph article__item   \">Petit, d\u00e9j\u00e0, il \u00e9difiait des forteresses \u00e0 l\u2019aide d\u2019\u00e9l\u00e9ments d\u00e9tourn\u00e9s. Dans les internats catholiques, o\u00f9 il a tra\u00een\u00e9 ses gu\u00eatres de 6 \u00e0 17 ans, il se r\u00eavait un destin \u00e0 part, o\u00f9 de l\u2019indiscipline il ferait une discipline. C\u2019est d\u2019ailleurs \u00e0 partir de sa couverture de pensionnaire qu\u2019en 1968, lib\u00e9r\u00e9 de ses obligations scolaires, Jean-Charles de Castelbajac, 18 ans, a r\u00e9alis\u00e9, dans l\u2019atelier de couture de sa m\u00e8re \u00e0 Limoges, le manteau qui allait lui donner un nom. Cette premi\u00e8re pi\u00e8ce de mode, par laquelle tout a commenc\u00e9, est expos\u00e9e aujourd\u2019hui, parmi des centaines d\u2019autres, au mus\u00e9e des Abattoirs de Toulouse qui offre une carte blanche au cr\u00e9ateur, sous le commissariat de Lauriane Gricourt et Julien Michel. Elle raconte la hardiesse d\u2019un touche-\u00e0-tout, annon\u00e7ant, sans le savoir, ce qu\u2019on qualifierait plus tard d\u2019upcycling, flirtant, en l\u2019ignorant aussi, avec les exp\u00e9rimentations de l\u2019arte povera ou des nouveaux r\u00e9alistes. \u00ab\u00a0J\u2019ai toujours eu une affection particuli\u00e8re pour les mat\u00e9riaux pauvres, les tissages bruts, \u00e0 l\u2019aspect rude, d\u2019origine incontr\u00f4l\u00e9e, parfois issus de d\u00e9chets textiles\u00a0\u00bb, confie-t-il. <\/p>\n<p class=\"paragraph article-body-paragraph article__item   \">Pour donner vie \u00e0 cette Imagination au pouvoir, intitul\u00e9 de la carte blanche, Pauline de Castelbajac, la femme de l\u2019artiste styliste, a jou\u00e9 les archivistes, inventoriant et triant tout ce qui a constitu\u00e9 pr\u00e8s de soixante ann\u00e9es de cr\u00e9ation prot\u00e9iforme. Une t\u00e2che titanesque qui a notamment permis d\u2019exhumer quantit\u00e9 d\u2019\u0153uvres graphiques, alliant mots, motifs, formes d\u00e9coup\u00e9es et photographies, dont plusieurs sont montr\u00e9es ici pour la premi\u00e8re fois. D\u00e9couper et coller reste pour Castelbajac un outil de \u00ab\u00a0libert\u00e9 totale\u00a0\u00bb, qu\u2019en bon h\u00e9ritier du dada\u00efsme, il appelle sa \u00ab\u00a0r\u00e9bellion\u00a0\u00bb. <\/p>\n<p><img decoding=\"async\" src=\"https:\/\/www.europesays.com\/fr\/wp-content\/uploads\/2026\/01\/E4ZQD2YTMNHJPDUZMMBG4VW5BU.jpg\" class=\"image-with-legend__cover-img\" alt=\"Abattoirs, Toulouse\" width=\"883\" height=\"0\" loading=\"lazy\"\/><\/p>\n<p class=\"image-with-legend__legend\">Lady Gaga, habill\u00e9e par Jean-Charles de Castelbajac, dans le clip de \u00ab\u00a0Telephone\u00a0\u00bb (2010).<\/p>\n<p class=\"image-with-legend__credits\"> \/ \u00a9 Photo RR<\/p>\n<p class=\"paragraph article-body-paragraph article__item   \">A 76 ans, loin d\u2019avoir tir\u00e9 sa r\u00e9v\u00e9rence, il continue d\u2019\u0153uvrer aux c\u00f4t\u00e9s d\u2019artistes de la jeune g\u00e9n\u00e9ration, \u00e0 l\u2019instar du collectif de designers Hall Haus, avec lequel il vient de signer une s\u00e9rie de chaises, ou le compositeur de musique \u00e9lectronique Vladimir Cauchemar, \u00e0 qui on doit l\u2019envo\u00fbtante bande-son de l\u2019exposition toulousaine. Il y a un peu plus d\u2019un an, on d\u00e9couvrait les parements liturgiques imagin\u00e9s par Jean-Charles de Castelbajac pour la r\u00e9ouverture de Notre-Dame de Paris. Une nouvelle fa\u00e7on d\u2019inscrire sa signature pop dans l\u2019Eglise, vingt-sept ans apr\u00e8s avoir dessin\u00e9 le vestiaire du pape et de sa suite aux Journ\u00e9es mondiales de la jeunesse \u00e0 Paris.<\/p>\n<p class=\"paragraph article-body-paragraph article__item    article__text__endpicto\"><b>Jean-Charles de Castelbajac. L&rsquo;imagination au pouvoir. <\/b><b>Mus\u00e9e des Abattoirs, Toulouse, jusqu&rsquo;au 23 ao\u00fbt 2026.<\/b><\/p>\n","protected":false},"excerpt":{"rendered":"Il a habill\u00e9 Isabelle Adjani, Farrah Fawcett, Jean-Paul II, Vanessa Paradis ou encore Lady Gaga ; collabor\u00e9 avec&hellip;\n","protected":false},"author":2,"featured_media":653749,"comment_status":"","ping_status":"","sticky":false,"template":"","format":"standard","meta":{"footnotes":""},"categories":[2816],"tags":[1111,11,1348,251,1777,674,1011,27,12,2680,25,2312],"class_list":{"0":"post-653748","1":"post","2":"type-post","3":"status-publish","4":"format-standard","5":"has-post-thumbnail","7":"category-toulouse","8":"tag-actu","9":"tag-actualites","10":"tag-arts","11":"tag-culture","12":"tag-eu","13":"tag-europe","14":"tag-fr","15":"tag-france","16":"tag-news","17":"tag-occitanie","18":"tag-republique-francaise","19":"tag-toulouse"},"share_on_mastodon":{"url":"https:\/\/pubeurope.com\/@fr\/115870308571607729","error":""},"_links":{"self":[{"href":"https:\/\/www.europesays.com\/fr\/wp-json\/wp\/v2\/posts\/653748","targetHints":{"allow":["GET"]}}],"collection":[{"href":"https:\/\/www.europesays.com\/fr\/wp-json\/wp\/v2\/posts"}],"about":[{"href":"https:\/\/www.europesays.com\/fr\/wp-json\/wp\/v2\/types\/post"}],"author":[{"embeddable":true,"href":"https:\/\/www.europesays.com\/fr\/wp-json\/wp\/v2\/users\/2"}],"replies":[{"embeddable":true,"href":"https:\/\/www.europesays.com\/fr\/wp-json\/wp\/v2\/comments?post=653748"}],"version-history":[{"count":0,"href":"https:\/\/www.europesays.com\/fr\/wp-json\/wp\/v2\/posts\/653748\/revisions"}],"wp:featuredmedia":[{"embeddable":true,"href":"https:\/\/www.europesays.com\/fr\/wp-json\/wp\/v2\/media\/653749"}],"wp:attachment":[{"href":"https:\/\/www.europesays.com\/fr\/wp-json\/wp\/v2\/media?parent=653748"}],"wp:term":[{"taxonomy":"category","embeddable":true,"href":"https:\/\/www.europesays.com\/fr\/wp-json\/wp\/v2\/categories?post=653748"},{"taxonomy":"post_tag","embeddable":true,"href":"https:\/\/www.europesays.com\/fr\/wp-json\/wp\/v2\/tags?post=653748"}],"curies":[{"name":"wp","href":"https:\/\/api.w.org\/{rel}","templated":true}]}}