{"id":653754,"date":"2026-01-10T10:24:09","date_gmt":"2026-01-10T10:24:09","guid":{"rendered":"https:\/\/www.europesays.com\/fr\/653754\/"},"modified":"2026-01-10T10:24:09","modified_gmt":"2026-01-10T10:24:09","slug":"avec-des-tournees-artistiques-a-la-voile-un-collectif-ancre-a-marseille-et-en-haute-provence-promeut-lagriculture","status":"publish","type":"post","link":"https:\/\/www.europesays.com\/fr\/653754\/","title":{"rendered":"Avec des tourn\u00e9es artistiques \u00e0 la voile, un collectif ancr\u00e9 \u00e0 Marseille et en Haute-Provence promeut l&rsquo;agriculture"},"content":{"rendered":"<p>D\u00e9cid\u00e9ment, le village de <a href=\"https:\/\/www.laprovence.com\/alpes-de-haute-provence\/revest-des-brousses-04162\" target=\"_blank\" rel=\"noopener\">Revest-des-Brousses<\/a> (Alpes-de-Haute-Provence) rec\u00e8le des personnalit\u00e9s et des talents extraordinaires. Aujourd&rsquo;hui, gros plan sur une \u00e9quipe de passionn\u00e9s engag\u00e9s tout \u00e0 la fois dans l&rsquo;autogestion, la d\u00e9fense de l&rsquo;agriculture paysanne, la r\u00e9duction de l&#8217;empreinte carbone et\u2026 la formation \u00e0 la navigation \u00e0 voile.<\/p>\n<p>Tout d\u00e9marre en 2011 \u00e0 <a href=\"https:\/\/www.laprovence.com\/bouches-du-rhone\/marseille-13055\" target=\"_blank\" rel=\"noopener\">Marseille<\/a> (Bouches-du-Rh\u00f4ne), o\u00f9 Nicolas et Julie, passionn\u00e9s de voile, rencontrent les membres de la compagnie Autre direction, bas\u00e9e \u00e0 Forcalquier, qui proposent du \u00ab\u00a0th\u00e9\u00e2tre d&rsquo;objets\u00a0\u00bb. Ils d\u00e9cident alors de partir ensemble sur une go\u00e9lette de 15 m\u00e8tres pour une tourn\u00e9e en M\u00e9diterran\u00e9e, qu&rsquo;ils baptisent \u00ab\u00a0Bazar \u00e0 bord\u00a0\u00bb.<\/p>\n<p>En 2013, la tourn\u00e9e Armada festival engage cette fois 12 voiliers, avec 70 artistes et marins. Entre 2014 et 2019, les tourn\u00e9es Festina Lente et Lente Lente vont jusqu&rsquo;aux Canaries et au <a href=\"https:\/\/www.laprovence.com\/article\/economie\/5917732\/marseille-cap-vert-energie-accelere-encore-son-developpement.html\" target=\"_blank\" rel=\"noopener\">Cap-Vert<\/a>, o\u00f9 les marins effectuent leurs premiers transports de marchandises : huile d&rsquo;argan, \u00e9pices, herbes aromatiques du Maroc, puis th\u00e9 biologique, conserves des A\u00e7ores ou huile d&rsquo;olive de Tunisie.<\/p>\n<p>\u00ab\u00a0Notre collectif est donc issu de tourn\u00e9es artistiques \u00e0 la voile depuis 2011\u00a0\u00bb, rembobine Nicolas, qui \u00e9voque les \u00ab\u00a0dizaines de fe&#8230;<\/p>\n","protected":false},"excerpt":{"rendered":"D\u00e9cid\u00e9ment, le village de Revest-des-Brousses (Alpes-de-Haute-Provence) rec\u00e8le des personnalit\u00e9s et des talents extraordinaires. Aujourd&rsquo;hui, gros plan sur une&hellip;\n","protected":false},"author":2,"featured_media":653755,"comment_status":"","ping_status":"","sticky":false,"template":"","format":"standard","meta":{"footnotes":""},"categories":[2814],"tags":[5734,1111,11,75681,44662,3396,7819,154,436,1777,674,1011,27,884,12,882,25,5892,10887],"class_list":{"0":"post-653754","1":"post","2":"type-post","3":"status-publish","4":"format-standard","5":"has-post-thumbnail","7":"category-marseille","8":"tag-5734","9":"tag-actu","10":"tag-actualites","11":"tag-ancre","12":"tag-artistiques","13":"tag-avec","14":"tag-collectif","15":"tag-des","16":"tag-environnement","17":"tag-eu","18":"tag-europe","19":"tag-fr","20":"tag-france","21":"tag-marseille","22":"tag-news","23":"tag-provence-alpes-cote-dazur","24":"tag-republique-francaise","25":"tag-tournees","26":"tag-voile"},"share_on_mastodon":{"url":"https:\/\/pubeurope.com\/@fr\/115870319401987432","error":""},"_links":{"self":[{"href":"https:\/\/www.europesays.com\/fr\/wp-json\/wp\/v2\/posts\/653754","targetHints":{"allow":["GET"]}}],"collection":[{"href":"https:\/\/www.europesays.com\/fr\/wp-json\/wp\/v2\/posts"}],"about":[{"href":"https:\/\/www.europesays.com\/fr\/wp-json\/wp\/v2\/types\/post"}],"author":[{"embeddable":true,"href":"https:\/\/www.europesays.com\/fr\/wp-json\/wp\/v2\/users\/2"}],"replies":[{"embeddable":true,"href":"https:\/\/www.europesays.com\/fr\/wp-json\/wp\/v2\/comments?post=653754"}],"version-history":[{"count":0,"href":"https:\/\/www.europesays.com\/fr\/wp-json\/wp\/v2\/posts\/653754\/revisions"}],"wp:featuredmedia":[{"embeddable":true,"href":"https:\/\/www.europesays.com\/fr\/wp-json\/wp\/v2\/media\/653755"}],"wp:attachment":[{"href":"https:\/\/www.europesays.com\/fr\/wp-json\/wp\/v2\/media?parent=653754"}],"wp:term":[{"taxonomy":"category","embeddable":true,"href":"https:\/\/www.europesays.com\/fr\/wp-json\/wp\/v2\/categories?post=653754"},{"taxonomy":"post_tag","embeddable":true,"href":"https:\/\/www.europesays.com\/fr\/wp-json\/wp\/v2\/tags?post=653754"}],"curies":[{"name":"wp","href":"https:\/\/api.w.org\/{rel}","templated":true}]}}