{"id":653760,"date":"2026-01-10T10:29:10","date_gmt":"2026-01-10T10:29:10","guid":{"rendered":"https:\/\/www.europesays.com\/fr\/653760\/"},"modified":"2026-01-10T10:29:10","modified_gmt":"2026-01-10T10:29:10","slug":"meteo-apres-les-chutes-de-neige-et-la-tempete-goretti-quel-temps-a-paris-et-en-ile-de-france","status":"publish","type":"post","link":"https:\/\/www.europesays.com\/fr\/653760\/","title":{"rendered":"M\u00e9t\u00e9o. Apr\u00e8s les chutes de neige et la temp\u00eate Goretti, quel temps \u00e0 Paris et en \u00cele-de-France\u00a0?"},"content":{"rendered":"<p>                    Par<br \/>\n        <strong><br \/>\n            <a href=\"https:\/\/actu.fr\/auteur\/redaction-paris\" title=\"Consulter tous les articles de R\u00e9daction Paris\" target=\"_blank\" rel=\"noopener\">R\u00e9daction Paris<\/a><br \/>\n                    <\/strong><\/p>\n<p>        Publi\u00e9 le<\/p>\n<p>            10 janv. 2026 \u00e0 6h32        <\/p>\n<p>Paris et l\u2019\u00cele-de-France viennent de traverser une courte mais intense p\u00e9riode hivernale. En d\u00e9but de semaine, les <a href=\"https:\/\/actu.fr\/ile-de-france\/paris_75056\/direct-meteo-alerte-neige-et-verglas-a-paris-et-en-ile-de-france-les-perturbations-en-cours-ce-mercredi_63660243.html\" target=\"_blank\" rel=\"noopener\">chutes de neige<\/a> ont recouvert la capitale et l\u2019ensemble de l\u2019\u00cele-de-France, perturbant fortement la circulation routi\u00e8re et les transports. Tr\u00e8s vite, cet \u00e9pisode neige-verglas a \u00e9t\u00e9 suivi par la <a href=\"https:\/\/actu.fr\/ile-de-france\/paris_75056\/sncf-cable-c1-rer-a-la-tempete-goretti-perturbe-toujours-les-transports-a-paris-et-en-ile-de-france_63674015.html\" target=\"_blank\" rel=\"noopener\">temp\u00eate Goretti<\/a>. Attendue dans la nuit du jeudi 8 au vendredi 9 janvier, elle a apport\u00e9 des <a href=\"https:\/\/actu.fr\/ile-de-france\/paris_75056\/tempete-goretti-13-500-foyers-prives-d-electricite-en-ile-de-france-apres-des-rafales-jusqu-a-100-km-h_63674155.html\" target=\"_blank\" rel=\"noopener\">rafales de vent atteignant 90 \u00e0 100 km\/h<\/a> en \u00cele-de-France plac\u00e9e en vigilance orange vents violents.\u00a0<\/p>\n<p>Une m\u00e9t\u00e9o assez maussade \u00e0 Paris et en \u00cele-de-France<\/p>\n<p class=\" wall-content\">La temp\u00eate est pass\u00e9e, l\u2019air se stabilise : ce samedi 10 janvier s\u2019annonce, selon <a href=\"https:\/\/actu.fr\/tag\/meteo-france\" target=\"_blank\" rel=\"noopener\">M\u00e9t\u00e9o-France<\/a>,\u00a0 plut\u00f4t nuageux sur Paris et sa r\u00e9gion avec quelques averses possibles dans l\u2019apr\u00e8s-midi. C\u00f4t\u00e9 temp\u00e9ratures, on attend de 1 \u00b0C \u00e0 4\u00b0C au petit matin et 6 \u00b0C l\u2019apr\u00e8s-midi. C\u2019est donc une ambiance automnale qui succ\u00e8de \u00e0 l\u2019air froid puis tr\u00e8s venteux des derniers jours<\/p>\n<p class=\" wall-content\">Dimanche, la grisaille devrait \u00eatre majoritairement de mise sans toutefois de pr\u00e9cipitations marqu\u00e9es, et avec des temp\u00e9ratures stables mais fra\u00eeches : 8 \u00b0C pour les maximales et -4 \u00b0C le matin comme dans les Yvelines.\u00a0<\/p>\n<p class=\" wall-content\">La semaine d\u00e9butera avec un net redoux et un changement notable de masse d\u2019air. Lundi, il devrait faie jusqu\u2019\u00e0 10 \u00b0C l\u2019apr\u00e8s-midi avec de la bruine ou des pluies faibles possibles.<br \/>Mardi, on devrait encore gagner quelque 2 degr\u00e9s tandis que le temps sera assez maussade. Mercredi, des \u00e9claircies sont pr\u00e9vues. Il faudra profiter de la journ\u00e9e car jeudi le temps pourrait \u00eatre \u00e0 nouveau pluvieux et les temp\u00e9ratures l\u00e9g\u00e8rement en recul.\u00a0<\/p>\n<p class=\" wall-content\">Personnalisez votre actualit\u00e9 en ajoutant vos villes et m\u00e9dias en favori avec <a href=\"https:\/\/moncompte.actu.fr\" title=\"D\u00e9couvez Mon Actu\" rel=\"nofollow noopener\" data-trk=\"{&quot;cta&quot;:{&quot;action&quot;:&quot;https:\\\/\\\/moncompte.actu.fr&quot;,&quot;category&quot;:&quot;mon compte&quot;,&quot;from&quot;:&quot;article footer&quot;,&quot;name&quot;:&quot;Mon actu&quot;,&quot;type&quot;:&quot;cta&quot;}}\" target=\"_blank\">Mon Actu<\/a>.<\/p>\n","protected":false},"excerpt":{"rendered":"Par R\u00e9daction Paris Publi\u00e9 le 10 janv. 2026 \u00e0 6h32 Paris et l\u2019\u00cele-de-France viennent de traverser une courte&hellip;\n","protected":false},"author":2,"featured_media":653761,"comment_status":"","ping_status":"","sticky":false,"template":"","format":"standard","meta":{"footnotes":""},"categories":[1592],"tags":[1111,11,1777,674,1011,27,662,2487,2357,12,626,25],"class_list":{"0":"post-653760","1":"post","2":"type-post","3":"status-publish","4":"format-standard","5":"has-post-thumbnail","7":"category-ile-de-france","8":"tag-actu","9":"tag-actualites","10":"tag-eu","11":"tag-europe","12":"tag-fr","13":"tag-france","14":"tag-ile-de-france","15":"tag-meteo","16":"tag-meteo-france","17":"tag-news","18":"tag-paris","19":"tag-republique-francaise"},"share_on_mastodon":{"url":"https:\/\/pubeurope.com\/@fr\/115870339157863229","error":""},"_links":{"self":[{"href":"https:\/\/www.europesays.com\/fr\/wp-json\/wp\/v2\/posts\/653760","targetHints":{"allow":["GET"]}}],"collection":[{"href":"https:\/\/www.europesays.com\/fr\/wp-json\/wp\/v2\/posts"}],"about":[{"href":"https:\/\/www.europesays.com\/fr\/wp-json\/wp\/v2\/types\/post"}],"author":[{"embeddable":true,"href":"https:\/\/www.europesays.com\/fr\/wp-json\/wp\/v2\/users\/2"}],"replies":[{"embeddable":true,"href":"https:\/\/www.europesays.com\/fr\/wp-json\/wp\/v2\/comments?post=653760"}],"version-history":[{"count":0,"href":"https:\/\/www.europesays.com\/fr\/wp-json\/wp\/v2\/posts\/653760\/revisions"}],"wp:featuredmedia":[{"embeddable":true,"href":"https:\/\/www.europesays.com\/fr\/wp-json\/wp\/v2\/media\/653761"}],"wp:attachment":[{"href":"https:\/\/www.europesays.com\/fr\/wp-json\/wp\/v2\/media?parent=653760"}],"wp:term":[{"taxonomy":"category","embeddable":true,"href":"https:\/\/www.europesays.com\/fr\/wp-json\/wp\/v2\/categories?post=653760"},{"taxonomy":"post_tag","embeddable":true,"href":"https:\/\/www.europesays.com\/fr\/wp-json\/wp\/v2\/tags?post=653760"}],"curies":[{"name":"wp","href":"https:\/\/api.w.org\/{rel}","templated":true}]}}