{"id":653764,"date":"2026-01-10T10:31:10","date_gmt":"2026-01-10T10:31:10","guid":{"rendered":"https:\/\/www.europesays.com\/fr\/653764\/"},"modified":"2026-01-10T10:31:10","modified_gmt":"2026-01-10T10:31:10","slug":"limmense-foret-urbaine-du-10e-bientot-devoilee","status":"publish","type":"post","link":"https:\/\/www.europesays.com\/fr\/653764\/","title":{"rendered":"L\u2019immense for\u00eat urbaine du 10e bient\u00f4t d\u00e9voil\u00e9e"},"content":{"rendered":"<p>Ces derniers mois,<strong> la capitale a mis les bouch\u00e9es doubles pour passer au vert<\/strong>. Apr\u00e8s l&rsquo;inauguration de la <a href=\"https:\/\/www.lebonbon.fr\/paris\/news\/plan-climat-paris-premiere-foret-urbaine\/\" target=\"_blank\" rel=\"noopener\"><strong>premi\u00e8re for\u00eat urbaine parisienne<\/strong> <\/a>en juin 2024, l\u2019ouverture au public d\u2019un <strong>tron\u00e7on de la <a href=\"https:\/\/www.lebonbon.fr\/paris\/news\/petite-ceinture-espace-vert-3-5-hectares-bois-charonne\/\" target=\"_blank\" rel=\"noopener\">Petite<\/a> <a href=\"https:\/\/www.lebonbon.fr\/paris\/news\/petite-ceinture-espace-vert-3-5-hectares-bois-charonne\/\" target=\"_blank\" rel=\"noopener\">Ceinture<\/a><\/strong>, l\u2019am\u00e9nagement du<a href=\"https:\/\/www.lebonbon.fr\/paris\/news\/nouveau-parc-30-000-m-20e\/\" target=\"_blank\" rel=\"noopener\"> <\/a><strong><a href=\"https:\/\/www.lebonbon.fr\/paris\/news\/nouveau-parc-30-000-m-20e\/\" target=\"_blank\" rel=\"noopener\">jardin Aretha Franklin<\/a>,<\/strong> les plantations sur le <a href=\"https:\/\/www.lebonbon.fr\/paris\/societe\/bientot-immense-foret-place-hotel-de-ville\/\" target=\"_blank\" rel=\"noopener\"><strong>parvis de l\u2019H\u00f4tel de Ville<\/strong><\/a>, ou encore l\u2019agrandissement du<strong> parc d\u00e9j\u00e0 immense de<a href=\"https:\/\/www.lebonbon.fr\/paris\/news\/parc-mythique-paris-agrandit-5000-m-la-villette\/\" target=\"_blank\" rel=\"noopener\"> la Villette<\/a><\/strong>, c\u2019est un <strong>nouveau poumon vert<\/strong> qui s\u2019appr\u00eate \u00e0 voir le jour. Une mani\u00e8re pour <strong>Anne Hidalgo<\/strong> de<strong> laisser son empreinte sur la capitale<\/strong> \u00e0 quelques mois de son d\u00e9part, sans doute. En tout cas, c\u2019est dor\u00e9navant la <strong>place du Colonel-Fabien<\/strong>, \u00e0 la<strong> fronti\u00e8re des 10e et 19e<\/strong>, qui s\u2019appr\u00eate \u00e0 d\u00e9voiler son nouveau visage.<\/p>\n<p>&#13;<br \/>\n<br \/>Une place plus accessible et a\u00e9r\u00e9e&#13;<\/p>\n<p>En 2019, Anne Hidalgo annon\u00e7ait la cr\u00e9ation de<strong> 6 nouveaux espaces de for\u00eat urbaine au c\u0153ur de Paris<\/strong>. Si, depuis, certains de ces projets ont d\u00fb \u00eatre retard\u00e9s ou transform\u00e9s, <strong>celui qui devait<\/strong> <strong>pousser sur la<a href=\"https:\/\/www.lebonbon.fr\/paris\/news\/future-foret-urbaine-place-colonel-fabien\/\" target=\"_blank\" rel=\"noopener\"> place du Colonel Fabien<\/a><\/strong> va tr\u00e8s bient\u00f4t sortir de terre\u00a0! En effet, la <strong>place parisienne<\/strong> vient de conna\u00eetre <strong>11 mois de transformation. <\/strong>Un processus de <strong>v\u00e9g\u00e9talisation massif,<\/strong> qui devrait prendre fin <strong>entre le mois de f\u00e9vrier et le printemps 2026<\/strong> (\u00e0 savoir la date annonc\u00e9e au d\u00e9but du chantier et celle envisag\u00e9e avec le retard actuel).<\/p>\n<p>&#13;<\/p>\n<blockquote class=\"twitter-tweet\"><p>&#13;<\/p>\n<p lang=\"fr\" dir=\"ltr\">Paris, avanc\u00e9e des travaux de v\u00e9g\u00e9talisation de la Place du Colonel Fabien\ud83c\udf33\ud83d\udeb2 <a href=\"https:\/\/t.co\/RHspWG4nu9\">pic.twitter.com\/RHspWG4nu9<\/a><\/p>\n<p>&#13;<br \/>\n\u2014 Quentin Bareille \u0646 \ud83c\uddeb\ud83c\uddf7\ud83c\uddea\ud83c\uddfa\ud83c\uddfa\ud83c\udde6 (@QBareille) <a href=\"https:\/\/twitter.com\/QBareille\/status\/2003053222886515068?ref_src=twsrc%5Etfw\" target=\"_blank\" rel=\"noopener\">December 22, 2025<\/a><\/p><\/blockquote>\n<p>&#13;<br \/>\n&#13;<\/p>\n<p>Objectif de ces travaux\u00a0: cr\u00e9er un <strong>espace r\u00e9\u00e9quilibr\u00e9<\/strong> pour donner plus de <strong>place aux mobilit\u00e9s douces<\/strong>, avec de nombreux <strong>espaces pi\u00e9tons<\/strong> (980 m\u00b2 d\u2019espaces pi\u00e9tonnis\u00e9s), et <strong>plus de 400 m de <a href=\"https:\/\/www.lebonbon.fr\/paris\/news\/paris-se-reve-nouvelle-amsterdam-ses-nouveaux-ronds-points-a-l-hollandaise\/\" target=\"_blank\" rel=\"noopener\">pistes<\/a> <a href=\"https:\/\/www.lebonbon.fr\/paris\/news\/paris-se-reve-nouvelle-amsterdam-ses-nouveaux-ronds-points-a-l-hollandaise\/\" target=\"_blank\" rel=\"noopener\">cyclables<\/a><\/strong>. Meilleure nouvelle dans tout \u00e7a, ces derni\u00e8res\u00a0seront <strong>s\u00e9curis\u00e9es, unidirectionnelles,<\/strong> et feront <strong>plus de 2 m\u00e8tres de large.<\/strong> Un bonheur pour les adeptes de la petite reine qui savent que, pour l\u2019instant, <strong>traverser cette place rel\u00e8ve du d\u00e9sir de mort.<\/strong><\/p>\n<p>&#13;<br \/>\n<br \/>De la verdure \u00e0 foison&#13;<\/p>\n<p>Si la place comptait d\u00e9j\u00e0<strong> 41 platanes imposants,<\/strong> ce nouveau projet entend bien multiplier le nombre de plantations, et ce sont<strong> <a href=\"https:\/\/www.lebonbon.fr\/paris\/healthy\/milliers-arbres-plantes-rues-paris-hiver\/\" target=\"_blank\" rel=\"noopener\">79<\/a> <a href=\"https:\/\/www.lebonbon.fr\/paris\/healthy\/milliers-arbres-plantes-rues-paris-hiver\/\" target=\"_blank\" rel=\"noopener\">arbres<\/a> qui ont \u00e9t\u00e9 install\u00e9s <\/strong>au d\u00e9but du mois de d\u00e9cembre dernier. Des<strong> ch\u00eanes de Bourgogne, des am\u00e9lanchiers, des ormes de Sib\u00e9rie<\/strong> ou encore des <strong>charmes communs.<\/strong> Au total, ce sont<strong> 1760 m\u00b2 de verdure qui vont voir le jour<\/strong>, dont<strong> 1460 m\u00b2 de for\u00eat et 300 m\u00b2 de bandes plant\u00e9es.<\/strong><\/p>\n<p>&#13;<\/p>\n<blockquote class=\"twitter-tweet\"><p>&#13;<\/p>\n<p lang=\"fr\" dir=\"ltr\">On se r\u00e9veille un matin et on a une for\u00eat en bas de chez soi\u00a0! <\/p>\n<p>Ici, place du Colonel Fabien. <\/p>\n<p>Avant\u00a0: un rond point impossible \u00e0 traverser. <\/p>\n<p>Demain\u00a0: une zone pi\u00e9tonne de 1000 m\u00e8tres carr\u00e9s et 1800 m\u00e8tres carr\u00e9s v\u00e9g\u00e9talis\u00e9s. <\/p>\n<p>Qui dit mieux\u00a0? <a href=\"https:\/\/t.co\/UoVjKHPD8C\">pic.twitter.com\/UoVjKHPD8C<\/a><\/p>\n<p>&#13;<br \/>\n\u2014 Pierrick L (@PierrickLVN) <a href=\"https:\/\/twitter.com\/PierrickLVN\/status\/1996177751909495213?ref_src=twsrc%5Etfw\" target=\"_blank\" rel=\"noopener\">December 3, 2025<\/a><\/p><\/blockquote>\n<p>&#13;<br \/>\n&#13;<\/p>\n<p>Ces <strong>diff\u00e9rentes mesures<\/strong> permettront de proposer un <strong>nouvel \u00eelot de fra\u00eecheur <\/strong>\u00e0 tous les <strong>Parisiens,<\/strong> puisque la maire actuelle promet jusqu\u2019\u00e0 <strong>4\u00b0 de moins l\u2019\u00e9t\u00e9,<\/strong> par fortes chaleurs. Reste \u00e0 savoir cependan<strong>t si le chantier sera termin\u00e9 suffisamment t\u00f4t<\/strong> pour qu\u2019Anne Hidalgo puisse couper le ruban rouge, ou si elle devrait<strong> laisser cet honneur \u00e0 <a href=\"https:\/\/www.lebonbon.fr\/paris\/news\/municipales-2026-avenir-berges-seine\/\" target=\"_blank\" rel=\"noopener\">son<\/a> <a href=\"https:\/\/www.lebonbon.fr\/paris\/news\/municipales-2026-avenir-berges-seine\/\" target=\"_blank\" rel=\"noopener\">successeur<\/a>.<\/strong><\/p>\n<p><script async src=\"https:\/\/platform.twitter.com\/widgets.js\" charset=\"utf-8\"><\/script><\/p>\n","protected":false},"excerpt":{"rendered":"Ces derniers mois, la capitale a mis les bouch\u00e9es doubles pour passer au vert. Apr\u00e8s l&rsquo;inauguration de la&hellip;\n","protected":false},"author":2,"featured_media":653765,"comment_status":"","ping_status":"","sticky":false,"template":"","format":"standard","meta":{"footnotes":""},"categories":[1888],"tags":[1111,1928,11,1927,1777,674,1011,27,12,1926,626,1925,25],"class_list":{"0":"post-653764","1":"post","2":"type-post","3":"status-publish","4":"format-standard","5":"has-post-thumbnail","7":"category-paris","8":"tag-actu","9":"tag-actu-paris","10":"tag-actualites","11":"tag-actualites-paris","12":"tag-eu","13":"tag-europe","14":"tag-fr","15":"tag-france","16":"tag-news","17":"tag-news-paris","18":"tag-paris","19":"tag-paris-news","20":"tag-republique-francaise"},"share_on_mastodon":{"url":"https:\/\/pubeurope.com\/@fr\/115870347005682465","error":""},"_links":{"self":[{"href":"https:\/\/www.europesays.com\/fr\/wp-json\/wp\/v2\/posts\/653764","targetHints":{"allow":["GET"]}}],"collection":[{"href":"https:\/\/www.europesays.com\/fr\/wp-json\/wp\/v2\/posts"}],"about":[{"href":"https:\/\/www.europesays.com\/fr\/wp-json\/wp\/v2\/types\/post"}],"author":[{"embeddable":true,"href":"https:\/\/www.europesays.com\/fr\/wp-json\/wp\/v2\/users\/2"}],"replies":[{"embeddable":true,"href":"https:\/\/www.europesays.com\/fr\/wp-json\/wp\/v2\/comments?post=653764"}],"version-history":[{"count":0,"href":"https:\/\/www.europesays.com\/fr\/wp-json\/wp\/v2\/posts\/653764\/revisions"}],"wp:featuredmedia":[{"embeddable":true,"href":"https:\/\/www.europesays.com\/fr\/wp-json\/wp\/v2\/media\/653765"}],"wp:attachment":[{"href":"https:\/\/www.europesays.com\/fr\/wp-json\/wp\/v2\/media?parent=653764"}],"wp:term":[{"taxonomy":"category","embeddable":true,"href":"https:\/\/www.europesays.com\/fr\/wp-json\/wp\/v2\/categories?post=653764"},{"taxonomy":"post_tag","embeddable":true,"href":"https:\/\/www.europesays.com\/fr\/wp-json\/wp\/v2\/tags?post=653764"}],"curies":[{"name":"wp","href":"https:\/\/api.w.org\/{rel}","templated":true}]}}