{"id":653768,"date":"2026-01-10T10:33:09","date_gmt":"2026-01-10T10:33:09","guid":{"rendered":"https:\/\/www.europesays.com\/fr\/653768\/"},"modified":"2026-01-10T10:33:09","modified_gmt":"2026-01-10T10:33:09","slug":"municipales-a-paris-propos-racistes-fuite-de-donnees-le-site-de-campagne-tres-polemique-de-sarah-knafo","status":"publish","type":"post","link":"https:\/\/www.europesays.com\/fr\/653768\/","title":{"rendered":"Municipales \u00e0 Paris. Propos racistes, fuite de donn\u00e9es&#8230; Le site de campagne (tr\u00e8s) pol\u00e9mique de Sarah Knafo"},"content":{"rendered":"<p>                    Par<br \/>\n        <strong><br \/>\n            <a href=\"https:\/\/actu.fr\/auteur\/glenn-gillet\" title=\"Consulter tous les articles de Glenn Gillet\" target=\"_blank\" rel=\"noopener\">Glenn Gillet<\/a><br \/>\n                    <\/strong><\/p>\n<p>        Publi\u00e9 le<\/p>\n<p>            10 janv. 2026 \u00e0 10h05        <\/p>\n<p>Un <strong>double couac<\/strong> pour lancer une campagne o\u00f9 elle est loin de partir favorite. Le site internet lanc\u00e9 pour appuyer la candidature de <a href=\"https:\/\/actu.fr\/tag\/sarah-knafo\" target=\"_blank\" rel=\"noopener\">Sarah Knafo<\/a> pour les <a href=\"https:\/\/actu.fr\/ile-de-france\/paris_75056\/municipales-2026-a-paris-tout-est-devenu-un-concept-dans-le-11e-la-lassitude-face-aux-nouveaux-commerces_63583592.html\" target=\"_blank\" rel=\"noopener\">\u00e9lections municipales \u00e0 Paris<\/a> a fait l\u2019objet d\u2019intenses pol\u00e9miques depuis sa mise en ligne jeudi 8\u00a0janvier 2026, jour de <a href=\"https:\/\/actu.fr\/ile-de-france\/paris_75056\/sarah-knafo-deputee-europeenne-d-extreme-droite-reconquete-annonce-sa-candidature-a-la-mairie-de-paris_63667390.html\" target=\"_blank\" rel=\"noopener\">l\u2019officialisation de l\u2019entr\u00e9e dans la course<\/a> de la <strong>candidate du parti d\u2019extr\u00eame droite Reconqu\u00eate\u2009!<\/strong>, par ailleurs compagne d\u2019\u00c9ric Zemmour.<\/p>\n<p>Les \u00ab\u2009n\u00e9gro\u00efdes\u2009\u00bb qui \u00ab\u2009pullulent\u2009\u00bb, \u00ab\u2009\u00e9radiquer les OQTF\u2009\u00bb<\/p>\n<p class=\" wall-content\">Le site \u00ab\u2009Sarah Knafo pour Paris \u2013 Une ville heureuse\u2009\u00bb dispose en effet au d\u00e9part d\u2019un espace participatif sur lequel tout un chacun pouvait d\u00e9poser des messages sous les labels \u00ab\u2009constat\u2009\u00bb ou \u00ab\u2009id\u00e9e\u2009\u00bb. Probl\u00e8me\u2009: de <strong>nombreux messages de haine<\/strong> ont rapidement inond\u00e9 le site. On pouvait retrouver une d\u00e9nonciation des \u00ab\u2009n\u00e9gro\u00efdes\u2009\u00bb qui \u00ab\u2009pullulent comme des cafards dans toutes les rues\u2009\u00bb du 19e arrondissement, une proposition soutenue par 636 personnes. Une autre appelle \u00e0 \u00ab\u2009\u00e9radiquer les OQTF\u2009\u00bb toujours dans le m\u00eame arrondissement.<\/p>\n<p class=\" wall-content\">Une autre personne d\u00e9nonce le fait qu\u2019une femme qui viendrait dans les 18e, 19e ou 20e arrondissements prendrait un grand risque de se faire \u00ab\u2009violer\u2009\u00bb ou encore \u00ab\u2009s\u00e9questrer\u2009\u00bb, et demande si on est \u00ab\u2009\u00e0 Paris ou \u00e0 Kaboul\u2009\u00bb. Les SDF sont aussi d\u00e9sign\u00e9s sous le terme \u00ab\u2009clochards\u2009\u00bb.<\/p>\n<p class=\" wall-content\">\u00ab\u2009L\u2019ultra gauche, fid\u00e8le \u00e0 sa d\u00e9testation de la d\u00e9mocratie, a inond\u00e9 le site de messages haineux que nous avons supprim\u00e9s\u2009!\u2009\u00bb, a d\u2019abord d\u00e9nonc\u00e9 Sarah Knafo. Finalement, face \u00e0 l\u2019afflux des messages de haine que l\u2019\u00e9quipe de campagne de la candidate attribue \u00e0 un \u00ab\u2009piratage\u2009\u00bb men\u00e9 l\u00e0 aussi par \u00ab\u2009l\u2019ultra gauche\u2009\u00bb, l\u2019acc\u00e8s aux 811 contributions d\u00e9pos\u00e9es \u00e0 ce stade a \u00e9t\u00e9 s<strong>uspendu vendredi dans l\u2019apr\u00e8s-midi<\/strong>.<\/p>\n<p class=\" wall-content\">Quelques heures auparavant, le s\u00e9nateur de Paris Ian Brossat (PCF) avait annonc\u00e9 avoir r\u00e9alis\u00e9 un signalement aupr\u00e8s de la procureure de Paris pour \u00ab\u2009diffusion publique de messages racistes et discriminatoires\u2009\u00bb sur le site de la candidate, d\u00e9non\u00e7ant un manque de mod\u00e9ration sur la plateforme.<\/p>\n<p class=\" wall-content\">\n<p>\u00ab\u2009\u00c9norme faille de s\u00e9curit\u00e9\u2009\u00bb du c\u00f4t\u00e9 de la protection des donn\u00e9es personnelles<\/p>\n<p class=\" wall-content\">En parall\u00e8le, comme l\u2019a relev\u00e9 Lib\u00e9ration, SaxX, un de ces hackeurs \u00e9thiques qui cherchent \u00e0 alerter sur les failles qui mettent en danger les internautes, a montr\u00e9 que le site \u00e9tait <strong>mal s\u00e9curis\u00e9<\/strong> et laissait appara\u00eetre les donn\u00e9es personnelles des personnes qui se sont enregistr\u00e9es pour d\u00e9poser leur contribution dans cet espace participatif. \u00ab\u2009Une \u00e9norme faille de s\u00e9curit\u00e9\u2009\u00bb, selon le sp\u00e9cialiste.<\/p>\n<p class=\" wall-content\">Deux jours apr\u00e8s avoir officialis\u00e9 son entr\u00e9e en campagne, Sarah Knafo est donc sous le feu des critiques. Une posture habituelle pour les repr\u00e9sentants de l\u2019extr\u00eame droite, qui parviennent souvent \u00e0 tirer parti de ces \u00ab\u2009bad buzz\u2009\u00bb qui leur garantissent une large couverture m\u00e9diatique.<\/p>\n<p>Votre r\u00e9gion, votre actu !<\/p>\n<p>Recevez chaque jour les infos qui comptent pour vous.<\/p>\n<p>\t<a href=\"https:\/\/actu.fr\/newsletter\" class=\"ac-btn ac-btn--corner ac-btn--medium ac-btn--blue800\" target=\"_blank\" rel=\"noopener\">S&rsquo;incrire<\/a><\/p>\n<p class=\" wall-content\">Selon le <a href=\"https:\/\/actu.fr\/ile-de-france\/paris_75056\/municipales-2026-a-paris-un-sondage-donne-la-gauche-unie-sans-lfi-en-tete-au-premier-tour-devant-dati_63574463.html\" target=\"_blank\" rel=\"noopener\">dernier sondage<\/a>, Sarah Knafo est cr\u00e9dit\u00e9e de <strong>7\u2009% des intentions de vote au premier tour<\/strong> des \u00e9lections municipales des 15 et 22\u00a0mars \u00e0 Paris, autant que le candidat du RN Thierry Mariani, derri\u00e8re l\u2019insoumise Sophia Chikirou estim\u00e9e \u00e0 13\u2009%, le candidat Horizons-Renaissance Pierre-Yves Bournazel (14\u2009%), Rachida Dati soutenue par LR, le Modem et l\u2019UDI (27\u2009%) et Emmanuel Gr\u00e9goire, candidat d\u2019une union de la gauche rassemblant le PS, les \u00c9cologistes et le PCF (32\u2009%).<\/p>\n<p class=\" wall-content\">Personnalisez votre actualit\u00e9 en ajoutant vos villes et m\u00e9dias en favori avec <a href=\"https:\/\/moncompte.actu.fr\" title=\"D\u00e9couvez Mon Actu\" rel=\"nofollow noopener\" data-trk=\"{&quot;cta&quot;:{&quot;action&quot;:&quot;https:\\\/\\\/moncompte.actu.fr&quot;,&quot;category&quot;:&quot;mon compte&quot;,&quot;from&quot;:&quot;article footer&quot;,&quot;name&quot;:&quot;Mon actu&quot;,&quot;type&quot;:&quot;cta&quot;}}\" target=\"_blank\">Mon Actu<\/a>.<\/p>\n","protected":false},"excerpt":{"rendered":"Par Glenn Gillet Publi\u00e9 le 10 janv. 2026 \u00e0 10h05 Un double couac pour lancer une campagne o\u00f9&hellip;\n","protected":false},"author":2,"featured_media":653769,"comment_status":"","ping_status":"","sticky":false,"template":"","format":"standard","meta":{"footnotes":""},"categories":[1888],"tags":[11,4188,1777,674,1011,27,2381,3434,12,626,316,25,15232],"class_list":{"0":"post-653768","1":"post","2":"type-post","3":"status-publish","4":"format-standard","5":"has-post-thumbnail","7":"category-paris","8":"tag-actualites","9":"tag-elections-municipales","10":"tag-eu","11":"tag-europe","12":"tag-fr","13":"tag-france","14":"tag-mairie-de-paris","15":"tag-municipales-2026","16":"tag-news","17":"tag-paris","18":"tag-politique","19":"tag-republique-francaise","20":"tag-sarah-knafo"},"share_on_mastodon":{"url":"https:\/\/pubeurope.com\/@fr\/115870354914303877","error":""},"_links":{"self":[{"href":"https:\/\/www.europesays.com\/fr\/wp-json\/wp\/v2\/posts\/653768","targetHints":{"allow":["GET"]}}],"collection":[{"href":"https:\/\/www.europesays.com\/fr\/wp-json\/wp\/v2\/posts"}],"about":[{"href":"https:\/\/www.europesays.com\/fr\/wp-json\/wp\/v2\/types\/post"}],"author":[{"embeddable":true,"href":"https:\/\/www.europesays.com\/fr\/wp-json\/wp\/v2\/users\/2"}],"replies":[{"embeddable":true,"href":"https:\/\/www.europesays.com\/fr\/wp-json\/wp\/v2\/comments?post=653768"}],"version-history":[{"count":0,"href":"https:\/\/www.europesays.com\/fr\/wp-json\/wp\/v2\/posts\/653768\/revisions"}],"wp:featuredmedia":[{"embeddable":true,"href":"https:\/\/www.europesays.com\/fr\/wp-json\/wp\/v2\/media\/653769"}],"wp:attachment":[{"href":"https:\/\/www.europesays.com\/fr\/wp-json\/wp\/v2\/media?parent=653768"}],"wp:term":[{"taxonomy":"category","embeddable":true,"href":"https:\/\/www.europesays.com\/fr\/wp-json\/wp\/v2\/categories?post=653768"},{"taxonomy":"post_tag","embeddable":true,"href":"https:\/\/www.europesays.com\/fr\/wp-json\/wp\/v2\/tags?post=653768"}],"curies":[{"name":"wp","href":"https:\/\/api.w.org\/{rel}","templated":true}]}}