{"id":653770,"date":"2026-01-10T10:34:12","date_gmt":"2026-01-10T10:34:12","guid":{"rendered":"https:\/\/www.europesays.com\/fr\/653770\/"},"modified":"2026-01-10T10:34:12","modified_gmt":"2026-01-10T10:34:12","slug":"apres-les-frappes-russes-et-lutilisation-du-missile-orechnik-le-conseil-de-securite-de-lonu-se-reunira-lundi","status":"publish","type":"post","link":"https:\/\/www.europesays.com\/fr\/653770\/","title":{"rendered":"apr\u00e8s les frappes russes et l\u2019utilisation du missile Orechnik, le Conseil de s\u00e9curit\u00e9 de l\u2019Onu se r\u00e9unira lundi"},"content":{"rendered":"<p>Le Conseil de s\u00e9curit\u00e9 de l\u2019Onu se r\u00e9unira lundi \u00e0 la demande de l\u2019Ukraine apr\u00e8s de nouvelles frappes russes massives et l\u2019utilisation par Moscou de <a target=\"_self\" href=\"https:\/\/www.lanouvellerepublique.fr\/a-la-une\/charge-nucleaire-vitesse-hypersonique-qu-est-ce-que-le-missile-orechnik-que-la-russie-dit-avoir-utilise-pour-frapper-l-ukraine-1767956870\" rel=\"noopener\">son missile de derni\u00e8re g\u00e9n\u00e9ration Orechnik<\/a>, selon le programme modifi\u00e9 du Conseil publi\u00e9 vendredi soir. \u00ab\u00a0La Russie a atteint un nouveau niveau effroyable de crimes de guerre et de crimes contre l\u2019humanit\u00e9 dans ses attaques contre les civils et infrastructures civiles en Ukraine\u00a0\u00bb, d\u00e9nonce l\u2019ambassadeur d\u2019Ukraine \u00e0 l\u2019Onu Andri\u00ef Melnyk dans sa lettre demandant la r\u00e9union.<\/p>\n<p>De <a target=\"_self\" href=\"https:\/\/www.lanouvellerepublique.fr\/a-la-une\/guerre-en-ukraine-le-pays-en-alerte-aux-missiles-au-moins-quatre-morts-a-kiev-1767942434\" rel=\"noopener\">nouvelles frappes russes dans la nuit de jeudi \u00e0 vendredi<\/a> ont priv\u00e9 de chauffage la moiti\u00e9 des immeubles r\u00e9sidentiels de Kiev, poussant le maire de la capitale ukrainienne \u00e0 appeler vendredi la population \u00e0 \u00e9vacuer \u00ab\u00a0temporairement\u00a0\u00bb la ville.<\/p>\n<p>\u00ab\u00a0Une menace grave et sans pr\u00e9c\u00e9dent\u00a0\u00bb<\/p>\n<p>Cette nouvelle nuit de bombardements a d\u2019autre part vu l\u2019utilisation, pour la deuxi\u00e8me fois depuis le d\u00e9but de la guerre en f\u00e9vrier\u00a02022, du missile balistique russe de derni\u00e8re g\u00e9n\u00e9ration Orechnik, dans l\u2019ouest de l\u2019Ukraine.<\/p>\n<p>\u00ab\u00a0Aujourd\u2019hui, la f\u00e9d\u00e9ration de Russie a officiellement revendiqu\u00e9 l\u2019utilisation du missile balistique de port\u00e9e interm\u00e9diaire appel\u00e9 \u201c\u00a0Orechnik \u201d, dans la r\u00e9gion de Lviv. Une telle frappe repr\u00e9sente une menace grave et sans pr\u00e9c\u00e9dent pour la s\u00e9curit\u00e9 du continent europ\u00e9en, sapant la stabilit\u00e9 r\u00e9gionale et pr\u00e9sentant des risques s\u00e9rieux pour la paix et la s\u00e9curit\u00e9 internationale de mani\u00e8re plus large\u00a0\u00bb, a comment\u00e9 l\u2019ambassadeur ukrainien dans sa lettre au Conseil.<\/p>\n<p>La requ\u00eate de l\u2019Ukraine a \u00e9t\u00e9 appuy\u00e9e par six membres du Conseil (France, Royaume-Uni, Lettonie, Danemark, Gr\u00e8ce et Lib\u00e9ria), ont pr\u00e9cis\u00e9 des sources diplomatiques.<\/p>\n","protected":false},"excerpt":{"rendered":"Le Conseil de s\u00e9curit\u00e9 de l\u2019Onu se r\u00e9unira lundi \u00e0 la demande de l\u2019Ukraine apr\u00e8s de nouvelles frappes&hellip;\n","protected":false},"author":2,"featured_media":653771,"comment_status":"","ping_status":"","sticky":false,"template":"","format":"standard","meta":{"footnotes":""},"categories":[1591],"tags":[328,11,1887,329,74,12,3521,1885,1886,132,220],"class_list":{"0":"post-653770","1":"post","2":"type-post","3":"status-publish","4":"format-standard","5":"has-post-thumbnail","7":"category-russie","8":"tag-a-la-une","9":"tag-actualites","10":"tag-federation-de-russie","11":"tag-france-monde","12":"tag-monde","13":"tag-news","14":"tag-onu","15":"tag-russia","16":"tag-russian-federation","17":"tag-russie","18":"tag-ukraine"},"share_on_mastodon":{"url":"https:\/\/pubeurope.com\/@fr\/115870358815292849","error":""},"_links":{"self":[{"href":"https:\/\/www.europesays.com\/fr\/wp-json\/wp\/v2\/posts\/653770","targetHints":{"allow":["GET"]}}],"collection":[{"href":"https:\/\/www.europesays.com\/fr\/wp-json\/wp\/v2\/posts"}],"about":[{"href":"https:\/\/www.europesays.com\/fr\/wp-json\/wp\/v2\/types\/post"}],"author":[{"embeddable":true,"href":"https:\/\/www.europesays.com\/fr\/wp-json\/wp\/v2\/users\/2"}],"replies":[{"embeddable":true,"href":"https:\/\/www.europesays.com\/fr\/wp-json\/wp\/v2\/comments?post=653770"}],"version-history":[{"count":0,"href":"https:\/\/www.europesays.com\/fr\/wp-json\/wp\/v2\/posts\/653770\/revisions"}],"wp:featuredmedia":[{"embeddable":true,"href":"https:\/\/www.europesays.com\/fr\/wp-json\/wp\/v2\/media\/653771"}],"wp:attachment":[{"href":"https:\/\/www.europesays.com\/fr\/wp-json\/wp\/v2\/media?parent=653770"}],"wp:term":[{"taxonomy":"category","embeddable":true,"href":"https:\/\/www.europesays.com\/fr\/wp-json\/wp\/v2\/categories?post=653770"},{"taxonomy":"post_tag","embeddable":true,"href":"https:\/\/www.europesays.com\/fr\/wp-json\/wp\/v2\/tags?post=653770"}],"curies":[{"name":"wp","href":"https:\/\/api.w.org\/{rel}","templated":true}]}}