{"id":653774,"date":"2026-01-10T10:36:14","date_gmt":"2026-01-10T10:36:14","guid":{"rendered":"https:\/\/www.europesays.com\/fr\/653774\/"},"modified":"2026-01-10T10:36:14","modified_gmt":"2026-01-10T10:36:14","slug":"usa-mobilisation-nationale-contre-la-police-de-limmigration-apres-minneapolis","status":"publish","type":"post","link":"https:\/\/www.europesays.com\/fr\/653774\/","title":{"rendered":"USA-Mobilisation nationale contre la police de l&rsquo;immigration apr\u00e8s Minneapolis"},"content":{"rendered":"<p class=\"upper-letter\">par Renee \u200cHickman et Steve Gorman et Nathan Layne<\/p>\n<p>MINNEAPOLIS, Minnesota, 10 janvier (Reuters) &#8211; Les groupes de d\u00e9fense des droits civiques et des droits des migrants ont appel\u00e9 \u00e0 des rassemblements dans l&rsquo;ensemble des \u00c9tats-Unis samedi apr\u00e8s l&rsquo;\u00e9motion suscit\u00e9e par la mort d&rsquo;une Am\u00e9ricaine de 37 ans, abattue par un agent de la police \u200dde l&rsquo;immigration (ICE) \u00e0 Minneapolis.<\/p>\n<p>Selon les organisateurs, plus de 1.000 rassemblements sont pr\u00e9vus ce week-end dans tout le pays pour r\u00e9clamer la fin des d\u00e9ploiements massifs d&rsquo;agents de l&rsquo;Immigration et des Douanes ordonn\u00e9s par le pr\u00e9sident Donald Trump, principalement dans des villes dirig\u00e9es par des d\u00e9mocrates.<\/p>\n<p>Des manifestations ont eu lieu ces derniers jours dans la ville du Minnesota apr\u00e8s la mort de Ren\u00e9e Good, une m\u00e8re de trois enfants, abattue au volant de sa voiture alors qu&rsquo;elle observait un d\u00e9ploiement de l&rsquo;ICE.<\/p>\n<p>Le gouverneur \u200dd\u00e9mocrate du Minnesota, Tim Walz, candidat malheureux \u00e0 la vice-pr\u00e9sidence des \u00c9tats-Unis au c\u00f4t\u00e9 de Kamala Harris, a condamn\u00e9 le \u200dd\u00e9ploiement de quelque 2.000 agents de la police de l&rsquo;immigration, d\u00e9non\u00e7ant la \u00ab\u00a0gouvernance par t\u00e9l\u00e9-r\u00e9alit\u00e9\u00a0\u00bb de Donald Trump.<\/p>\n<p>Vendredi soir, des dizaines de personnes se sont rassembl\u00e9es devant un h\u00f4tel de Minneapolis o\u00f9 des agents de l&rsquo;ICE seraient h\u00e9berg\u00e9s pour un \u2060concert de casseroles, de sifflets et d&rsquo;instruments \u00e0 cuivre, selon des vid\u00e9os diffus\u00e9es par les activistes sur les r\u00e9seaux sociaux. La foule a \u00e9t\u00e9 dispers\u00e9e par la police de \u200bl&rsquo;Etat.<\/p>\n<p>Au moment o\u00f9 elle a \u00e9t\u00e9 tu\u00e9e, Ren\u00e9e Good participait \u00e0 l&rsquo;une des nombreuses \u00ab\u00a0patrouilles de quartier\u00a0\u00bb qui suivent, surveillent et enregistrent les activit\u00e9s de l&rsquo;ICE, selon sa famille et des militants locaux.<\/p>\n<p>La secr\u00e9taire \u00e0 la S\u00e9curit\u00e9 int\u00e9rieure, Kristi Noem, et d&rsquo;autres responsables de l&rsquo;administration \u200bTrump ont d\u00e9clar\u00e9 que la m\u00e8re de famille avait \u00ab\u00a0entrav\u00e9\u00a0\u00bb et \u00ab\u00a0traqu\u00e9\u00a0\u00bb les agents de l&rsquo;ICE toute la journ\u00e9e, et que l&rsquo;agent avait ouvert le feu en \u00e9tat de l\u00e9gitime d\u00e9fense lorsqu&rsquo;elle avait tent\u00e9 de lui foncer dessus avec sa voiture, \u00e9voquant \u00ab\u00a0un \u00ab\u00a0acte de \u2060terrorisme int\u00e9rieur\u00a0\u00bb.<\/p>\n<p>\u00ab\u00a0NARRATIF MENSONGER\u00a0\u00bb <\/p>\n<p>Le maire d\u00e9mocrate de Minneapolis, Jacob Frey, a pr\u00e9sent\u00e9 une vid\u00e9o film\u00e9e par un t\u00e9moin qui \u2060contredit ce qu&rsquo;il a qualifi\u00e9 de \u00ab\u00a0narratif mensonger\u00a0\u00bb du gouvernement f\u00e9d\u00e9ral, en montrant que les policiers n&rsquo;avaient aucune raison de tirer sur Ren\u00e9e Good.<\/p>\n<p>Sur la vid\u00e9o, on voit un des agents ordonner \u00e0 la femme de sortir de son v\u00e9hicule et agripper la poign\u00e9e de la porti\u00e8re avant du c\u00f4t\u00e9 conducteur, tandis que la voiture \u200cs&rsquo;\u00e9loigne des agents, dont l&rsquo;un recule et tire trois coups de feu.<\/p>\n<p>La vid\u00e9o film\u00e9e par l&rsquo;officier qui a ouvert le feu montre une Ren\u00e9e Good calme. \u00ab\u00a0C&rsquo;est bon, mec, je ne suis pas en col\u00e8re contre toi\u00a0\u00bb, dit-elle quelques \u200dinstants avant d&rsquo;\u00eatre abattue.<\/p>\n<p>Kristi Noem a d\u00e9clar\u00e9 que l&rsquo;agent avait \u00e9t\u00e9 bless\u00e9 et soign\u00e9 dans un h\u00f4pital, bien que sur la vid\u00e9o, la voiture ne semble pas toucher le policier et qu&rsquo;on le voit ensuite s&rsquo;\u00e9loigner en marchant sans difficult\u00e9 apparente.<\/p>\n<p>Face \u00e0 ces r\u00e9cits contradictoires, la police \u2060du Minnesota a annonc\u00e9 ouvrir sa propre enqu\u00eate en parall\u00e8le de l&rsquo;enqu\u00eate f\u00e9d\u00e9rale dirig\u00e9e par le FBI.<\/p>\n<p>Ren\u00e9e Good a \u00e9t\u00e9 abattue \u00e0 quelques rues de l&rsquo;endroit o\u00f9 l&rsquo;afro-am\u00e9ricain George Floyd avait tu\u00e9 par suffocation par un policier de Minneapolis lors d&rsquo;une arrestation film\u00e9e en mai 2020, ce qui avait entra\u00een\u00e9 des mois de manifestations contre l&rsquo;injustice raciale au cours du premier mandat de Donald Trump.<\/p>\n<p>La tension est encore mont\u00e9e d&rsquo;un cran apr\u00e8s un nouvel incident jeudi \u00e0 Portland, dans l&rsquo;Oregon, o\u00f9 un policier a bless\u00e9 par balles un homme et une femme dans leur voiture lors d&rsquo;une tentative d&rsquo;interpellation. Comme \u00e0 Minneapolis, le d\u00e9partement de la S\u00e9curit\u00e9 \u200dint\u00e9rieure (DHS) a affirm\u00e9 que le conducteur avait tent\u00e9 d&rsquo;\u00e9craser les policiers.<\/p>\n<p>Le DHS a d\u00e9clar\u00e9 vendredi que les victimes \u00e9taient des membres pr\u00e9sum\u00e9s d&rsquo;un gang \u200bv\u00e9n\u00e9zu\u00e9lien en situation irr\u00e9guli\u00e8re aux \u00c9tats-Unis et que la femme avait d\u00e9j\u00e0 \u00e9t\u00e9 impliqu\u00e9e dans une fusillade, mais il n&rsquo;a bizarrement fourni aucune preuve de ses all\u00e9gations.<\/p>\n<p>Le maire \u200bd\u00e9mocrate de Portland, Keith Wilson, a comme son coll\u00e8gue de Minneapolis mis en doute la version officielle et souhait\u00e9 l&rsquo;ouverture d&rsquo;une enqu\u00eate ind\u00e9pendante \u200dpour \u00e9tablir les faits.<\/p>\n<p> (Reportage de Ren\u00e9e Hickman \u00e0 Minneapolis et Nathan Layne \u00e0 New York, avec Steve Gorman \u00e0 Los Angeles, r\u00e9dig\u00e9 par William Mallard ; version fran\u00e7aise Tangi Sala\u00fcn)<\/p>\n","protected":false},"excerpt":{"rendered":"par Renee \u200cHickman et Steve Gorman et Nathan Layne MINNEAPOLIS, Minnesota, 10 janvier (Reuters) &#8211; Les groupes de&hellip;\n","protected":false},"author":2,"featured_media":653775,"comment_status":"","ping_status":"","sticky":false,"template":"","format":"standard","meta":{"footnotes":""},"categories":[1589],"tags":[11,73,1866,12,1864,1865,1863,308],"class_list":{"0":"post-653774","1":"post","2":"type-post","3":"status-publish","4":"format-standard","5":"has-post-thumbnail","7":"category-etats-unis","8":"tag-actualites","9":"tag-etats-unis","10":"tag-etats-unis-damerique","11":"tag-news","12":"tag-united-states","13":"tag-united-states-of-america","14":"tag-us","15":"tag-usa"},"share_on_mastodon":{"url":"https:\/\/pubeurope.com\/@fr\/115870366716445798","error":""},"_links":{"self":[{"href":"https:\/\/www.europesays.com\/fr\/wp-json\/wp\/v2\/posts\/653774","targetHints":{"allow":["GET"]}}],"collection":[{"href":"https:\/\/www.europesays.com\/fr\/wp-json\/wp\/v2\/posts"}],"about":[{"href":"https:\/\/www.europesays.com\/fr\/wp-json\/wp\/v2\/types\/post"}],"author":[{"embeddable":true,"href":"https:\/\/www.europesays.com\/fr\/wp-json\/wp\/v2\/users\/2"}],"replies":[{"embeddable":true,"href":"https:\/\/www.europesays.com\/fr\/wp-json\/wp\/v2\/comments?post=653774"}],"version-history":[{"count":0,"href":"https:\/\/www.europesays.com\/fr\/wp-json\/wp\/v2\/posts\/653774\/revisions"}],"wp:featuredmedia":[{"embeddable":true,"href":"https:\/\/www.europesays.com\/fr\/wp-json\/wp\/v2\/media\/653775"}],"wp:attachment":[{"href":"https:\/\/www.europesays.com\/fr\/wp-json\/wp\/v2\/media?parent=653774"}],"wp:term":[{"taxonomy":"category","embeddable":true,"href":"https:\/\/www.europesays.com\/fr\/wp-json\/wp\/v2\/categories?post=653774"},{"taxonomy":"post_tag","embeddable":true,"href":"https:\/\/www.europesays.com\/fr\/wp-json\/wp\/v2\/tags?post=653774"}],"curies":[{"name":"wp","href":"https:\/\/api.w.org\/{rel}","templated":true}]}}