{"id":653780,"date":"2026-01-10T10:39:11","date_gmt":"2026-01-10T10:39:11","guid":{"rendered":"https:\/\/www.europesays.com\/fr\/653780\/"},"modified":"2026-01-10T10:39:11","modified_gmt":"2026-01-10T10:39:11","slug":"le-plus-vieil-elephant-deurope-est-mort-susi-doyenne-du-zoo-de-barcelone-avait-55-ans","status":"publish","type":"post","link":"https:\/\/www.europesays.com\/fr\/653780\/","title":{"rendered":"Le plus vieil \u00e9l\u00e9phant d\u2019Europe est mort\u00a0: Susi, doyenne du zoo de Barcelone, avait 55 ans"},"content":{"rendered":"<p>\n                                                                Le zoo de Barcelone pleure la disparition de Susi, une \u00e9l\u00e9phante embl\u00e9matique. \u00c2g\u00e9e de plus de 55 ans, elle \u00e9tait l\u2019une des doyennes d\u2019Europe. Sa mort marque une \u00e9tape dans la transformation du zoo.\n                            <\/p>\n<p>Ce vendredi \u00e9tait jour de deuil au zoo de Barcelone (Catalogne, Espagne). En effet, l\u2019\u00e9l\u00e9phante Susi est morte.<\/p>\n<p>Susi \u00e9tait un personnage embl\u00e9matique du zoo de Barcelone. Un, en raison de son \u00e2ge extraordinaire pour un individu de son esp\u00e8ce. Selon les estimations, elle avait plus de 55 ans, soit bien plus que les 39 ans de moyenne pour un \u00e9l\u00e9phant d\u2019Afrique. Ce qui en faisait un des sp\u00e9cimens les plus \u00e2g\u00e9s d\u2019Europe, et la doyenne du zoo.<\/p>\n<p>Deux, car Susi a eu un parcours atypique. Captur\u00e9e dans la nature en Afrique pour \u00eatre exhib\u00e9e dans un cirque, elle a \u00ab\u00a0atterri\u00a0\u00bb \u00e0\u00a0Barcelone en septembre\u00a02022 apr\u00e8s un passage au Safari Park Vergel \u00e0 Alicante, ferm\u00e9 depuis une quinzaine d\u2019ann\u00e9es.<\/p>\n<p>Phase de transformation<\/p>\n<p>Et enfin, parce que Susi avait un caract\u00e8re tr\u00e8s particulier\u00a0: \u00ab\u00a0Un caract\u00e8re fort et affable, elle\u00a0a toujours entretenu une relation tr\u00e8s \u00e9troite avec ses soigneurs [\u2026] Les employ\u00e9s, ainsi que les membres et les visiteurs, se souviendront toujours de Susi avec une grande estime\u00a0\u00bb, a d\u00e9clar\u00e9 de son c\u00f4t\u00e9\u00a0le directeur du zoo de Barcelone, Antoni Alarc\u00f3n, aupr\u00e8s de nos confr\u00e8res de <a href=\"https:\/\/www.3cat.cat\/3catinfo\/mor-lelefanta-susi-la-mes-longeva-del-zoo-de-barcelona\/noticia\/3388476\/\" target=\"_self\" rel=\"noopener\">3cat.cat<\/a>.<\/p>\n<p>Susi est d\u00e9c\u00e9d\u00e9e de \u00ab\u00a0causes naturelles en raison de son \u00e2ge avanc\u00e9\u00a0\u00bb. L\u2019an dernier, un autre \u00e9l\u00e9phant du zoo de Barcelone baptis\u00e9 Yoyo est mort. Le zoo de Barcelone rouvre donc ses portes ce samedi avec un seul \u00e9l\u00e9phant d\u2019Afrique (Bully) dans l\u2019enclos qui leur est r\u00e9serv\u00e9, alors que la structure entame \u00ab\u00a0une phase de transformation \u00e0 l\u2019horizon 2030\u00a0\u00bb, pr\u00e9cise le m\u00e9dia catalan.<\/p>\n","protected":false},"excerpt":{"rendered":"Le zoo de Barcelone pleure la disparition de Susi, une \u00e9l\u00e9phante embl\u00e9matique. \u00c2g\u00e9e de plus de 55 ans,&hellip;\n","protected":false},"author":2,"featured_media":653781,"comment_status":"","ping_status":"","sticky":false,"template":"","format":"standard","meta":{"footnotes":""},"categories":[1586],"tags":[11,1867,1777,674,1011,27,1757,12,25],"class_list":{"0":"post-653780","1":"post","2":"type-post","3":"status-publish","4":"format-standard","5":"has-post-thumbnail","7":"category-europe","8":"tag-actualites","9":"tag-animaux","10":"tag-eu","11":"tag-europe","12":"tag-fr","13":"tag-france","14":"tag-insolite","15":"tag-news","16":"tag-republique-francaise"},"share_on_mastodon":{"url":"https:\/\/pubeurope.com\/@fr\/115870378534289398","error":""},"_links":{"self":[{"href":"https:\/\/www.europesays.com\/fr\/wp-json\/wp\/v2\/posts\/653780","targetHints":{"allow":["GET"]}}],"collection":[{"href":"https:\/\/www.europesays.com\/fr\/wp-json\/wp\/v2\/posts"}],"about":[{"href":"https:\/\/www.europesays.com\/fr\/wp-json\/wp\/v2\/types\/post"}],"author":[{"embeddable":true,"href":"https:\/\/www.europesays.com\/fr\/wp-json\/wp\/v2\/users\/2"}],"replies":[{"embeddable":true,"href":"https:\/\/www.europesays.com\/fr\/wp-json\/wp\/v2\/comments?post=653780"}],"version-history":[{"count":0,"href":"https:\/\/www.europesays.com\/fr\/wp-json\/wp\/v2\/posts\/653780\/revisions"}],"wp:featuredmedia":[{"embeddable":true,"href":"https:\/\/www.europesays.com\/fr\/wp-json\/wp\/v2\/media\/653781"}],"wp:attachment":[{"href":"https:\/\/www.europesays.com\/fr\/wp-json\/wp\/v2\/media?parent=653780"}],"wp:term":[{"taxonomy":"category","embeddable":true,"href":"https:\/\/www.europesays.com\/fr\/wp-json\/wp\/v2\/categories?post=653780"},{"taxonomy":"post_tag","embeddable":true,"href":"https:\/\/www.europesays.com\/fr\/wp-json\/wp\/v2\/tags?post=653780"}],"curies":[{"name":"wp","href":"https:\/\/api.w.org\/{rel}","templated":true}]}}