{"id":653782,"date":"2026-01-10T10:40:10","date_gmt":"2026-01-10T10:40:10","guid":{"rendered":"https:\/\/www.europesays.com\/fr\/653782\/"},"modified":"2026-01-10T10:40:10","modified_gmt":"2026-01-10T10:40:10","slug":"comment-chypre-veut-faire-la-future-pac-sa-priorite","status":"publish","type":"post","link":"https:\/\/www.europesays.com\/fr\/653782\/","title":{"rendered":"comment Chypre veut faire la future Pac sa priorit\u00e9 ?"},"content":{"rendered":"<p>Depuis le 1er\u00a0janvier et jusqu\u2019au 30\u00a0juin, Chypre a officiellement pris, pour la deuxi\u00e8me fois de son histoire, la pr\u00e9sidence semestrielle du Conseil de l\u2019Union europ\u00e9enne (UE). Juste avant la passation, elle a pr\u00e9sent\u00e9, le 21\u00a0d\u00e9cembre, son programme de travail pour le prochain semestre, qui fait la part belle \u00e0 la question de l\u2019autonomie strat\u00e9gique.<\/p>\n<p><a href=\"https:\/\/www.paysansdelaloire.fr\/abonnements\/\" target=\"_blank\" rel=\"noopener\">Offrir un abonnement \u00e0 Paysans de la Loire<\/a><\/p>\n<p>Au niveau agricole, Chypre a pour objectif de \u00ab\u00a0renforcer la comp\u00e9titivit\u00e9, la durabilit\u00e9 et l\u2019attractivit\u00e9 \u00e0 long terme du secteur agricole de l\u2019UE\u00a0\u00bb. Sans surprise, la pr\u00e9sidence chypriote va se concentrer sur les n\u00e9gociations de la <a href=\"https:\/\/www.paysansdelaloire.fr\/articles\/un-mercredi-noir-pour-l-agriculture-europeenne\/\" target=\"_blank\" rel=\"noopener\">prochaine Politique agricole commune (Pac)<\/a> et tenter de faciliter le dialogue politique alors que les \u00c9tats membres sont toujours vent debout contre la fusion des fonds de la Pac au sein des plans de partenariats nationaux et r\u00e9gionaux (PPNR). Chypre pr\u00e9voit notamment de mettre l\u2019accent sur les propositions sectorielles et d&rsquo;accorder une importance particuli\u00e8re \u00e0 celles relatives au r\u00e8glement sur l\u2019Organisation commune des march\u00e9s (OCM). \u00c0 ce titre, les trilogues concernant la r\u00e9vision cibl\u00e9e de l\u2019OCM de la Pac devraient revenir \u00e0 l\u2019ordre du jour des col\u00e9gislateurs d\u00e8s le mois de janvier, apr\u00e8s l\u2019\u00e9chec des pourparlers en d\u00e9cembre 2025.<\/p>\n<p>En outre, la gestion des crises, notamment les mesures de pr\u00e9vention des incendies et les outils de gestion des crises, sera aussi une priorit\u00e9 tout comme l\u2019approfondissement de la simplification de la Pac.<\/p>\n<p>Pratiques d\u00e9loyales, semences&#8230;<\/p>\n<p>Par ailleurs, la question du renforcement de la position des agriculteurs dans la cha\u00eene alimentaire devrait \u00eatre centrale au cours des six prochains mois. Chypre se chargera du suivi de l\u2019\u00e9valuation de la directive sur les pratiques commerciales d\u00e9loyales, dont la proposition de r\u00e9vision de la Commission europ\u00e9enne est attendue pour le 3e\u00a0trimestre 2026, sous pr\u00e9sidence irlandaise. Dans cette optique, la pr\u00e9sidence encouragera des mesures visant \u00e0 assurer une r\u00e9partition plus \u00e9quitable de la valeur, \u00e0 am\u00e9liorer la r\u00e9silience des producteurs face aux d\u00e9fis li\u00e9s au march\u00e9 et au climat.<\/p>\n<p>Lire aussi : <a href=\"https:\/\/www.paysansdelaloire.fr\/articles\/pac-bruxelles-repartit-les-futures-enveloppes\/\" target=\"_blank\" rel=\"noopener\">Pac : Bruxelles r\u00e9partit les futures enveloppes<\/a><\/p>\n<p>Enfin, elle souhaite faire avancer les n\u00e9gociations en cours sur le r\u00e8glement relatif au mat\u00e9riel de reproduction des plantes et sur la protection des animaux pendant le transport. Elle devrait aussi poursuivre les travaux pr\u00e9paratoires aux propositions \u00e0 venir de simplification de la l\u00e9gislation de l\u2019UE en mati\u00e8re de bien-\u00eatre animal.<\/p>\n<p>La premi\u00e8re r\u00e9union du Conseil Agriculture aura lieu le 26\u00a0janvier \u00e0 Bruxelles. Les autres se tiendront le 23\u00a0f\u00e9vrier, le 30\u00a0mars, le 27\u00a0avril \u00e0 Luxembourg, le 26\u00a0mai et enfin, le 22\u00a0juin, une nouvelle fois \u00e0 Luxembourg. La traditionnelle r\u00e9union informelle des ministres de l\u2019Agriculture de l\u2019UE se tiendra \u00e0 Nicosie du 3 au 5\u00a0mai.<\/p>\n<p>Budget, environnement, commerce<\/p>\n<p>Parmi les autres dossiers, Chypre entend pr\u00e9senter un cadre de n\u00e9gociation abouti concernant la proposition de Cadre financier pluriannuel (CFP) 2028-2034, assorti de chiffres indicatifs, d\u2019ici juin\u00a02026. La pr\u00e9sidence tentera aussi de faire progresser de mani\u00e8re significative les n\u00e9gociations sur les \u00e9l\u00e9ments cl\u00e9s du paquet CFP, dont l\u2019agriculture et le d\u00e9veloppement rural.<\/p>\n<p>Nicosie pr\u00e9voit \u00e9galement de faire avancer les travaux concernant un paquet de simplification de la l\u00e9gislation environnementale de l\u2019UE, pr\u00e9sent\u00e9e par Bruxelles le 10\u00a0d\u00e9cembre. En mati\u00e8re climatique, la pr\u00e9sidence entend faire progresser les discussions sur la strat\u00e9gie de r\u00e9silience en eau, un de ses sujets de pr\u00e9dilection, et esp\u00e8re parvenir \u00e0 des conclusions du Conseil sur la strat\u00e9gie de la bio\u00e9conomie. Des sujets qui devraient \u00e9galement revenir sur la table des ministres de l\u2019Agriculture.<\/p>\n<p>Enfin, au niveau commercial, Chypre devra notamment coordonner les pr\u00e9paratifs en vue de la 14e Conf\u00e9rence minist\u00e9rielle de l\u2019OMC qui se tiendra en mars \u00e0 Yaound\u00e9, au Cameroun. En mati\u00e8re de n\u00e9gociations commerciales, la priorit\u00e9 sera mise sur les partenariats en Afrique et au Moyen-Orient, en particulier ceux avec l\u2019Inde et les \u00c9mirats arabes unis.<\/p>\n<p>En outre, la pr\u00e9sidence chypriote devrait travailler \u00e0 la finalisation des proc\u00e9dures au sein du Conseil de l\u2019UE pour les accords d\u00e9j\u00e0 conclus dans les r\u00e9gions d\u2019Am\u00e9rique latine \u2013 sans mentionner explicitement l\u2019accord avec les pays du Mercosur \u2013 et de l\u2019ASEAN (Association des nations de l&rsquo;Asie du Sud-Est).\u00a0<\/p>\n","protected":false},"excerpt":{"rendered":"Depuis le 1er\u00a0janvier et jusqu\u2019au 30\u00a0juin, Chypre a officiellement pris, pour la deuxi\u00e8me fois de son histoire, la&hellip;\n","protected":false},"author":2,"featured_media":653783,"comment_status":"","ping_status":"","sticky":false,"template":"","format":"standard","meta":{"footnotes":""},"categories":[1586],"tags":[11,1777,674,1779,1011,27,12,25,1778,364],"class_list":{"0":"post-653782","1":"post","2":"type-post","3":"status-publish","4":"format-standard","5":"has-post-thumbnail","7":"category-europe","8":"tag-actualites","9":"tag-eu","10":"tag-europe","11":"tag-european-union","12":"tag-fr","13":"tag-france","14":"tag-news","15":"tag-republique-francaise","16":"tag-ue","17":"tag-union-europeenne"},"share_on_mastodon":{"url":"https:\/\/pubeurope.com\/@fr\/115870382416800355","error":""},"_links":{"self":[{"href":"https:\/\/www.europesays.com\/fr\/wp-json\/wp\/v2\/posts\/653782","targetHints":{"allow":["GET"]}}],"collection":[{"href":"https:\/\/www.europesays.com\/fr\/wp-json\/wp\/v2\/posts"}],"about":[{"href":"https:\/\/www.europesays.com\/fr\/wp-json\/wp\/v2\/types\/post"}],"author":[{"embeddable":true,"href":"https:\/\/www.europesays.com\/fr\/wp-json\/wp\/v2\/users\/2"}],"replies":[{"embeddable":true,"href":"https:\/\/www.europesays.com\/fr\/wp-json\/wp\/v2\/comments?post=653782"}],"version-history":[{"count":0,"href":"https:\/\/www.europesays.com\/fr\/wp-json\/wp\/v2\/posts\/653782\/revisions"}],"wp:featuredmedia":[{"embeddable":true,"href":"https:\/\/www.europesays.com\/fr\/wp-json\/wp\/v2\/media\/653783"}],"wp:attachment":[{"href":"https:\/\/www.europesays.com\/fr\/wp-json\/wp\/v2\/media?parent=653782"}],"wp:term":[{"taxonomy":"category","embeddable":true,"href":"https:\/\/www.europesays.com\/fr\/wp-json\/wp\/v2\/categories?post=653782"},{"taxonomy":"post_tag","embeddable":true,"href":"https:\/\/www.europesays.com\/fr\/wp-json\/wp\/v2\/tags?post=653782"}],"curies":[{"name":"wp","href":"https:\/\/api.w.org\/{rel}","templated":true}]}}