{"id":653784,"date":"2026-01-10T10:41:11","date_gmt":"2026-01-10T10:41:11","guid":{"rendered":"https:\/\/www.europesays.com\/fr\/653784\/"},"modified":"2026-01-10T10:41:11","modified_gmt":"2026-01-10T10:41:11","slug":"en-iran-une-repression-sanglante-et-a-huis-clos","status":"publish","type":"post","link":"https:\/\/www.europesays.com\/fr\/653784\/","title":{"rendered":"En Iran, une r\u00e9pression sanglante et \u00e0 huis clos"},"content":{"rendered":"<p>                     <img loading=\"lazy\" decoding=\"async\" src=\"https:\/\/www.europesays.com\/fr\/wp-content\/uploads\/2026\/01\/c572853_upload-1-e9nalwsgcctq-916428.jpg\" alt=\"Cette image extraite d\u2019une vid\u00e9o prise par une personne non employ\u00e9e par l\u2019Associated Press et obtenue par l\u2019AP hors d\u2019Iran montre un incendie alors que des personnes manifestent \u00e0 T\u00e9h\u00e9ran, le vendredi 9\u00a0janvier 2026.\"   width=\"664\" height=\"443\"\/>    Cette image extraite d\u2019une vid\u00e9o prise par une personne non employ\u00e9e par l\u2019Associated Press et obtenue par l\u2019AP hors d\u2019Iran montre un incendie alors que des personnes manifestent \u00e0 T\u00e9h\u00e9ran, le vendredi 9\u00a0janvier 2026.  AP                 <\/p>\n<p class=\"article__paragraph  \">Dans le discours des dirigeants iraniens, les manifestants ont d\u2019abord \u00e9t\u00e9 pr\u00e9sent\u00e9s comme des \u00ab\u00a0personnes l\u00e9gitimement m\u00e9contentes\u00a0\u00bb, en raison des probl\u00e8mes \u00e9conomiques, qu\u2019il fallait \u00e9couter et distinguer des \u00ab\u00a0\u00e9meutiers\u00a0\u00bb. Depuis vendredi 9\u00a0janvier, les m\u00e9dias d\u2019Etat et les responsables politiques et judiciaires les qualifient d\u2019\u00ab\u00a0agents terroristes\u00a0\u00bb au service des Etats-Unis et d\u2019Isra\u00ebl. Un changement s\u00e9mantique, qui, au lendemain des grandes manifestations de jeudi, ouvre la voie \u00e0 une r\u00e9pression sanglante.<\/p>\n<p class=\"article__paragraph  \">Vendredi matin, le Guide supr\u00eame, Ali Khamenei, a pris la parole devant ses partisans, promettant que la R\u00e9publique islamique \u00ab\u00a0ne reculera pas face aux destructeurs\u00a0\u00bb, un signal clair aux autorit\u00e9s pour intensifier la r\u00e9pression. \u00ab\u00a0Hier soir \u00e0 T\u00e9h\u00e9ran et dans d\u2019autres villes, une poign\u00e9e de vandales sont descendus dans les rues et ont d\u00e9truit des b\u00e2timents appartenant \u00e0 leur propre pays afin de satisfaire le pr\u00e9sident am\u00e9ricain\u00a0\u00bb, a-t-il ajout\u00e9, faisant r\u00e9f\u00e9rence aux menaces r\u00e9p\u00e9t\u00e9es de Donald\u00a0Trump de bombarder l\u2019Iran en cas de r\u00e9pression des manifestants pacifiques.<\/p>\n<p class=\"reading-mode-only \"><strong>Il vous reste 85.16% de cet article \u00e0 lire. La suite est r\u00e9serv\u00e9e aux abonn\u00e9s.<\/strong><\/p>\n","protected":false},"excerpt":{"rendered":"Cette image extraite d\u2019une vid\u00e9o prise par une personne non employ\u00e9e par l\u2019Associated Press et obtenue par l\u2019AP&hellip;\n","protected":false},"author":2,"featured_media":653785,"comment_status":"","ping_status":"","sticky":false,"template":"","format":"standard","meta":{"footnotes":""},"categories":[2],"tags":[11,1011,27,12,25],"class_list":{"0":"post-653784","1":"post","2":"type-post","3":"status-publish","4":"format-standard","5":"has-post-thumbnail","7":"category-actualites","8":"tag-actualites","9":"tag-fr","10":"tag-france","11":"tag-news","12":"tag-republique-francaise"},"share_on_mastodon":{"url":"https:\/\/pubeurope.com\/@fr\/115870387246857341","error":""},"_links":{"self":[{"href":"https:\/\/www.europesays.com\/fr\/wp-json\/wp\/v2\/posts\/653784","targetHints":{"allow":["GET"]}}],"collection":[{"href":"https:\/\/www.europesays.com\/fr\/wp-json\/wp\/v2\/posts"}],"about":[{"href":"https:\/\/www.europesays.com\/fr\/wp-json\/wp\/v2\/types\/post"}],"author":[{"embeddable":true,"href":"https:\/\/www.europesays.com\/fr\/wp-json\/wp\/v2\/users\/2"}],"replies":[{"embeddable":true,"href":"https:\/\/www.europesays.com\/fr\/wp-json\/wp\/v2\/comments?post=653784"}],"version-history":[{"count":0,"href":"https:\/\/www.europesays.com\/fr\/wp-json\/wp\/v2\/posts\/653784\/revisions"}],"wp:featuredmedia":[{"embeddable":true,"href":"https:\/\/www.europesays.com\/fr\/wp-json\/wp\/v2\/media\/653785"}],"wp:attachment":[{"href":"https:\/\/www.europesays.com\/fr\/wp-json\/wp\/v2\/media?parent=653784"}],"wp:term":[{"taxonomy":"category","embeddable":true,"href":"https:\/\/www.europesays.com\/fr\/wp-json\/wp\/v2\/categories?post=653784"},{"taxonomy":"post_tag","embeddable":true,"href":"https:\/\/www.europesays.com\/fr\/wp-json\/wp\/v2\/tags?post=653784"}],"curies":[{"name":"wp","href":"https:\/\/api.w.org\/{rel}","templated":true}]}}