{"id":653788,"date":"2026-01-10T10:43:14","date_gmt":"2026-01-10T10:43:14","guid":{"rendered":"https:\/\/www.europesays.com\/fr\/653788\/"},"modified":"2026-01-10T10:43:14","modified_gmt":"2026-01-10T10:43:14","slug":"comment-lassociation-hemicycle-france-veut-sensibiliser-les-jeunes-a-la-politique","status":"publish","type":"post","link":"https:\/\/www.europesays.com\/fr\/653788\/","title":{"rendered":"Comment l\u2019association H\u00e9micycle France veut sensibiliser les jeunes \u00e0 la politique"},"content":{"rendered":"<p>\n                                                                    l&rsquo;essentiel<br \/>\n                                                                Valentin Rouby, \u00e9tudiant tarbais et d\u00e9l\u00e9gu\u00e9 g\u00e9n\u00e9ral de l\u2019association nationale H\u00e9micycle France pr\u00e9sente son projet\u00a0: r\u00e9concilier la jeunesse avec les institutions politiques.\n                            <\/p>\n<p class=\"txt-question\">Quel est le but de votre association\u00a0?<\/p>\n<p>Le but principal de l\u2019association est de sensibiliser la jeunesse aux questions politiques, en permettant l\u2019expression des jeunes sur internet et de leur donner acc\u00e8s au d\u00e9bat, toujours dans une d\u00e9marche non-partisane.<\/p>\n<p class=\"txt-question\">Pourquoi cette volont\u00e9 de r\u00e9concilier les jeunes avec les institutions politiques\u00a0?<\/p>\n<p>La jeunesse, tout comme l\u2019ensemble de la population, se d\u00e9sint\u00e9resse de la politique, c\u2019est li\u00e9 probablement \u00e0 un d\u00e9tachement et \u00e0 un ras-le-bol g\u00e9n\u00e9ral.<\/p>\n<p>Mais les jeunes repr\u00e9sentent l\u2019avenir, pour cela il est important de faire prendre conscience \u00e0 ces derniers que la politique est primordiale pour s\u2019investir et \u00eatre plus libre.<\/p>\n<p class=\"txt-question\">Quelles actions allez-vous mettre en place\u00a0?<\/p>\n<p>L\u2019association organise plusieurs \u00e9v\u00e8nements en pr\u00e9sentiel, notamment sur Paris et Lyon. On essaie de pr\u00e9voir des rencontres et des interviews. On a r\u00e9cemment eu l\u2019occasion d\u2019\u00e9changer avec Jean Glavany, ancien chef de cabinet de Fran\u00e7ois Mitterrand.<\/p>\n<p>\u00c0 terme, le but est d\u2019organiser le plus possible de rencontres entre personnalit\u00e9s politiques et citoyens. L\u2019H\u00e9micycle propose aussi des simulations \u00e0 ses adh\u00e9rents, o\u00f9 il est par exemple possible de se mettre dans la peau d\u2019un d\u00e9put\u00e9. Nous avons \u00e9galement organis\u00e9 des conf\u00e9rences avec diff\u00e9rents acteurs publics.<\/p>\n<p>L\u2019association repose sur la libre participation des int\u00e9ress\u00e9s, via internet. On garde espoir pour que la jeunesse se r\u00e9concilie avec la politique\u00a0: une part d\u2019entre nous s\u2019interroge et s\u2019engage de plus en plus, on l\u2019a bien constat\u00e9 lors des \u00e9lections de 2024.<\/p>\n<p>Plus d\u2019informations\u00a0: <a href=\"https:\/\/hemicycle.org\/\" target=\"_self\" rel=\"noopener\">https:\/\/hemicycle.org\/<\/a><\/p>\n","protected":false},"excerpt":{"rendered":"l&rsquo;essentiel Valentin Rouby, \u00e9tudiant tarbais et d\u00e9l\u00e9gu\u00e9 g\u00e9n\u00e9ral de l\u2019association nationale H\u00e9micycle France pr\u00e9sente son projet\u00a0: r\u00e9concilier la&hellip;\n","protected":false},"author":2,"featured_media":653789,"comment_status":"","ping_status":"","sticky":false,"template":"","format":"standard","meta":{"footnotes":""},"categories":[4],"tags":[11,1011,27,329,4973,12,316,25,33484],"class_list":{"0":"post-653788","1":"post","2":"type-post","3":"status-publish","4":"format-standard","5":"has-post-thumbnail","7":"category-france","8":"tag-actualites","9":"tag-fr","10":"tag-france","11":"tag-france-monde","12":"tag-hautes-pyrenees","13":"tag-news","14":"tag-politique","15":"tag-republique-francaise","16":"tag-tarbes"},"share_on_mastodon":{"url":"","error":""},"_links":{"self":[{"href":"https:\/\/www.europesays.com\/fr\/wp-json\/wp\/v2\/posts\/653788","targetHints":{"allow":["GET"]}}],"collection":[{"href":"https:\/\/www.europesays.com\/fr\/wp-json\/wp\/v2\/posts"}],"about":[{"href":"https:\/\/www.europesays.com\/fr\/wp-json\/wp\/v2\/types\/post"}],"author":[{"embeddable":true,"href":"https:\/\/www.europesays.com\/fr\/wp-json\/wp\/v2\/users\/2"}],"replies":[{"embeddable":true,"href":"https:\/\/www.europesays.com\/fr\/wp-json\/wp\/v2\/comments?post=653788"}],"version-history":[{"count":0,"href":"https:\/\/www.europesays.com\/fr\/wp-json\/wp\/v2\/posts\/653788\/revisions"}],"wp:featuredmedia":[{"embeddable":true,"href":"https:\/\/www.europesays.com\/fr\/wp-json\/wp\/v2\/media\/653789"}],"wp:attachment":[{"href":"https:\/\/www.europesays.com\/fr\/wp-json\/wp\/v2\/media?parent=653788"}],"wp:term":[{"taxonomy":"category","embeddable":true,"href":"https:\/\/www.europesays.com\/fr\/wp-json\/wp\/v2\/categories?post=653788"},{"taxonomy":"post_tag","embeddable":true,"href":"https:\/\/www.europesays.com\/fr\/wp-json\/wp\/v2\/tags?post=653788"}],"curies":[{"name":"wp","href":"https:\/\/api.w.org\/{rel}","templated":true}]}}