{"id":653792,"date":"2026-01-10T10:47:15","date_gmt":"2026-01-10T10:47:15","guid":{"rendered":"https:\/\/www.europesays.com\/fr\/653792\/"},"modified":"2026-01-10T10:47:15","modified_gmt":"2026-01-10T10:47:15","slug":"alexander-blockx-remporte-le-tournoi-challenger-de-canberra-et-deboule-dans-le-top-100","status":"publish","type":"post","link":"https:\/\/www.europesays.com\/fr\/653792\/","title":{"rendered":"Alexander Blockx remporte le tournoi Challenger de Canberra et d\u00e9boule dans le Top 100"},"content":{"rendered":"<p><strong>Alexander Blockx<\/strong>, 115e mondial, s&rsquo;est impos\u00e9 en finale face \u00e0 l&rsquo;Espagnol de 19 ans, Rafael Jodar (ATP 165) en deux sets (6-4, 6-4).<\/p>\n<p>Il \u00e9tait men\u00e9 1-4 dans le deuxi\u00e8me set, mais a r\u00e9ussi \u00e0 inverser la vapeur et \u00e0 remporter le match apr\u00e8s 1 heure et 24 minutes.<\/p>\n<p>Alexander Blockx se pr\u00e9pare \u00e0 Canberra pour l&rsquo;Open d&rsquo;Australie, le premier tournoi du Grand Chelem de la saison, qui se d\u00e9roulera ce mois-ci \u00e0 Melbourne. Il y participera aux qualifications.<\/p>\n<p>Ce r\u00e9sultat permet au joueur anversois \u00e2g\u00e9 de 20 ans d&rsquo;int\u00e9grer le Top 100 mondial pour la premi\u00e8re fois de sa carri\u00e8re. Les projections l&rsquo;envoient \u00e0\u00a0la 95e place au classement\u00a0ATP \u00e0 para\u00eetre lundi.<\/p>\n<p>Troisi\u00e8me joueur belge dans la hi\u00e9rarchie, Alexander Blockx ajoute ainsi un quatri\u00e8me titre d\u00e9j\u00e0 \u00e0 son palmar\u00e8s sur le circuit Challenger apr\u00e8s des succ\u00e8s \u00e0 Bratislava et \u00e0 Oeiras au Portugal l&rsquo;an dernier. Il avait ouvert son palmar\u00e8s sur ces \u00e9preuves \u00e0 Kobe au Japon en 2024.<\/p>\n<p>Engag\u00e9 fin d\u00e9cembre dans le Masters des moins de 21 ans en Arabie saoudite, Alexander Blockx ne s&rsquo;y \u00e9tait inclin\u00e9 qu&rsquo;en finale face \u00e0 l&rsquo;Am\u00e9ricain Learner Tien, 28e mondial.<\/p>\n","protected":false},"excerpt":{"rendered":"Alexander Blockx, 115e mondial, s&rsquo;est impos\u00e9 en finale face \u00e0 l&rsquo;Espagnol de 19 ans, Rafael Jodar (ATP 165)&hellip;\n","protected":false},"author":2,"featured_media":653793,"comment_status":"","ping_status":"","sticky":false,"template":"","format":"standard","meta":{"footnotes":""},"categories":[1415],"tags":[1011,27,60,1467],"class_list":{"0":"post-653792","1":"post","2":"type-post","3":"status-publish","4":"format-standard","5":"has-post-thumbnail","7":"category-tennis","8":"tag-fr","9":"tag-france","10":"tag-sports","11":"tag-tennis"},"share_on_mastodon":{"url":"https:\/\/pubeurope.com\/@fr\/115870409832301755","error":""},"_links":{"self":[{"href":"https:\/\/www.europesays.com\/fr\/wp-json\/wp\/v2\/posts\/653792","targetHints":{"allow":["GET"]}}],"collection":[{"href":"https:\/\/www.europesays.com\/fr\/wp-json\/wp\/v2\/posts"}],"about":[{"href":"https:\/\/www.europesays.com\/fr\/wp-json\/wp\/v2\/types\/post"}],"author":[{"embeddable":true,"href":"https:\/\/www.europesays.com\/fr\/wp-json\/wp\/v2\/users\/2"}],"replies":[{"embeddable":true,"href":"https:\/\/www.europesays.com\/fr\/wp-json\/wp\/v2\/comments?post=653792"}],"version-history":[{"count":0,"href":"https:\/\/www.europesays.com\/fr\/wp-json\/wp\/v2\/posts\/653792\/revisions"}],"wp:featuredmedia":[{"embeddable":true,"href":"https:\/\/www.europesays.com\/fr\/wp-json\/wp\/v2\/media\/653793"}],"wp:attachment":[{"href":"https:\/\/www.europesays.com\/fr\/wp-json\/wp\/v2\/media?parent=653792"}],"wp:term":[{"taxonomy":"category","embeddable":true,"href":"https:\/\/www.europesays.com\/fr\/wp-json\/wp\/v2\/categories?post=653792"},{"taxonomy":"post_tag","embeddable":true,"href":"https:\/\/www.europesays.com\/fr\/wp-json\/wp\/v2\/tags?post=653792"}],"curies":[{"name":"wp","href":"https:\/\/api.w.org\/{rel}","templated":true}]}}