{"id":653794,"date":"2026-01-10T10:51:12","date_gmt":"2026-01-10T10:51:12","guid":{"rendered":"https:\/\/www.europesays.com\/fr\/653794\/"},"modified":"2026-01-10T10:51:12","modified_gmt":"2026-01-10T10:51:12","slug":"ce-nest-pas-a-noel-quil-y-a-pense-la-retraite-surprise-de-simon-yates-relance-la-question-sur-la-sante-mentale","status":"publish","type":"post","link":"https:\/\/www.europesays.com\/fr\/653794\/","title":{"rendered":"\u201cCe n\u2019est pas \u00e0 No\u00ebl qu\u2019il y a pens\u00e9\u201d, la retraite surprise de Simon Yates relance la question sur la sant\u00e9 mentale"},"content":{"rendered":"<p>Vainqueur de la Vuelta en 2018 et du Giro en 2025, Simon Yates, 33 ans, a annonc\u00e9, mercredi 7 janvier, mettre un terme \u00e0 sa carri\u00e8re de coureur professionnel. Apr\u00e8s une saison 2025 exceptionnelle, la retraite soudaine du grimpeur a surpris tout le monde au sein du peloton.\u00a0<\/p>\n<p>Il \u00e9voquait sa volont\u00e9 de faire le doubl\u00e9 sur le Giro en 2026 il y a encore quelques semaines. C\u2019est finalement depuis son canap\u00e9 que <a href=\"https:\/\/rmcsport.bfmtv.com\/cyclisme\/cyclisme-vous-avez-partage-les-sacrifices-lies-a-ce-sport-simon-yates-annonce-sa-retraite-a-33-ans_AV-202601070623.html\" title=\"Cyclisme: &quot;Vous avez partag\u00e9 les sacrifices li\u00e9s \u00e0 ce sport&quot;, Simon Yates annonce sa retraite \u00e0 33 ans\" class=\"internal_link\" target=\"_blank\" rel=\"noopener\">Simon Yates<\/a> suivra le Tour d\u2019Italie en 2026. \u201cCela peut surprendre beaucoup de monde, mais ce n&rsquo;est pas une d\u00e9cision que j&rsquo;ai prise \u00e0 la l\u00e9g\u00e8re. J&rsquo;y pense depuis longtemps et le moment me semble venu de quitter ce sport\u00a0\u00bb, \u00e9crit le coureur britannique \u00e0 travers un communiqu\u00e9 de la Visma Lease a Bike.<\/p>\n<p>Hormis quelques lignes de remerciements &#8211; \u201c\u00e0 ma famille, vous avez partag\u00e9 les sacrifices li\u00e9s \u00e0 ce sport. Les absences et les anniversaires manqu\u00e9s n&rsquo;ont jamais \u00e9t\u00e9 faciles, mais vous avez compris ce que ce parcours repr\u00e9sentait pour moi et vous l&rsquo;avez soutenu de tout c\u0153ur\u201d, &#8211; difficile de conna\u00eetre les raisons exactes de ce d\u00e9part inattendu.\u00a0<\/p>\n<p>Nutrition, r\u00e9cup\u00e9ration, hit training, une pr\u00e9paration toujours plus millim\u00e9tr\u00e9e\u00a0<\/p>\n<p>Depuis l&rsquo;annonce, de nombreuses th\u00e9ories fleurissent sur les r\u00e9seaux sociaux. L\u2019\u00e9quipe voudrait-elle camoufler un contr\u00f4le positif \u00e0 un produit dopant? Yates n\u2019a-t-il pas support\u00e9 que le leadership soit donn\u00e9 \u00e0 <a href=\"https:\/\/rmcsport.bfmtv.com\/cyclisme\/jonas-vingegaard_DN-202306290628.html\" title=\"Jonas Vingegaard\" class=\"internal_link\" target=\"_blank\" rel=\"noopener\">Jonas Vingegaard<\/a> pour le prochain Giro? Ou est-ce li\u00e9 \u00e0 la fatigue mentale? Fabian Cancellara s\u2019avance. \u201cLa retraite, \u00e7a vient, lui c&rsquo;est venu tr\u00e8s vite. Mais ce n&rsquo;est pas \u00e0 No\u00ebl qu&rsquo;il a pens\u00e9 qu&rsquo;il voulait arr\u00eater. Non il y a pens\u00e9 avant. Je dis toujours que tant que tu as la motivation, la sant\u00e9, la volont\u00e9, le soutien de la famille, tu peux faire. Si tu n&rsquo;as plus \u00e7a tu ne peux plus. Des fois, c&rsquo;est mieux d&rsquo;arr\u00eater que de le faire trop tard\u201d, explique le manager de Tudor.<\/p>\n<p>Fra\u00eechement retrait\u00e9, Tim Declercq n&rsquo;est pas non plus surpris. \u201cLe niveau du peloton est tellement haut. Il y a 20 ans, on s&rsquo;entra\u00eenait et on regardait d\u00e9j\u00e0 la nutrition, mais maintenant tu dois te concentrer sur ta nutrition, ta r\u00e9cup\u00e9ration, t\u2019entrainer plus, faire des choses comme le Hit training, c\u2019est devenu plus difficile d\u2019\u00eatre coureur. Sauf que tu n\u2019as pas le choix. J\u2019aimerais bien que \u00e7a ne soit pas le cas mais comme tout le monde fait \u00e7a, tu dois te mettre au niveau si tu veux \u00eatre le meilleur\u201d, estime l\u2019ancien coureur belge, d\u00e9sormais coach chez Soudal Quick-Step. \u201cPsychologiquement, dans les \u00e9quipes, \u00e7a va devenir de plus en plus important. Avec la pression, les coureurs peuvent plus facilement tomber dans la d\u00e9pression donc c\u2019est important d\u2019\u00eatre l\u00e0 pour eux quand tout ne va pas au mieux.\u201d Nombreux sont les coureurs \u00e0 s\u2019\u00eatre exprim\u00e9s sur les formes de d\u00e9pression qu\u2019ils ont pu conna\u00eetre tout au long de leur carri\u00e8re ou apr\u00e8s.\u00a0<\/p>\n<p>Plus de pression pour un coureur de classement g\u00e9n\u00e9ral<\/p>\n<p>Mark Cavendish avait notamment confi\u00e9 souffrir de d\u00e9pression \u00e0 cause du virus Epstein-Barr en 2018. \u201cC&rsquo;est s\u00fbr qu\u2019il y a un sujet sur la fatigue mentale, la lassitude qui peut arriver dans n\u2019importe quel m\u00e9tier et dans le cyclisme en particulier avec un sport de plus en plus exigeant physiquement mais aussi psychologiquement. C\u2019est aussi de ne pas tomber dans une forme de burn out et de garder de la fra\u00eecheur et \u00e7a passe par plein de biais et notamment la nouveaut\u00e9\u201d, explique Guillaume Martin-Guyonnet, 32 ans, qui d\u00e9butera sa saison en Australie fin janvier, justement sur une course o\u00f9 il n\u2019a jamais pris le d\u00e9part.<\/p>\n<p>Pour Davide Bramati, directeur sportif haut en couleur de la Soudal Quick-Step, l\u2019\u00e9puisement d\u00e9pend aussi du type de coureur. \u201cLe coureur de classement g\u00e9n\u00e9ral a plus de stress qu\u2019un sprinteur. Pour jouer un classement sur un Grand Tour, tu dois \u00eatre \u00e0 100% pendant des ann\u00e9es. A un moment, si tu n\u2019as plus la motivation, pour la t\u00eate c\u2019est difficile\u201d, explique l\u2019ancien coureur italien. \u201cYates, il est pass\u00e9 pro tr\u00e8s jeune, il a fait beaucoup, il a gagn\u00e9 le Giro, la Vuelta, il arrive \u00e0 34 ans&#8230;\u201d<\/p>\n<p><img decoding=\"async\" src=\"https:\/\/www.europesays.com\/fr\/wp-content\/uploads\/2026\/01\/principale-85_6.jpg\"  alt=\"Le cri du c\u0153ur : Julian Alaphilippe invit\u00e9 du SMS - 07\/01\" title=\"Le cri du c\u0153ur : Julian Alaphilippe invit\u00e9 du SMS - 07\/01\"\/>Le cri du c\u0153ur : Julian Alaphilippe invit\u00e9 du SMS &#8211; 07\/01<\/p>\n<p>Avec des saisons qui ne s\u2019arr\u00eatent jamais, de plus en plus de coureurs ont du mal \u00e0 suivre la cadence et les nombreux d\u00e9placements. Le quadruple vainqueur du Tour de France Tadej Pogacar s\u2019\u00e9tait d\u2019ailleurs confi\u00e9 sur le sujet, expliquant \u201ccompter d\u00e9j\u00e0 les ann\u00e9es avant la retraite.\u201d D\u00e9sormais loin de ses grandes ann\u00e9es, <a href=\"https:\/\/rmcsport.bfmtv.com\/cyclisme\/cyclisme-je-sens-que-j-ai-atteint-bientot-la-limite-a-33-ans-julian-alaphilippe-debute-une-nouvelle-saison-avec-des-ambitions_AV-202601070967.html\" title=\"Cyclisme: &quot;Je sens que j\u2019ai atteint bient\u00f4t la limite&quot;, \u00e0 33 ans, Julian Alaphilippe d\u00e9bute une nouvelle saison, avec des ambitions\" class=\"internal_link\" target=\"_blank\" rel=\"noopener\">Julian Alaphilippe<\/a> comprend le Slov\u00e8ne. \u00ab\u00a0Je pense qu&rsquo;il est sinc\u00e8re quand il dit \u00e7a. On voit sa domination depuis plusieurs ann\u00e9es. M\u00eame si c&rsquo;est une situation qu&rsquo;on aimerait tous vivre, quand on a tout gagn\u00e9\u2026 Je viens aussi de voir <a href=\"https:\/\/rmcsport.bfmtv.com\/cyclisme\/mathieu-van-der-poel_DN-202108310504.html\" title=\"Mathieu Van der Poel\" class=\"internal_link\" target=\"_blank\" rel=\"noopener\">Mathieu Van der Poel<\/a> qui envisageait d\u2019arr\u00eater le cyclo-cross, \u00e7a peut \u00eatre lassant.\u201d Des retraites de coureurs \u00e0 30 ans? Pas impossible de l\u2019imaginer dans le futur\u2026<\/p>\n","protected":false},"excerpt":{"rendered":"Vainqueur de la Vuelta en 2018 et du Giro en 2025, Simon Yates, 33 ans, a annonc\u00e9, mercredi&hellip;\n","protected":false},"author":2,"featured_media":572142,"comment_status":"","ping_status":"","sticky":false,"template":"","format":"standard","meta":{"footnotes":""},"categories":[1411],"tags":[1154,207,1011,27,60],"class_list":{"0":"post-653794","1":"post","2":"type-post","3":"status-publish","4":"format-standard","5":"has-post-thumbnail","7":"category-cyclisme","8":"tag-cycling","9":"tag-cyclisme","10":"tag-fr","11":"tag-france","12":"tag-sports"},"share_on_mastodon":{"url":"https:\/\/pubeurope.com\/@fr\/115870425801402397","error":""},"_links":{"self":[{"href":"https:\/\/www.europesays.com\/fr\/wp-json\/wp\/v2\/posts\/653794","targetHints":{"allow":["GET"]}}],"collection":[{"href":"https:\/\/www.europesays.com\/fr\/wp-json\/wp\/v2\/posts"}],"about":[{"href":"https:\/\/www.europesays.com\/fr\/wp-json\/wp\/v2\/types\/post"}],"author":[{"embeddable":true,"href":"https:\/\/www.europesays.com\/fr\/wp-json\/wp\/v2\/users\/2"}],"replies":[{"embeddable":true,"href":"https:\/\/www.europesays.com\/fr\/wp-json\/wp\/v2\/comments?post=653794"}],"version-history":[{"count":0,"href":"https:\/\/www.europesays.com\/fr\/wp-json\/wp\/v2\/posts\/653794\/revisions"}],"wp:featuredmedia":[{"embeddable":true,"href":"https:\/\/www.europesays.com\/fr\/wp-json\/wp\/v2\/media\/572142"}],"wp:attachment":[{"href":"https:\/\/www.europesays.com\/fr\/wp-json\/wp\/v2\/media?parent=653794"}],"wp:term":[{"taxonomy":"category","embeddable":true,"href":"https:\/\/www.europesays.com\/fr\/wp-json\/wp\/v2\/categories?post=653794"},{"taxonomy":"post_tag","embeddable":true,"href":"https:\/\/www.europesays.com\/fr\/wp-json\/wp\/v2\/tags?post=653794"}],"curies":[{"name":"wp","href":"https:\/\/api.w.org\/{rel}","templated":true}]}}