{"id":653795,"date":"2026-01-10T10:52:11","date_gmt":"2026-01-10T10:52:11","guid":{"rendered":"https:\/\/www.europesays.com\/fr\/653795\/"},"modified":"2026-01-10T10:52:11","modified_gmt":"2026-01-10T10:52:11","slug":"la-resurrection-de-steven-luyambula-a-orleans","status":"publish","type":"post","link":"https:\/\/www.europesays.com\/fr\/653795\/","title":{"rendered":"la r\u00e9surrection de Steven Luyambula \u00e0 Orl\u00e9ans"},"content":{"rendered":"<p>L&rsquo;histoire de Steven Luyambula (23 ans) est celle d&rsquo;un rebond spectaculaire. \u00c9cart\u00e9 du c\u00f4t\u00e9 du Paris 13 Atletico, le d\u00e9fenseur semblait dans l&rsquo;impasse avant de rejoindre l&rsquo;US Orl\u00e9ans Loiret Football le 1er septembre dernier. Quelques semaines plus tard, le constat est sans appel : il s&rsquo;agit d&rsquo;une v\u00e9ritable r\u00e9surrection sportive. Malgr\u00e9 une arriv\u00e9e tardive, il s&rsquo;est impos\u00e9 chez les Gu\u00eapes, affichant un bilan de quinze matchs toutes comp\u00e9titions confondues pour un but et trois passes d\u00e9cisives.<\/p>\n<p>Le d\u00e9fenseur revient sur ses premiers pas dans le Loiret avec enthousiasme : \u00ab\u00a0Je suis arriv\u00e9 en septembre de Paris 13, on m\u2019a mis \u00e0 l\u2019aise d\u00e8s mon arriv\u00e9e car je connaissais d\u00e9j\u00e0 des joueurs avec qui j\u2019avais d\u00e9j\u00e0 jou\u00e9.\u00a0\u00bb Il estime que cette int\u00e9gration facilit\u00e9e a \u00e9t\u00e9 le v\u00e9ritable d\u00e9clencheur de ses performances actuelles : \u00ab\u00a0Cela m\u2019a mis en confiance et m\u2019a permis de marquer lors de mon premier match sous mes nouvelles couleurs\u00a0\u00bb.<\/p>\n<p><strong>Une premi\u00e8re \u00ab\u00a0fracassante\u00a0\u00bb sous le maillot des Gu\u00eapes<\/strong><\/p>\n<p>Ce bapt\u00eame du feu, survenu contre Le Puy (1-1) le 5 septembre dernier lors de <a href=\"https:\/\/www.foot-national.com\/data\/calendrier-national.html\" target=\"_blank\" rel=\"noopener\">la cinqui\u00e8me journ\u00e9e<\/a> du National, a imm\u00e9diatement marqu\u00e9 son entra\u00eeneur, Herv\u00e9 Della Maggiore. Ce dernier ne cache pas sa satisfaction face \u00e0 l&rsquo;apport de sa recrue : \u00ab\u00a0Il a fait une rentr\u00e9e fracassante parce qu&rsquo;il a mis tout de suite un but avec une \u00e9galisation \u00e0 la derni\u00e8re minute et un superbe but en jouant c\u00f4t\u00e9 gauche alors qu&rsquo;il est droitier.\u00a0\u00bb Pour le technicien, la progression du joueur est constante et son implication exemplaire : \u00ab\u00a0C&rsquo;est un jeune joueur, qui a beaucoup progress\u00e9. Il prend beaucoup de temps de jeu. C&rsquo;est un gar\u00e7on qui est \u00e0 l&rsquo;\u00e9coute, qui est agr\u00e9able au quotidien\u00a0\u00bb.<\/p>\n<p>Tactiquement, l&rsquo;arriv\u00e9e de Luyambula a offert de nouvelles options au staff orl\u00e9anais. \u00ab\u00a0Nous avons un style de jeu qui lui convient\u00a0\u00bb, analyse Della Maggiore, qui souligne que le d\u00e9fenseur apporte \u00ab\u00a0un profil qu&rsquo;on n&rsquo;avait pas dans notre effectif avec beaucoup de vitesse.\u00a0\u00bb S&rsquo;il reste exigeant en pr\u00e9cisant \u00ab\u00a0qu&rsquo;il peut encore progresser sur le plan d\u00e9fensif\u00a0\u00bb, l&rsquo;entra\u00eeneur est persuad\u00e9 que son prot\u00e9g\u00e9 \u00ab\u00a0est sur le bon chemin pour franchir des paliers suppl\u00e9mentaires.\u00a0\u00bb<\/p>\n<p><strong>Le frisson de la Coupe face \u00e0 Monaco<\/strong><\/p>\n<p>Le prochain palier se dresse d\u00e8s ce samedi (15h30) au Stade de la Source. L&rsquo;USO s&rsquo;appr\u00eate \u00e0 recevoir l&rsquo;AS Monaco (L1) pour le compte des <a href=\"https:\/\/www.foot-national.com\/coupe-de-france\/coupe-de-france-la-programmation-complete-des-seiziemes-de-finale-avec-deux-rencontres-decalees-933859\" target=\"_blank\" rel=\"noopener\">seizi\u00e8mes de finale<\/a> de la Coupe de France. Un rendez-vous qui fait briller les yeux de Steven Luyambula : \u00ab\u00a0La Coupe de France fait toujours vibrer, on veut toujours aller le plus loin possible pour affronter les \u00e9quipes de Ligue 1 comme j\u2019ai pu le faire \u00e0 Bergerac face \u00e0 l&rsquo;OL (d\u00e9faite 1-2 le 19\/01\/2024 lors des 16es de finale, NDLR)\u00a0\u00bb.<\/p>\n<p>Pour le d\u00e9fenseur, l&rsquo;enjeu d\u00e9passe le simple cadre sportif, c&rsquo;est une source d&rsquo;\u00e9motion pure. \u00ab\u00a0Des joueurs que tu vois \u00e0 la t\u00e9l\u00e9 et qui se retrouvent en face de toi pour t\u2019affronter dans un stade rempli, c\u2019est vraiment pour ce genre de match qu\u2019on aime ce sport\u00a0\u00bb, confie-t-il. Le d\u00e9fi est immense : le vainqueur sera qualifi\u00e9 pour les huiti\u00e8mes de finale, dont <a href=\"https:\/\/www.foot-national.com\/coupe-de-france\/coupe-de-france-la-date-du-tirage-au-sort-des-huitiemes-de-finale-934140\" target=\"_blank\" rel=\"noopener\">le tirage au sort<\/a> sera effectu\u00e9 le mardi 13 janvier.<\/p>\n<p>Partagez cette info avec vos amis et vos proches en cliquant ici<br \/>Pour r\u00e9sumer<\/p>\n<p>L&rsquo;histoire de Steven Luyambula (23 ans) est celle d&rsquo;un rebond spectaculaire. \u00c9cart\u00e9 du c\u00f4t\u00e9 du Paris 13 Atletico, le d\u00e9fenseur semblait dans l&rsquo;impasse avant de rejoindre l&rsquo;US Orl\u00e9ans Loiret Football le 1er d\u00e9cembre dernier. Quelques semaines plus tard, le constat est sans appel : il s&rsquo;agit d&rsquo;une v\u00e9ritable r\u00e9surrection sportive.<\/p>\n<p> <img decoding=\"async\" width=\"76\" height=\"76\" loading=\"lazy\" src=\"https:\/\/static.wui.fr\/images_v3\/avatar-footnational.png\" alt=\"Aris Djennadi\"\/><\/p>\n","protected":false},"excerpt":{"rendered":"L&rsquo;histoire de Steven Luyambula (23 ans) est celle d&rsquo;un rebond spectaculaire. \u00c9cart\u00e9 du c\u00f4t\u00e9 du Paris 13 Atletico,&hellip;\n","protected":false},"author":2,"featured_media":653796,"comment_status":"","ping_status":"","sticky":false,"template":"","format":"standard","meta":{"footnotes":""},"categories":[1410],"tags":[63,1011,27,59645,60],"class_list":{"0":"post-653795","1":"post","2":"type-post","3":"status-publish","4":"format-standard","5":"has-post-thumbnail","7":"category-football","8":"tag-football","9":"tag-fr","10":"tag-france","11":"tag-national-actus","12":"tag-sports"},"share_on_mastodon":{"url":"https:\/\/pubeurope.com\/@fr\/115870429820252803","error":""},"_links":{"self":[{"href":"https:\/\/www.europesays.com\/fr\/wp-json\/wp\/v2\/posts\/653795","targetHints":{"allow":["GET"]}}],"collection":[{"href":"https:\/\/www.europesays.com\/fr\/wp-json\/wp\/v2\/posts"}],"about":[{"href":"https:\/\/www.europesays.com\/fr\/wp-json\/wp\/v2\/types\/post"}],"author":[{"embeddable":true,"href":"https:\/\/www.europesays.com\/fr\/wp-json\/wp\/v2\/users\/2"}],"replies":[{"embeddable":true,"href":"https:\/\/www.europesays.com\/fr\/wp-json\/wp\/v2\/comments?post=653795"}],"version-history":[{"count":0,"href":"https:\/\/www.europesays.com\/fr\/wp-json\/wp\/v2\/posts\/653795\/revisions"}],"wp:featuredmedia":[{"embeddable":true,"href":"https:\/\/www.europesays.com\/fr\/wp-json\/wp\/v2\/media\/653796"}],"wp:attachment":[{"href":"https:\/\/www.europesays.com\/fr\/wp-json\/wp\/v2\/media?parent=653795"}],"wp:term":[{"taxonomy":"category","embeddable":true,"href":"https:\/\/www.europesays.com\/fr\/wp-json\/wp\/v2\/categories?post=653795"},{"taxonomy":"post_tag","embeddable":true,"href":"https:\/\/www.europesays.com\/fr\/wp-json\/wp\/v2\/tags?post=653795"}],"curies":[{"name":"wp","href":"https:\/\/api.w.org\/{rel}","templated":true}]}}