{"id":653799,"date":"2026-01-10T10:54:14","date_gmt":"2026-01-10T10:54:14","guid":{"rendered":"https:\/\/www.europesays.com\/fr\/653799\/"},"modified":"2026-01-10T10:54:14","modified_gmt":"2026-01-10T10:54:14","slug":"ain-loeil-du-photographe-lhiver-en-dombes-par-catherine-aulaz","status":"publish","type":"post","link":"https:\/\/www.europesays.com\/fr\/653799\/","title":{"rendered":"Ain. L\u2019\u0153il du photographe\u00a0:\u00a0 \u00ab\u00a0L\u2019hiver en Dombes\u00a0\u00bb, par Catherine Aulaz"},"content":{"rendered":"<p>Ce n\u2019est pas si souvent qu\u2019on a <a href=\"https:\/\/www.leprogres.fr\/environnement\/2026\/01\/04\/l-ain-enneige-c-est-tout-un-plaidoye-pour-la-beaute-nos-plus-belles-photos-signees-catherine-aulaz\" target=\"_blank\" rel=\"noopener\">de vrais hivers<\/a>, donc j\u2019en profite. De passage \u00e0 Birieux, j\u2019ai crois\u00e9 la route de cette jolie aigrette, les deux pattes sur l\u2019\u00e9tang gel\u00e9, recouvert d\u2019une fine couche de neige. Ton sur ton\u00a0! Et quand il n\u2019y a pas beaucoup de lumi\u00e8re, \u00e7a aide. Je ne suis pas descendue de la voiture, pour ne pas prendre le risque qu\u2019elle s\u2019envole et finalement, elle s\u2019est habitu\u00e9e \u00e0 ma pr\u00e9sence. Elle a ouvert grand le bec deux ou trois fois, peut-\u00eatre pour me souhaiter la bonne ann\u00e9e ou r\u00e2ler parce qu\u2019il commen\u00e7ait \u00e0 neiger.<\/p>\n<p class=\"note\">Nikon Z9 \u2013 600mm \u2013 4000 ISO \u2013 1\/640e de seconde<\/p>\n","protected":false},"excerpt":{"rendered":"Ce n\u2019est pas si souvent qu\u2019on a de vrais hivers, donc j\u2019en profite. De passage \u00e0 Birieux, j\u2019ai&hellip;\n","protected":false},"author":2,"featured_media":653800,"comment_status":"","ping_status":"","sticky":false,"template":"","format":"standard","meta":{"footnotes":""},"categories":[1358],"tags":[2738,1867,1348,1384,1385,75683,1386,58,6751,59,1011,27,104],"class_list":{"0":"post-653799","1":"post","2":"type-post","3":"status-publish","4":"format-standard","5":"has-post-thumbnail","7":"category-arts-et-design","8":"tag-ain","9":"tag-animaux","10":"tag-arts","11":"tag-arts-and-design","12":"tag-arts-et-design","13":"tag-birieux","14":"tag-design","15":"tag-divertissement","16":"tag-edition-ain-ouest","17":"tag-entertainment","18":"tag-fr","19":"tag-france","20":"tag-societe"},"share_on_mastodon":{"url":"https:\/\/pubeurope.com\/@fr\/115870437363389742","error":""},"_links":{"self":[{"href":"https:\/\/www.europesays.com\/fr\/wp-json\/wp\/v2\/posts\/653799","targetHints":{"allow":["GET"]}}],"collection":[{"href":"https:\/\/www.europesays.com\/fr\/wp-json\/wp\/v2\/posts"}],"about":[{"href":"https:\/\/www.europesays.com\/fr\/wp-json\/wp\/v2\/types\/post"}],"author":[{"embeddable":true,"href":"https:\/\/www.europesays.com\/fr\/wp-json\/wp\/v2\/users\/2"}],"replies":[{"embeddable":true,"href":"https:\/\/www.europesays.com\/fr\/wp-json\/wp\/v2\/comments?post=653799"}],"version-history":[{"count":0,"href":"https:\/\/www.europesays.com\/fr\/wp-json\/wp\/v2\/posts\/653799\/revisions"}],"wp:featuredmedia":[{"embeddable":true,"href":"https:\/\/www.europesays.com\/fr\/wp-json\/wp\/v2\/media\/653800"}],"wp:attachment":[{"href":"https:\/\/www.europesays.com\/fr\/wp-json\/wp\/v2\/media?parent=653799"}],"wp:term":[{"taxonomy":"category","embeddable":true,"href":"https:\/\/www.europesays.com\/fr\/wp-json\/wp\/v2\/categories?post=653799"},{"taxonomy":"post_tag","embeddable":true,"href":"https:\/\/www.europesays.com\/fr\/wp-json\/wp\/v2\/tags?post=653799"}],"curies":[{"name":"wp","href":"https:\/\/api.w.org\/{rel}","templated":true}]}}