{"id":65380,"date":"2025-04-30T21:53:02","date_gmt":"2025-04-30T21:53:02","guid":{"rendered":"https:\/\/www.europesays.com\/fr\/65380\/"},"modified":"2025-04-30T21:53:02","modified_gmt":"2025-04-30T21:53:02","slug":"la-reserve-de-las-nancy-lorraine-ira-a-gondrevilley","status":"publish","type":"post","link":"https:\/\/www.europesays.com\/fr\/65380\/","title":{"rendered":"la r\u00e9serve de l\u2019AS Nancy Lorraine ira \u00e0 Gondrevilley"},"content":{"rendered":"<p>La Ligue du Grand Est a proc\u00e9d\u00e9 au tirage du 3e\u00a0 \u00a0tour de la coupe r\u00e9gionale ce mercredi. Apr\u00e8s s\u2019\u00eatre facilement qualifi\u00e9e <a href=\"https:\/\/www.estrepublicain.fr\/sport\/2024\/09\/15\/la-reserve-de-l-as-nancy-lorraine-s-est-echappee-apres-le-repos\" target=\"_blank\" rel=\"noopener\">\u00e0 Saint-Max (0-4)<\/a> puis <a href=\"https:\/\/www.estrepublicain.fr\/sport\/2024\/09\/29\/une-promenade-de-sante-pour-la-reserve-nanceienne-a-gerardmer\" target=\"_blank\" rel=\"noopener\">\u00e0 G\u00e9rardmer (1-11)<\/a> , la r\u00e9serve de l\u2019ASNL testera la solidit\u00e9 de son fuselage \u00e0 Gondrevilley le 13\u00a0octobre prochain. Deux autres \u00e9quipes de R1 du secteur \u00e9taient concern\u00e9es par ce tirage. Jarville ira \u00e0 Harou\u00e9 tandis que Pagny recevra Yutz. \u00c0 noter aussi le derby entre Laneuveville et Pulnoy, deux \u00e9quipes \u00e9limin\u00e9es au 4e\u00a0 \u00a0tour de la coupe de France.<\/p>\n<p>  Les matches\u00a0:<\/p>\n<p>Ludres (R3) &#8211; Heillecourt (R2)<\/p>\n<p>Gondrevilley (R3) &#8211; ASNL 2 (R1)<\/p>\n<p>Avi\u00e8re (R3) &#8211; Sorcy Void Vacon (R2)<\/p>\n<p>Dombasle (R3) &#8211; Thaon 2 (R2)<\/p>\n<p>Laneuveville (R2) &#8211; Pulnoy (R3)<\/p>\n<p>Harou\u00e9 Benney (R3) &#8211; Jarville (R1)<\/p>\n<p>Verdun Belleville (R3) &#8211; Marange Silvange (R3)<\/p>\n<p>Pagny\/Moselle (R1) &#8211; Yutz (R2)<\/p>\n","protected":false},"excerpt":{"rendered":"La Ligue du Grand Est a proc\u00e9d\u00e9 au tirage du 3e\u00a0 \u00a0tour de la coupe r\u00e9gionale ce mercredi.&hellip;\n","protected":false},"author":2,"featured_media":65381,"comment_status":"","ping_status":"","sticky":false,"template":"","format":"standard","meta":{"footnotes":""},"categories":[9635],"tags":[1111,11,3703,3602,1707,1704,1706,1705,10174,1777,674,107,1701,63,1011,27,775,1702,1703,12,25,517,1700],"class_list":{"0":"post-65380","1":"post","2":"type-post","3":"status-publish","4":"format-standard","5":"has-post-thumbnail","7":"category-nancy","8":"tag-actu","9":"tag-actualites","10":"tag-asnl","11":"tag-edition-bar-le-duc","12":"tag-edition-luneville","13":"tag-edition-nancy-et-agglomeration","14":"tag-edition-pont-a-mousson","15":"tag-edition-toul","16":"tag-edition-verdun","17":"tag-eu","18":"tag-europe","19":"tag-fil-info","20":"tag-fil-info-sport","21":"tag-football","22":"tag-fr","23":"tag-france","24":"tag-grand-est","25":"tag-nancy","26":"tag-nancy-ville-54b","27":"tag-news","28":"tag-republique-francaise","29":"tag-sport","30":"tag-sport-lorrain"},"share_on_mastodon":{"url":"https:\/\/pubeurope.com\/@fr\/114429139516790490","error":""},"_links":{"self":[{"href":"https:\/\/www.europesays.com\/fr\/wp-json\/wp\/v2\/posts\/65380","targetHints":{"allow":["GET"]}}],"collection":[{"href":"https:\/\/www.europesays.com\/fr\/wp-json\/wp\/v2\/posts"}],"about":[{"href":"https:\/\/www.europesays.com\/fr\/wp-json\/wp\/v2\/types\/post"}],"author":[{"embeddable":true,"href":"https:\/\/www.europesays.com\/fr\/wp-json\/wp\/v2\/users\/2"}],"replies":[{"embeddable":true,"href":"https:\/\/www.europesays.com\/fr\/wp-json\/wp\/v2\/comments?post=65380"}],"version-history":[{"count":0,"href":"https:\/\/www.europesays.com\/fr\/wp-json\/wp\/v2\/posts\/65380\/revisions"}],"wp:featuredmedia":[{"embeddable":true,"href":"https:\/\/www.europesays.com\/fr\/wp-json\/wp\/v2\/media\/65381"}],"wp:attachment":[{"href":"https:\/\/www.europesays.com\/fr\/wp-json\/wp\/v2\/media?parent=65380"}],"wp:term":[{"taxonomy":"category","embeddable":true,"href":"https:\/\/www.europesays.com\/fr\/wp-json\/wp\/v2\/categories?post=65380"},{"taxonomy":"post_tag","embeddable":true,"href":"https:\/\/www.europesays.com\/fr\/wp-json\/wp\/v2\/tags?post=65380"}],"curies":[{"name":"wp","href":"https:\/\/api.w.org\/{rel}","templated":true}]}}