{"id":653801,"date":"2026-01-10T10:56:12","date_gmt":"2026-01-10T10:56:12","guid":{"rendered":"https:\/\/www.europesays.com\/fr\/653801\/"},"modified":"2026-01-10T10:56:12","modified_gmt":"2026-01-10T10:56:12","slug":"tv-losc-ol-a-quelle-heure-et-sur-quelle-chaine","status":"publish","type":"post","link":"https:\/\/www.europesays.com\/fr\/653801\/","title":{"rendered":"TV : LOSC &#8211; OL, \u00e0 quelle heure et sur quelle cha\u00eene ?"},"content":{"rendered":"<p><b>Consid\u00e9r\u00e9e comme la grande affiche des 16es de finale de la Coupe de France, la rencontre entre le Lille OSC et l\u2019Olympique Lyonnais s\u2019annonce int\u00e9ressante \u00e0 suivre.<\/b><\/p>\n<p>Quelle heure pour LOSC &#8211; OL ?<\/p>\n<p>Si l\u2019ann\u00e9e 2026 a d\u00e9but\u00e9 par la reprise de la Ligue 1 le week-end dernier, c\u2019est bien la Coupe de France qui va reprendre ses droits lors des prochains jours dans la petite plan\u00e8te du football tricolore. Et l\u2019affiche des 16es de finale opposera Lille \u00e0 Lyon. Une rencontre qui se jouera ce <b>dimanche 11 janvier soir 21h00<\/b> au Stade Pierre-Mauroy. L\u2019arbitre sera Cl\u00e9ment Turpin.<\/p>\n<p>Sur quelle cha\u00eene suivre LOSC &#8211; OL ?Diffus\u00e9 en prime time le dimanche soir, ce match entre le <a href=\"https:\/\/www.foot01.com\/lille\" title=\"LOSC\" target=\"_blank\" rel=\"noopener\">LOSC<\/a> et l\u2019OL sera \u00e0 regarder sur l\u2019antenne de <b>beIN Sports 1<\/b>, la cha\u00eene principale de la Coupe de France.Les compos probables de LOSC &#8211; OL :D\u00e9fait sur sa pelouse par Rennes dans un match entach\u00e9 par des pol\u00e9miques arbitrales (0-2), le <a href=\"https:\/\/www.foot01.com\/lille\" title=\"LOSC\" target=\"_blank\" rel=\"noopener\">LOSC<\/a> va tenter de rattraper son d\u00e9but d\u2019ann\u00e9e 2026 rat\u00e9. Pour cela, les Dogues n\u2019auront pas d\u2019autre choix que de battre Lyon pour s\u2019offrir un ticket pour les 8es de finale de la Coupe de France. Lors de cette rencontre, Bruno Genesio, ancien coach lyonnais, fera sans Alexsandro, suspendu.<b>La compo probable du <a href=\"https:\/\/www.foot01.com\/lille\" title=\"LOSC\" target=\"_blank\" rel=\"noopener\">LOSC<\/a> : <\/b>Ozer &#8211; Meunier, Ngoy, Andr\u00e9, Verdonk &#8211; Bouaddi, Bentaleb &#8211; Broholm, Haraldsson, Fernandez-Pardo &#8211; Giroud.Apr\u00e8s avoir parfaitement d\u00e9but\u00e9 la nouvelle ann\u00e9e en battant Monaco 3-1 \u00e0 Louis-II la semaine derni\u00e8re, l\u2019<a href=\"https:\/\/www.foot01.com\/ol\" target=\"_self\" rel=\"noopener\">OL<\/a> a envie d\u2019aller le plus loin possible en Coupe de France, pour tenter de remporter son premier troph\u00e9e depuis 2012. Mais pour cela, les Gones vont d\u2019abord devoir se d\u00e9faire des Dogues, ce qui ne sera pas chose ais\u00e9e \u00e0 l\u2019ext\u00e9rieur. Lors de ce match, Paulo Fonseca alignera une belle \u00e9quipe, avec peut-\u00eatre la premi\u00e8re d&rsquo;Endrick.<\/p>\n<p><b>La compo probable de l\u2019OL : <\/b>Greif &#8211; Maitland-Niles, Mata, Kluivert, Tagliafico &#8211; Morton, Merah, Tolisso &#8211; Sulc, Endrick, Moreira.<\/p>\n<p><img decoding=\"async\" class=\"w-6 h-6\" src=\"https:\/\/www.europesays.com\/fr\/wp-content\/uploads\/2025\/12\/307.png\" alt=\"\"\/>Coupe de France11 janvier 2026 \u00e0 21:00<\/p>\n","protected":false},"excerpt":{"rendered":"Consid\u00e9r\u00e9e comme la grande affiche des 16es de finale de la Coupe de France, la rencontre entre le&hellip;\n","protected":false},"author":2,"featured_media":653802,"comment_status":"","ping_status":"","sticky":false,"template":"","format":"standard","meta":{"footnotes":""},"categories":[1356],"tags":[83,58,59,1011,27,2267,241,252,1364],"class_list":{"0":"post-653801","1":"post","2":"type-post","3":"status-publish","4":"format-standard","5":"has-post-thumbnail","7":"category-television","8":"tag-coupe-de-france","9":"tag-divertissement","10":"tag-entertainment","11":"tag-fr","12":"tag-france","13":"tag-losc","14":"tag-ol","15":"tag-television","16":"tag-tv"},"share_on_mastodon":{"url":"https:\/\/pubeurope.com\/@fr\/115870445431655532","error":""},"_links":{"self":[{"href":"https:\/\/www.europesays.com\/fr\/wp-json\/wp\/v2\/posts\/653801","targetHints":{"allow":["GET"]}}],"collection":[{"href":"https:\/\/www.europesays.com\/fr\/wp-json\/wp\/v2\/posts"}],"about":[{"href":"https:\/\/www.europesays.com\/fr\/wp-json\/wp\/v2\/types\/post"}],"author":[{"embeddable":true,"href":"https:\/\/www.europesays.com\/fr\/wp-json\/wp\/v2\/users\/2"}],"replies":[{"embeddable":true,"href":"https:\/\/www.europesays.com\/fr\/wp-json\/wp\/v2\/comments?post=653801"}],"version-history":[{"count":0,"href":"https:\/\/www.europesays.com\/fr\/wp-json\/wp\/v2\/posts\/653801\/revisions"}],"wp:featuredmedia":[{"embeddable":true,"href":"https:\/\/www.europesays.com\/fr\/wp-json\/wp\/v2\/media\/653802"}],"wp:attachment":[{"href":"https:\/\/www.europesays.com\/fr\/wp-json\/wp\/v2\/media?parent=653801"}],"wp:term":[{"taxonomy":"category","embeddable":true,"href":"https:\/\/www.europesays.com\/fr\/wp-json\/wp\/v2\/categories?post=653801"},{"taxonomy":"post_tag","embeddable":true,"href":"https:\/\/www.europesays.com\/fr\/wp-json\/wp\/v2\/tags?post=653801"}],"curies":[{"name":"wp","href":"https:\/\/api.w.org\/{rel}","templated":true}]}}