{"id":653803,"date":"2026-01-10T10:57:10","date_gmt":"2026-01-10T10:57:10","guid":{"rendered":"https:\/\/www.europesays.com\/fr\/653803\/"},"modified":"2026-01-10T10:57:10","modified_gmt":"2026-01-10T10:57:10","slug":"daniel-balavoine-son-frere-en-larmes-evoque-le-jour-du-drame-je-ne-savais-pas-quil-etait-mort","status":"publish","type":"post","link":"https:\/\/www.europesays.com\/fr\/653803\/","title":{"rendered":"Daniel Balavoine, son fr\u00e8re en larmes \u00e9voque le jour du drame : \u00ab\u00a0Je ne savais pas qu&rsquo;il \u00e9tait mort\u00a0\u00bb"},"content":{"rendered":"<p>C&rsquo;\u00e9tait il y a d\u00e9j\u00e0 40 ans.<strong> Le 14 janvier 1986, Daniel Balavoine trouvait la mort au Mali<\/strong>, en marge de la 8e \u00e9dition du rallye Paris-Dakar. Le chanteur, qui n&rsquo;y \u00e9tait aucunement comp\u00e9titeur, s&rsquo;y trouvait pour une mission humanitaire li\u00e9e \u00e0 l&rsquo;\u00e9v\u00e8nement, dans le cadre l&rsquo;action Pari du C\u0153ur. Balavoine et quatre autres personnes <a href=\"https:\/\/www.public.fr\/daniel-balavoine-mort-dans-un-accident-louche-entre-trafic-darmes-et-seringues-son-frere-repond-enfin-aux-rumeurs\" target=\"_blank\" rel=\"noopener\">sont tu\u00e9s dans un crash d&rsquo;h\u00e9licopt\u00e8re<\/a> survenant dans le d\u00e9sert malien. <strong>Thierry Sabine<\/strong>, fondateur du rallye, <strong>Fran\u00e7ois-Xavier Bagnoud<\/strong>, pilote automobile, <strong>Jean-Paul Le Fur<\/strong>, technicien radio et <strong>Nathalie Odent<\/strong>, journaliste, sont \u00e9galement \u00e0 bord de l&rsquo;h\u00e9licopt\u00e8re. Ils sont \u00e9galement tu\u00e9s sur le coup.<\/p>\n<p>La mort de Daniel Balavoine est un choc immense pour tout le monde. Mais elle ne sera r\u00e9v\u00e9l\u00e9e que plusieurs heures plus tard par les autorit\u00e9s fran\u00e7aises. Ce vendredi 9 janvier, <strong>son fr\u00e8re a\u00een\u00e9, Guy<\/strong>, \u00e9tait l&rsquo;invit\u00e9 de <a href=\"https:\/\/www.public.fr\/faustine-bollaert-se-confie-sur-ses-passages-chez-le-psychologue\" target=\"_blank\" rel=\"noopener\">Faustine Bollaert<\/a> sur France 2. Pr\u00e9sent sur le plateau de \u00c7a commence aujourd&rsquo;hui, l&rsquo;homme, tr\u00e8s \u00e9mu, est revenu sur <strong>le moment o\u00f9 il a appris la mort de son fr\u00e8re aim\u00e9<\/strong>.<\/p>\n<p>\u00ab\u00a0Mon ex-\u00e9pouse m&rsquo;appelle et elle me dit &lsquo;Daniel est mort'\u00a0\u00bb<\/p>\n<p>\u00ab\u00a0Toute la matin\u00e9e du 15, j&rsquo;\u00e9tais en voiture. Mais je suis toujours descendu quand il donnait des nouvelles. Ce qu&rsquo;il fait que je ne savais pas qu&rsquo;il \u00e9tait mort. Je devais manger avec un ami (\u2026) <strong>J&rsquo;ai t\u00e9l\u00e9phon\u00e9 \u00e0 mon ex-\u00e9pouse, et je lui ai dit : Je mange avec Miguel. Et elle me dit &lsquo;Daniel est mort&rsquo;<\/strong>\u00a0\u00bb r\u00e9v\u00e8le ainsi Guy Balavoine, avant de s&rsquo;effondrer en larmes. 40 ans plus tard, le fr\u00e8re \u00e9plor\u00e9 n&rsquo;a jamais vraiment pu faire le deuil de ce fr\u00e8re qu&rsquo;il aimait tant. Ses larmes parlent d&rsquo;ailleurs pour lui&#8230;<\/p>\n<p>\u00ab\u00a0Je suis rentr\u00e9 chez moi, en voiture, je me demande comment j&rsquo;ai fait, d&rsquo;ailleurs\u00a0\u00bb poursuit-il. A son retour chez lui, Guy est oblig\u00e9 d&rsquo;annoncer la terrible nouvelle \u00e0 leur p\u00e8re, Emile Balavoine. Mais celui-ci est <a href=\"https:\/\/vsd.fr\/90449-maladie-dalzheimer-a-19-ans-le-cas-qui-bouleverse-la-medecine\/\" target=\"_blank\" rel=\"noopener\">malade d&rsquo;Alzheimer<\/a>, et aura bien du mal \u00e0 assimiler la nouvelle : \u00ab\u00a0<strong>Il a vu qu&rsquo;il y avait beaucoup d&rsquo;agitation. Je lui ai dit : Daniel est mort<\/strong>. Ensuite, on voyait qu&rsquo;il \u00e9tait perturb\u00e9. Il avait re\u00e7u le choc mais il l&rsquo;avait oubli\u00e9 tout de suite (&#8230;) Il faisait un temps splendide, et quand il est revenu de la sieste, il a dit : Magnifique journ\u00e9e ! <strong>C&rsquo;est terrible. Il avait oubli\u00e9 que Daniel \u00e9tait mort<\/strong>\u00ab\u00a0.<\/p>\n<p>La famille Balavoine terrass\u00e9e par le drame d&rsquo;une vie<\/p>\n<p>Depuis quarante ans, Guy Balavoine \u00ab\u00a0ne peut pas s&#8217;emp\u00eacher de penser tous les jours\u00a0\u00bb \u00e0 son fr\u00e8re. Un fr\u00e8re dont la fratrie enti\u00e8re \u00e9tait fi\u00e8re. \u00c2g\u00e9 de 33 ans au moment de sa mort, <strong>Daniel \u00e9tait le cadet d&rsquo;une fratrie de six enfants<\/strong> : Bernard, Guy, Yves, Marie-Fran\u00e7oise et Claire \u00e9taient ses a\u00een\u00e9s. Il avait \u00e9galement un fr\u00e8re a\u00een\u00e9, Xavier, qu&rsquo;il n&rsquo;a pas connu, puisque <strong>mort d&rsquo;une m\u00e9ningite foudroyante<\/strong> avant sa naissance. Un fr\u00e8re, qui, Guy l&rsquo;assume, aurait fait \u00ab\u00a0une carri\u00e8re internationale\u00a0\u00bb s&rsquo;il n&rsquo;avait pas \u00e9t\u00e9 tu\u00e9 au Mali, dans <a href=\"https:\/\/www.public.fr\/daniel-balavoine-nouvelles-revelations-sur-sa-mort\" target=\"_blank\" rel=\"noopener\">des circonstances que beaucoup ont jug\u00e9e troubles<\/a>, mais qui n&rsquo;ont jamais vraiment \u00e9t\u00e9 clairement \u00e9tablies.<\/p>\n<p>\n          Hits &amp; People en continu\n        <\/p>\n<p>\n          Public Radio\n        <\/p>\n<p>      Mentionn\u00e9s dans cet article<\/p>\n<p>      Sur le m\u00eame sujet<\/p>\n","protected":false},"excerpt":{"rendered":"C&rsquo;\u00e9tait il y a d\u00e9j\u00e0 40 ans. Le 14 janvier 1986, Daniel Balavoine trouvait la mort au Mali,&hellip;\n","protected":false},"author":2,"featured_media":653804,"comment_status":"","ping_status":"","sticky":false,"template":"","format":"standard","meta":{"footnotes":""},"categories":[1355],"tags":[24279,45098,58,59,6308,1011,27,4879,18,1361,873],"class_list":{"0":"post-653803","1":"post","2":"type-post","3":"status-publish","4":"format-standard","5":"has-post-thumbnail","7":"category-musique","8":"tag-ca-commence-aujourdhui","9":"tag-daniel-balavoine","10":"tag-divertissement","11":"tag-entertainment","12":"tag-faustine-bollaert","13":"tag-fr","14":"tag-france","15":"tag-hommage","16":"tag-mort","17":"tag-music","18":"tag-musique"},"share_on_mastodon":{"url":"https:\/\/pubeurope.com\/@fr\/115870449397920851","error":""},"_links":{"self":[{"href":"https:\/\/www.europesays.com\/fr\/wp-json\/wp\/v2\/posts\/653803","targetHints":{"allow":["GET"]}}],"collection":[{"href":"https:\/\/www.europesays.com\/fr\/wp-json\/wp\/v2\/posts"}],"about":[{"href":"https:\/\/www.europesays.com\/fr\/wp-json\/wp\/v2\/types\/post"}],"author":[{"embeddable":true,"href":"https:\/\/www.europesays.com\/fr\/wp-json\/wp\/v2\/users\/2"}],"replies":[{"embeddable":true,"href":"https:\/\/www.europesays.com\/fr\/wp-json\/wp\/v2\/comments?post=653803"}],"version-history":[{"count":0,"href":"https:\/\/www.europesays.com\/fr\/wp-json\/wp\/v2\/posts\/653803\/revisions"}],"wp:featuredmedia":[{"embeddable":true,"href":"https:\/\/www.europesays.com\/fr\/wp-json\/wp\/v2\/media\/653804"}],"wp:attachment":[{"href":"https:\/\/www.europesays.com\/fr\/wp-json\/wp\/v2\/media?parent=653803"}],"wp:term":[{"taxonomy":"category","embeddable":true,"href":"https:\/\/www.europesays.com\/fr\/wp-json\/wp\/v2\/categories?post=653803"},{"taxonomy":"post_tag","embeddable":true,"href":"https:\/\/www.europesays.com\/fr\/wp-json\/wp\/v2\/tags?post=653803"}],"curies":[{"name":"wp","href":"https:\/\/api.w.org\/{rel}","templated":true}]}}