{"id":653813,"date":"2026-01-10T11:02:11","date_gmt":"2026-01-10T11:02:11","guid":{"rendered":"https:\/\/www.europesays.com\/fr\/653813\/"},"modified":"2026-01-10T11:02:11","modified_gmt":"2026-01-10T11:02:11","slug":"des-modeles-de-115-pouces-arrivent-dans-la-gamme-mini-led","status":"publish","type":"post","link":"https:\/\/www.europesays.com\/fr\/653813\/","title":{"rendered":"des mod\u00e8les de 115 pouces arrivent dans la gamme Mini-LED"},"content":{"rendered":"<p><strong>Face \u00e0 la tendance des TV g\u00e9antes qui prend de l\u2019ampleur depuis quelques ann\u00e9es, LG compte se joindre \u00e0 la f\u00eate avec ses mod\u00e8les Mini-LED.<\/strong><\/p>\n<p>Si LG s\u2019\u00e9tait d\u00e9j\u00e0 aventur\u00e9 sur le segment des \u00ab\u00a0grandes\u00a0\u00bb TV avec <strong>des mod\u00e8les de 100 pouces<\/strong>, le fabricant cor\u00e9en vient d\u2019afficher clairement ses ambitions au <a href=\"https:\/\/www.ces.tech\/\" target=\"_blank\" rel=\"noreferrer noopener nofollow\">CES 2026<\/a> en pr\u00e9sentant sa nouvelle gamme de <strong>t\u00e9l\u00e9viseurs Mini-LED QNED<\/strong>. Et au-del\u00e0 des \u00e9volutions techniques sur les dalles, elles pourraient notamment atteindre les 115 pouces (292 cm de diagonale) comme <a href=\"https:\/\/www.ecranlarge.com\/high-tech\/actu\/samsung-tv-mini-led-rgb\" target=\"_blank\" rel=\"noopener\">celles de sa grande rivale Samsung<\/a>.<\/p>\n<p>Mais alors, qu\u2019est-ce qui motive LG \u00e0 <strong>s\u2019int\u00e9resser d\u2019aussi pr\u00e8s aux TV XXL<\/strong>, alors que la plupart des clients ne pourraient m\u00eame pas l\u2019installer dans leur salon ? On fait le point.<\/p>\n<\/p>\n<p>LG QNED85 et QNED90 : deux gammes de TV Mini-LED qui voient (tr\u00e8s) grand<\/p>\n<p>Comme sur ses derni\u00e8res \u00e9ditions, le salon CES de Las Vegas est une opportunit\u00e9 en or pour les marques qui souhaitent faire <strong>l\u2019\u00e9talage de tout leur savoir-faire<\/strong> en d\u00e9but d\u2019ann\u00e9e. Et LG en a bien \u00e9videmment profiter pour bomber le torse avec ses nouvelles TV LCD Mini-LED (QNED85 \/ 90) qui se d\u00e9clinent en plusieurs tailles, dont un \u00e9norme format de <strong>115 pouces pour la gamme QNED90<\/strong>.<\/p>\n<p>Au-del\u00e0 de cette diagonale qui a de quoi impressionner, ces t\u00e9l\u00e9viseurs font aussi tr\u00e8s fort pour plaire aux gamers avec le <strong>Bluetooth Ultra Low Latency<\/strong> (qui r\u00e9duit la latence des p\u00e9riph\u00e9riques Bluetooth), un taux de rafra\u00eechissement de base fix\u00e9 \u00e0 144 Hz (165 Hz sur les QNED90), et <strong>jusqu\u2019\u00e0 288 Hz en mode \u00ab\u00a0Motion Booster\u00a0\u00bb<\/strong> pour les mod\u00e8les QNED90. Le processeur Alpha 8 Gen 3 boost\u00e9 \u00e0 l\u2019intelligence artificielle et l\u2019option Dynamic QNED Color Pro devraient \u00e9galement se charger d\u2019offrir une image <strong>fluide, lumineuse et tr\u00e8s color\u00e9e.<\/strong><\/p>\n<p>En revanche, on peut d\u00e9j\u00e0 regretter <strong>l\u2019absence du<\/strong> <a href=\"https:\/\/www.ecranlarge.com\/high-tech\/actu\/dolby-vision-2-hdr\" target=\"_blank\" rel=\"noopener\">Dolby Vision 2<\/a> qui devrait \u00eatre pr\u00e9sent chez plusieurs concurrents de LG. La marque se rattrape tout de m\u00eame avec la prise en charge de Dolby Atmos Flex Connect qui permet \u00e0 ses t\u00e9l\u00e9viseurs de se connecter plus facilement aux <strong>enceintes et aux barres de son LG<\/strong>. Mais apr\u00e8s avoir pass\u00e9 en revue les principales qualit\u00e9s de ces nouvelles gammes, on peut tout de m\u00eame se demander <strong>quelle est la cible vis\u00e9e<\/strong> par la marque cor\u00e9enne avec ses TV de 115 pouces\u2026<\/p>\n<p><img loading=\"lazy\" decoding=\"async\" width=\"1200\" height=\"670\" alt=\"TV LG ge\u0301ante dans un salon\" src=\"https:\/\/www.europesays.com\/fr\/wp-content\/uploads\/2026\/01\/tv-lg-geante-dans-un-salon.jpg\"  \/><\/p>\n<p>Une image grandeur nature (ou presque).Des t\u00e9l\u00e9viseurs toujours plus \u00ab\u00a0g\u00e9ants\u00a0\u00bb, mais pour quoi faire ?<\/p>\n<p>C\u2019est certainement l\u2019une des grandes questions qui se posent, surtout depuis que les marques chinoises comme Hisense et TCL ont <strong>pris d\u2019assaut le march\u00e9 des TV XXL<\/strong>. Avec nos yeux de consommateurs, on peut facilement se questionner sur ce qui rend <strong>ces \u00e9crans si attractifs<\/strong>, tout en semblant si inaccessibles au commun des mortels\u2026<\/p>\n<p>Tout d\u2019abord, il faut savoir que <strong>LG ne vise pas le \u00ab\u00a0grand public\u00a0\u00bb<\/strong> \u00e0 proprement parler avec ses mod\u00e8les de 115 pouces. N\u00e9anmoins, plusieurs \u00e9tudes de march\u00e9 comme <a href=\"https:\/\/omdia.tech.informa.com\/pr\/2024\/jul\/omdia-chinese-panel-makers-dominate-98-100-inch-tvs-panel-market-boosting-chinas-tv-sector\" target=\"_blank\" rel=\"noreferrer noopener nofollow\">celles d\u2019Omdia<\/a> montrent que ce secteur conna\u00eet une croissance \u00e9clair et que <strong>les co\u00fbts de fabrication baissent \u00e9galement tr\u00e8s vite<\/strong>. Face \u00e0 la pression des fabricants chinois qui cherchent \u00e0 prendre de l\u2019avance, et notamment <a href=\"https:\/\/www.ecranlarge.com\/high-tech\/actu\/tcl-ecrans-futur\" target=\"_blank\" rel=\"noopener\">TCL avec ses dalles MLED de 163 pouces<\/a>, LG se doit donc de r\u00e9agir pour ne pas se faire distancer.<\/p>\n<p>Et enfin, la marque de S\u00e9oul compte <strong>soigner son image de marque \u00ab\u00a0moderne\u00a0\u00bb<\/strong> en montrant qu\u2019elle sait aussi concevoir des \u00e9crans de tr\u00e8s grande taille, sans oublier <strong>les clients professionnels<\/strong> comme les h\u00f4tels qui peuvent \u00eatre int\u00e9ress\u00e9s par ces dalles g\u00e9antes. Vous l\u2019aurez donc compris : m\u00eame si ces t\u00e9l\u00e9viseurs de plusieurs centaines de pouces ne se retrouveront probablement jamais dans votre salon, ils repr\u00e9sentent <strong>un point strat\u00e9gique crucial pour les fabricants<\/strong> en 2026.<\/p>\n","protected":false},"excerpt":{"rendered":"Face \u00e0 la tendance des TV g\u00e9antes qui prend de l\u2019ampleur depuis quelques ann\u00e9es, LG compte se joindre&hellip;\n","protected":false},"author":2,"featured_media":653814,"comment_status":"","ping_status":"","sticky":false,"template":"","format":"standard","meta":{"footnotes":""},"categories":[7],"tags":[1011,27,43,40,41,39,42,44],"class_list":{"0":"post-653813","1":"post","2":"type-post","3":"status-publish","4":"format-standard","5":"has-post-thumbnail","7":"category-sciences-et-technologies","8":"tag-fr","9":"tag-france","10":"tag-science","11":"tag-science-and-technology","12":"tag-sciences","13":"tag-sciences-et-technologies","14":"tag-technologies","15":"tag-technology"},"share_on_mastodon":{"url":"https:\/\/pubeurope.com\/@fr\/115870468997405410","error":""},"_links":{"self":[{"href":"https:\/\/www.europesays.com\/fr\/wp-json\/wp\/v2\/posts\/653813","targetHints":{"allow":["GET"]}}],"collection":[{"href":"https:\/\/www.europesays.com\/fr\/wp-json\/wp\/v2\/posts"}],"about":[{"href":"https:\/\/www.europesays.com\/fr\/wp-json\/wp\/v2\/types\/post"}],"author":[{"embeddable":true,"href":"https:\/\/www.europesays.com\/fr\/wp-json\/wp\/v2\/users\/2"}],"replies":[{"embeddable":true,"href":"https:\/\/www.europesays.com\/fr\/wp-json\/wp\/v2\/comments?post=653813"}],"version-history":[{"count":0,"href":"https:\/\/www.europesays.com\/fr\/wp-json\/wp\/v2\/posts\/653813\/revisions"}],"wp:featuredmedia":[{"embeddable":true,"href":"https:\/\/www.europesays.com\/fr\/wp-json\/wp\/v2\/media\/653814"}],"wp:attachment":[{"href":"https:\/\/www.europesays.com\/fr\/wp-json\/wp\/v2\/media?parent=653813"}],"wp:term":[{"taxonomy":"category","embeddable":true,"href":"https:\/\/www.europesays.com\/fr\/wp-json\/wp\/v2\/categories?post=653813"},{"taxonomy":"post_tag","embeddable":true,"href":"https:\/\/www.europesays.com\/fr\/wp-json\/wp\/v2\/tags?post=653813"}],"curies":[{"name":"wp","href":"https:\/\/api.w.org\/{rel}","templated":true}]}}