{"id":653817,"date":"2026-01-10T11:04:11","date_gmt":"2026-01-10T11:04:11","guid":{"rendered":"https:\/\/www.europesays.com\/fr\/653817\/"},"modified":"2026-01-10T11:04:11","modified_gmt":"2026-01-10T11:04:11","slug":"en-iran-reza-pahlavi-fils-du-chah-dechu-exhorte-les-manifestants-a-se-preparer-a-conquerir-les-centres-villes","status":"publish","type":"post","link":"https:\/\/www.europesays.com\/fr\/653817\/","title":{"rendered":"En Iran, Reza Pahlavi, fils du chah d\u00e9chu, exhorte les manifestants \u00e0 \u00ab\u00a0se pr\u00e9parer \u00e0 conqu\u00e9rir\u00a0\u00bb les centres-villes"},"content":{"rendered":"<p>                      <img loading=\"lazy\" decoding=\"async\" src=\"https:\/\/www.europesays.com\/fr\/wp-content\/uploads\/2026\/01\/b425938_ftp-1-qhv3ryeapxtk-01e5077e40de4af6898afd8c4e535927-0-22f1f97617b5437789073c854c325fdb.jpg\" alt=\"Reza Pahlavi, fils du dernier chah d\u2019Iran, Mohammad Reza Pahlavi, lors d\u2019une conf\u00e9rence de presse, \u00e0 Paris, le 23\u00a0juin\u00a02025.\"   width=\"664\" height=\"443\"\/>    Reza Pahlavi, fils du dernier chah d\u2019Iran, Mohammad Reza Pahlavi, lors d\u2019une conf\u00e9rence de presse, \u00e0 Paris, le 23\u00a0juin\u00a02025.  THOMAS PADILLA\/AP                          <\/p>\n<p class=\"article__paragraph  \">Alors qu\u2019une nouvelle vague de contestation secoue le pays, Reza Pahlavi, fils du chah d\u00e9chu et figure de l\u2019opposition en exil, a exhort\u00e9 les manifestants \u00e0 \u00ab\u00a0se pr\u00e9parer \u00e0 conqu\u00e9rir\u00a0\u00bb les centres-villes, samedi 10\u00a0janvier.<\/p>\n<p>                                            Lire aussi |  Article r\u00e9serv\u00e9 \u00e0 nos abonn\u00e9s  <a href=\"https:\/\/www.lemonde.fr\/international\/article\/2026\/01\/10\/en-iran-une-repression-sanglante-et-a-huis-clos_6661266_3210.html\" class=\"js-article-read-also catcher--favoris__link\" data-premium=\"1\" id=\"article-title-3453966\" target=\"_blank\" rel=\"noopener\">En Iran, une r\u00e9pression sanglante et \u00e0 huis clos<\/a>    <\/p>\n<p>   Lire plus tard  <\/p>\n<p class=\"article__paragraph  \">Dans un message publi\u00e9 sur X, il \u00ab\u00a0appelle les travailleurs et les employ\u00e9s des secteurs-cl\u00e9s de l\u2019\u00e9conomie, notamment des transports, du p\u00e9trole, du gaz et de l\u2019\u00e9nergie, \u00e0 entamer un processus de gr\u00e8ve nationale\u00a0\u00bb. Avant de leur demander \u00e0 \u00ab\u00a0tous de descendre dans la rue aujourd\u2019hui et demain, samedi et dimanche (10 et 11\u00a0janvier), d\u00e8s 18\u00a0heures, munis de drapeaux, d\u2019images et de symboles nationaux, afin d\u2019occuper l\u2019espace public\u00a0\u00bb. \u00ab\u00a0Notre objectif n\u2019est plus seulement de manifester dans la rue\u00a0; il s\u2019agit de nous pr\u00e9parer \u00e0 conqu\u00e9rir et \u00e0 d\u00e9fendre les centres-villes\u00a0\u00bb, ajoute-t-il.<\/p>\n<p class=\"article__paragraph  \">Il appelle \u00e9galement les \u00ab\u00a0jeunes de la garde immortelle d\u2019Iran \u00bb et \u00ab\u00a0toutes les forces arm\u00e9es et de s\u00e9curit\u00e9\u00a0\u00bb \u00e0 \u00ab\u00a0perturbe[r] encore davantage la machine de r\u00e9pression\u00a0\u00bb. \u00ab\u00a0Je me pr\u00e9pare \u00e9galement \u00e0 rentrer dans ma patrie pour \u00eatre avec vous, grande nation iranienne, lorsque notre r\u00e9volution nationale aura triomph\u00e9. Je crois que ce jour est tr\u00e8s proche\u00a0\u00bb, ajoute-t-il \u00e0 la fin de son message.<\/p>\n<p>                                       Lire aussi (juillet 2025) |  Article r\u00e9serv\u00e9 \u00e0 nos abonn\u00e9s  <a href=\"https:\/\/www.lemonde.fr\/m-le-mag\/article\/2025\/07\/05\/le-retour-opportun-de-reza-pahlavi-prince-heritier-d-iran-au-lendemain-des-frappes-americaines_6618542_4500055.html\" class=\"js-article-read-also catcher--favoris__link\" data-premium=\"1\" id=\"article-title-3429561\" target=\"_blank\" rel=\"noopener\">Le retour opportun de Reza Pahlavi, prince h\u00e9ritier d\u2019Iran, au lendemain des frappes am\u00e9ricaines<\/a>    <\/p>\n<p>   Lire plus tard  <\/p>\n<p class=\"article__paragraph  \">Selon l\u2019ONG NetBlocks, qui surveille la cybers\u00e9curit\u00e9 et la gouvernance d\u2019Internet, la coupure d\u2019Internet \u00e0 l\u2019\u00e9chelle nationale \u00e9tait \u00ab\u00a0toujours en place\u00a0\u00bb samedi matin. Vendredi, <a href=\"https:\/\/www.lemonde.fr\/international\/article\/2026\/01\/09\/iran-l-ayatollah-khamenei-promet-que-le-pays-ne-reculera-pas-face-aux-manifestants-qualifies-de-saboteurs_6661159_3210.html\" target=\"_blank\" rel=\"noopener\">Reza Pahlavi\u00a0a demand\u00e9 \u00e0 Donald Trump d\u2019intervenir sans tarder dans la R\u00e9publique islamique<\/a>. \u00ab\u00a0Monsieur le pr\u00e9sident, ceci est un appel urgent et imm\u00e9diat r\u00e9clamant votre attention, votre soutien et votre action, a-t-il \u00e9crit sur les r\u00e9seaux sociaux.\u00a0Veuillez vous tenir pr\u00eat \u00e0 intervenir pour aider le peuple iranien.\u00a0\u00bb<\/p>\n<p class=\"article__paragraph  \">Samedi, le secr\u00e9taire d\u2019Etat am\u00e9ricain, Marco Rubio, a fait savoir sur X que \u00ab\u00a0les Etats-Unis sout[enaient] le courageux peuple iranien\u00a0\u00bb. Le d\u00e9partement d\u2019Etat a par ailleurs averti le r\u00e9gime iranien\u00a0: \u00ab\u00a0Ne jouez pas avec le pr\u00e9sident Trump. Quand il dit qu\u2019il va faire quelque chose, il le pense.\u00a0\u00bb<\/p>\n<p>                    Des dizaines de morts, selon Iran Human Rights                    <\/p>\n<p class=\"article__paragraph  \">Cette mobilisation, qui avait fait vendredi au moins 51\u00a0morts, dont neuf enfants, selon l\u2019ONG Iran Human Rights, \u00e9tablie en Norv\u00e8ge, r\u00e9sulte en partie de l\u2019appel \u00e0 manifester lanc\u00e9 par M.\u00a0Pahlavi dans une vid\u00e9o publi\u00e9e le 6\u00a0janvier. Il invitait la population iranienne \u00e0 scander des slogans contre le r\u00e9gime, pr\u00e9cisant\u00a0: \u00ab\u00a0O\u00f9 que vous soyez, dans la rue ou m\u00eame de vos maisons.\u00a0\u00bb<\/p>\n<p class=\"article__paragraph  \">Ces manifestations sont les plus importantes en\u00a0Iran\u00a0depuis celles qui avaient eu lieu apr\u00e8s la mort, en\u00a02022, de Mahsa Amini, arr\u00eat\u00e9e pour port non r\u00e9glementaire du voile. Des organisations de d\u00e9fense des droits humains ont accus\u00e9 les autorit\u00e9s d\u2019avoir ouvert le feu sur des protestataires, faisant des dizaines de morts depuis le d\u00e9but de la contestation, initialement contre la vie ch\u00e8re, \u00e0 la fin de d\u00e9cembre\u00a02025.<\/p>\n<p> Le Monde M\u00e9morable  <\/p>\n<p> <a href=\"https:\/\/www.lemonde.fr\/memorable\/?rfextension=inread\" class=\"inread__link js-services-inread-link\" target=\"_blank\" rel=\"noopener\">  <\/p>\n<p>Testez votre culture g\u00e9n\u00e9rale avec la r\u00e9daction du \u00ab Monde \u00bb<\/p>\n<p>Testez votre culture g\u00e9n\u00e9rale avec la r\u00e9daction du \u00ab Monde \u00bb<\/p>\n<p>D\u00e9couvrir<\/p>\n<p> <\/a>      <\/p>\n<p> Newsletter  <\/p>\n<p> <a href=\"https:\/\/www.lemonde.fr\/newsletters\/a-la-une\/\" class=\"inread__link js-services-inread-link\" target=\"_blank\" rel=\"noopener\">  <\/p>\n<p>\u00ab A la une \u00bb<\/p>\n<p>Chaque matin, parcourez l&rsquo;essentiel de l&rsquo;actualit\u00e9 du jour avec les derniers titres du \u00ab Monde \u00bb<\/p>\n<p>S&rsquo;inscrire<\/p>\n<p> <\/a>          <\/p>\n<p> Le Monde Application  <\/p>\n<p> <a href=\"https:\/\/lamatinale.onelink.me\/gKMy\/ahw2ubr3\" class=\"inread__link js-services-inread-link\" target=\"_blank\" rel=\"noopener\">  <\/p>\n<p>La Matinale du Monde<\/p>\n<p>Chaque matin, retrouvez notre s\u00e9lection de 20 articles \u00e0 ne pas manquer <\/p>\n<p>T\u00e9l\u00e9charger l&rsquo;application<\/p>\n<p> <\/a>      <\/p>\n<p> Newsletter abonn\u00e9s  <\/p>\n<p> <a href=\"https:\/\/www.lemonde.fr\/newsletters\/international\/\" class=\"inread__link js-services-inread-link\" target=\"_blank\" rel=\"noopener\">  <\/p>\n<p>\u00ab International \u00bb<\/p>\n<p>L\u2019essentiel de l\u2019actualit\u00e9 internationale de la semaine<\/p>\n<p>S&rsquo;inscrire<\/p>\n<p> <\/a>             <\/p>\n<p class=\"article__paragraph  \">De son c\u00f4t\u00e9, le Guide supr\u00eame iranien, l\u2019ayatollah Ali Khamenei, a averti que l\u2019Iran ne \u00ab\u00a0reculerait pas\u00a0\u00bb devant les manifestants, qualifi\u00e9s de \u00ab\u00a0saboteurs\u00a0\u00bb et de \u00ab\u00a0vandales\u00a0\u00bb, dans un discours diffus\u00e9 vendredi par la t\u00e9l\u00e9vision d\u2019Etat.<\/p>\n<p>                                                           Lire aussi |  Article r\u00e9serv\u00e9 \u00e0 nos abonn\u00e9s  <a href=\"https:\/\/www.lemonde.fr\/international\/article\/2026\/01\/07\/le-regime-iranien-sous-la-pression-conjuguee-de-la-rue-d-israel-et-des-etats-unis_6660857_3210.html\" class=\"js-article-read-also catcher--favoris__link\" data-premium=\"1\" id=\"article-title-3453497\" target=\"_blank\" rel=\"noopener\">En Iran, le r\u00e9gime islamique sous la pression de la rue, d\u2019Isra\u00ebl et des Etats-Unis<\/a>    <\/p>\n<p>   Lire plus tard  <\/p>\n<p class=\"author__detail\">  Le Monde avec AFP  <\/p>\n","protected":false},"excerpt":{"rendered":"Reza Pahlavi, fils du dernier chah d\u2019Iran, Mohammad Reza Pahlavi, lors d\u2019une conf\u00e9rence de presse, \u00e0 Paris, le&hellip;\n","protected":false},"author":2,"featured_media":653818,"comment_status":"","ping_status":"","sticky":false,"template":"","format":"standard","meta":{"footnotes":""},"categories":[5],"tags":[11,1011,27,14,12,28],"class_list":{"0":"post-653817","1":"post","2":"type-post","3":"status-publish","4":"format-standard","5":"has-post-thumbnail","7":"category-international","8":"tag-actualites","9":"tag-fr","10":"tag-france","11":"tag-international","12":"tag-news","13":"tag-world"},"share_on_mastodon":{"url":"https:\/\/pubeurope.com\/@fr\/115870476879078135","error":""},"_links":{"self":[{"href":"https:\/\/www.europesays.com\/fr\/wp-json\/wp\/v2\/posts\/653817","targetHints":{"allow":["GET"]}}],"collection":[{"href":"https:\/\/www.europesays.com\/fr\/wp-json\/wp\/v2\/posts"}],"about":[{"href":"https:\/\/www.europesays.com\/fr\/wp-json\/wp\/v2\/types\/post"}],"author":[{"embeddable":true,"href":"https:\/\/www.europesays.com\/fr\/wp-json\/wp\/v2\/users\/2"}],"replies":[{"embeddable":true,"href":"https:\/\/www.europesays.com\/fr\/wp-json\/wp\/v2\/comments?post=653817"}],"version-history":[{"count":0,"href":"https:\/\/www.europesays.com\/fr\/wp-json\/wp\/v2\/posts\/653817\/revisions"}],"wp:featuredmedia":[{"embeddable":true,"href":"https:\/\/www.europesays.com\/fr\/wp-json\/wp\/v2\/media\/653818"}],"wp:attachment":[{"href":"https:\/\/www.europesays.com\/fr\/wp-json\/wp\/v2\/media?parent=653817"}],"wp:term":[{"taxonomy":"category","embeddable":true,"href":"https:\/\/www.europesays.com\/fr\/wp-json\/wp\/v2\/categories?post=653817"},{"taxonomy":"post_tag","embeddable":true,"href":"https:\/\/www.europesays.com\/fr\/wp-json\/wp\/v2\/tags?post=653817"}],"curies":[{"name":"wp","href":"https:\/\/api.w.org\/{rel}","templated":true}]}}