{"id":653825,"date":"2026-01-10T11:12:14","date_gmt":"2026-01-10T11:12:14","guid":{"rendered":"https:\/\/www.europesays.com\/fr\/653825\/"},"modified":"2026-01-10T11:12:14","modified_gmt":"2026-01-10T11:12:14","slug":"football-forme-au-fc-metz-mattheo-guendez-signe-son-premier-contrat-professionnel-avec-las-nancy-lorraine","status":"publish","type":"post","link":"https:\/\/www.europesays.com\/fr\/653825\/","title":{"rendered":"Football. Form\u00e9 au FC Metz, Matth\u00e9o Guendez signe son premier contrat professionnel avec l&rsquo;AS Nancy Lorraine"},"content":{"rendered":"<p>Si on lui avait dit \u00e7a, en 2024, lorsqu\u2019il envisageait d\u2019arr\u00eater le foot, apr\u00e8s avoir \u00e9t\u00e9 \u00e9vinc\u00e9 des U19 du FC Metz, <a href=\"https:\/\/www.estrepublicain.fr\/sport\/2025\/11\/26\/mattheo-guendez-naissance-a-sarreguemines-renaissance-sportive-a-l-as-nancy-lorraine\" target=\"_blank\" rel=\"noopener\">Matth\u00e9o Guendez<\/a> ne l\u2019aurait certainement pas cru. Le jeune attaquant ne pouvait pas imaginer une seule seconde, moins de deux ans plus tard, la signature de son premier contrat professionnel \u00e0 l\u2019ASNL, en janvier\u00a02026. C\u2019est pourtant chose faite officiellement, depuis ce samedi.<\/p>\n<p>Tout s\u2019est encha\u00een\u00e9 \u00e0 une vitesse folle, pour Matth\u00e9o Guendez (20 ans), depuis son essai concluant avec la r\u00e9serve nanc\u00e9ienne, au printemps dernier, sur les pr\u00e9cieux conseils de l\u2019ancien pro de l\u2019ASNL, <a href=\"https:\/\/www.estrepublicain.fr\/sport\/2020\/07\/16\/ludovic-guerriero-je-veux-juste-retrouver-du-plaisir\" target=\"_blank\" rel=\"noopener\"> Ludovic Guerriero<\/a> , qui tient un r\u00f4le de grand fr\u00e8re aupr\u00e8s de lui. C\u2019est \u00ab\u00a0Ludo\u00a0\u00bb Guerriero qui l\u2019a aid\u00e9 \u00e0 rejoindre le club au chardon, apr\u00e8s avoir \u00e9t\u00e9 son co\u00e9quipier en 2024-2025 \u00e0 Hombourg-Haut.<\/p>\n<p>Une saison que Matth\u00e9o Guendez a \u00e9clabouss\u00e9e de tout son talent, en terminant meilleur buteur de R1 et en contribuant \u00e0 la conqu\u00eate de la Coupe du Grand Est. Le Mosellan d\u2019origine a, ensuite, confirm\u00e9 tout son potentiel sous la houlette du coach Nicolas Florentin, au sein de la r\u00e9serve de l\u2019ASNL, toujours en R1. Au point de taper dans l\u2019\u0153il de Pablo Correa qui l\u2019a lanc\u00e9 dans le grand bain de la Ligue 2 en fin d\u2019ann\u00e9e 2025. Joli clin d\u2019\u0153il du destin\u00a0: Matth\u00e9o Guendez a marqu\u00e9 son premier but avec les pros en Coupe de France \u00e0 Sarreguemines, sa ville de naissance. <a href=\"https:\/\/www.estrepublicain.fr\/sport\/2025\/11\/29\/l-as-nancy-lorraine-passe-par-un-trou-de-souris-a-sarreguemines\" target=\"_blank\" rel=\"noopener\">Le but de la qualification, en plus, 4-3 en toute fin de match<\/a>. Comme dans un r\u00eave, un r\u00eave de footballeur pro devenu r\u00e9alit\u00e9 aujourd\u2019hui.<\/p>\n<p>Ce contenu est bloqu\u00e9 car vous n&rsquo;avez pas accept\u00e9 les cookies et autres traceurs.<\/p>\n<p>En cliquant sur \u00ab J\u2019accepte \u00bb, les cookies et autres traceurs seront d\u00e9pos\u00e9s et vous pourrez visualiser les contenus  (<a href=\"\" class=\"consentModule_policy\" target=\"_blank\" title=\"Consulter la politique de protection des donn\u00e9es du fournisseur\">plus d&rsquo;informations<\/a>).<\/p>\n<p>En cliquant sur \u00ab J\u2019accepte tous les cookies \u00bb, vous autorisez des d\u00e9p\u00f4ts de cookies et autres traceurs pour le stockage de vos donn\u00e9es sur nos sites et applications \u00e0 des fins de personnalisation et de ciblage publicitaire.<\/p>\n<p class=\"consentModule_secondaryText\">Vous gardez la possibilit\u00e9 de retirer votre consentement \u00e0 tout moment en consultant notre <a href=\"https:\/\/www.estrepublicain.fr\/protection-des-donnees\" target=\"_blank\" title=\"Consulter notre politique de protection des donn\u00e9es\" rel=\"noopener\">politique de protection des donn\u00e9es<\/a>. <br \/>&#13;<br \/>\n            <a href=\"https:\/\/www.estrepublicain.fr\/sport\/2026\/01\/10\/javascript:Didomi.notice.show()\" class=\"consentModule_cmp\" target=\"_blank\" rel=\"noopener\">G\u00e9rer mes choix<\/a>&#13;\n        <\/p>\n<p>&#13;<br \/>\n                        J&rsquo;accepte&#13;<br \/>\n            J&rsquo;accepte tous les cookies&#13;\n        <\/p>\n","protected":false},"excerpt":{"rendered":"Si on lui avait dit \u00e7a, en 2024, lorsqu\u2019il envisageait d\u2019arr\u00eater le foot, apr\u00e8s avoir \u00e9t\u00e9 \u00e9vinc\u00e9 des&hellip;\n","protected":false},"author":2,"featured_media":653826,"comment_status":"","ping_status":"","sticky":false,"template":"","format":"standard","meta":{"footnotes":""},"categories":[9635],"tags":[1111,11,3703,1707,1704,1706,1705,1777,674,8113,1701,63,1011,27,775,1702,1703,12,25,517,1700],"class_list":{"0":"post-653825","1":"post","2":"type-post","3":"status-publish","4":"format-standard","5":"has-post-thumbnail","7":"category-nancy","8":"tag-actu","9":"tag-actualites","10":"tag-asnl","11":"tag-edition-luneville","12":"tag-edition-nancy-et-agglomeration","13":"tag-edition-pont-a-mousson","14":"tag-edition-toul","15":"tag-eu","16":"tag-europe","17":"tag-fc-metz","18":"tag-fil-info-sport","19":"tag-football","20":"tag-fr","21":"tag-france","22":"tag-grand-est","23":"tag-nancy","24":"tag-nancy-ville-54b","25":"tag-news","26":"tag-republique-francaise","27":"tag-sport","28":"tag-sport-lorrain"},"share_on_mastodon":{"url":"https:\/\/pubeurope.com\/@fr\/115870508183495781","error":""},"_links":{"self":[{"href":"https:\/\/www.europesays.com\/fr\/wp-json\/wp\/v2\/posts\/653825","targetHints":{"allow":["GET"]}}],"collection":[{"href":"https:\/\/www.europesays.com\/fr\/wp-json\/wp\/v2\/posts"}],"about":[{"href":"https:\/\/www.europesays.com\/fr\/wp-json\/wp\/v2\/types\/post"}],"author":[{"embeddable":true,"href":"https:\/\/www.europesays.com\/fr\/wp-json\/wp\/v2\/users\/2"}],"replies":[{"embeddable":true,"href":"https:\/\/www.europesays.com\/fr\/wp-json\/wp\/v2\/comments?post=653825"}],"version-history":[{"count":0,"href":"https:\/\/www.europesays.com\/fr\/wp-json\/wp\/v2\/posts\/653825\/revisions"}],"wp:featuredmedia":[{"embeddable":true,"href":"https:\/\/www.europesays.com\/fr\/wp-json\/wp\/v2\/media\/653826"}],"wp:attachment":[{"href":"https:\/\/www.europesays.com\/fr\/wp-json\/wp\/v2\/media?parent=653825"}],"wp:term":[{"taxonomy":"category","embeddable":true,"href":"https:\/\/www.europesays.com\/fr\/wp-json\/wp\/v2\/categories?post=653825"},{"taxonomy":"post_tag","embeddable":true,"href":"https:\/\/www.europesays.com\/fr\/wp-json\/wp\/v2\/tags?post=653825"}],"curies":[{"name":"wp","href":"https:\/\/api.w.org\/{rel}","templated":true}]}}