{"id":653829,"date":"2026-01-10T11:15:22","date_gmt":"2026-01-10T11:15:22","guid":{"rendered":"https:\/\/www.europesays.com\/fr\/653829\/"},"modified":"2026-01-10T11:15:22","modified_gmt":"2026-01-10T11:15:22","slug":"inceste-massif-et-viols-denfants-dans-lherault-lourdes-peines-a-montpellier-pour-les-trois-accuses","status":"publish","type":"post","link":"https:\/\/www.europesays.com\/fr\/653829\/","title":{"rendered":"Inceste massif et viols d\u2019enfants dans l\u2019H\u00e9rault\u00a0: lourdes peines \u00e0 Montpellier pour les trois accus\u00e9s"},"content":{"rendered":"<p>\n                                                                Deux hommes et une femme comparaissaient depuis lundi devant la cour criminelle de l\u2019H\u00e9rault pour avoir abus\u00e9 de plusieurs enfants de leur entourage, entre\u00a02010 et\u00a02021, dans une enqu\u00eate familiale commenc\u00e9e \u00e0 P\u00e9zenas et devenu tentaculaire.\n                            <\/p>\n<p>Apr\u00e8s un d\u00e9lib\u00e9r\u00e9 rapide, la cour criminelle de l\u2019H\u00e9rault a prononc\u00e9 ce vendredi 9\u00a0d\u00e9cembre de lourdes peines contre les deux hommes et la jeune femme\u00a0<a href=\"https:\/\/www.midilibre.fr\/2026\/01\/06\/tonton-john-cousin-yan-et-cousine-karen-a-montpellier-le-proces-hors-norme-dun-inceste-massif-13145339.php\" target=\"_self\" rel=\"noopener\">jug\u00e9s depuis lundi pour des viols d\u2019enfants<\/a>, dans le cadre d\u2019un inceste massif, commis pr\u00e8s de P\u00e9zenas et en Haute-Marne, entre\u00a02010 et\u00a02021.<\/p>\n<p>En d\u00e9but de matin\u00e9e, les avocats de la d\u00e9fense avaient plaid\u00e9 avec sobri\u00e9t\u00e9, en rappelant les parcours de vie des trois accus\u00e9s, tous marqu\u00e9s par des incestes et des abus sexuels subis dans leur petite enfance. L\u2019avocate g\u00e9n\u00e9rale avait requis la veille des peines de 15 ans de r\u00e9clusion pour deux d\u2019entre eux, et 18 ans pour le plus \u00e2g\u00e9.<\/p>\n<p>Le t\u00e9moignage bouleversant de deux fr\u00e8res \u00e0 la barre<\/p>\n<p>\u00ab\u00a0L\u2019inceste d\u00e9truit les rep\u00e8res fondamentaux, le corps, la parole, la confiance\u00a0\u00bb a rappel\u00e9 Me Gr\u00e9goire Mercier, plaidant pour Yan, 28 ans, qui a fini par reconna\u00eetre la plupart des actes qui lui \u00e9taient reproch\u00e9s, et semble avoir \u00e9t\u00e9 touch\u00e9 par le t\u00e9moignage bouleversant \u00e0 la barre des deux jeunes fr\u00e8res dont il a abus\u00e9 \u00e0 de multiples reprises.<\/p>\n<p>\u00ab\u00a0Le lendemain, il nous a dit, j\u2019en peux plus, il faut que j\u2019avance\u00a0\u00bb raconte l\u2019avocat.<\/p>\n<p class=\"std-elt__inline\">\n        <strong>\u00c0 lire aussi :<\/strong><br \/>\n        <a href=\"https:\/\/www.midilibre.fr\/2026\/01\/07\/mais-ca-ne-vous-saute-pas-a-la-tete-que-ce-sont-des-enfants-a-montpellier-le-proces-de-linceste-entre-tenebres-et-stupeur-13149040.php\" target=\"_blank\" rel=\"noopener\">\u00ab\u00a0Mais \u00e7a ne vous saute pas \u00e0 la t\u00eate que ce sont des enfants\u00a0?\u00a0\u00bb \u00c0 Montpellier, le proc\u00e8s de l\u2019inceste entre t\u00e9n\u00e8bres et stupeur<\/a>\n    <\/p>\n<p>\u00ab\u00a0Il a appris la sexualit\u00e9 dans un cadre immonde, avec cet oncle qui lui a appris ce qu\u2019\u00e9tait la p\u00e9dophilie\u00a0\u00bb encha\u00eene Me Fran\u00e7ois Bermond. \u00ab\u00a0Vous devez prendre en compte ce rapport de domination avec son oncle, et cette logique d\u2019emprise familiale. L\u2019emprise, ce n\u2019est pas que pour les victimes, les auteurs aussi la subissent.\u00a0\u00bb<\/p>\n<p>Pour Karen, cette jeune femme de 25 ans, m\u00e8re de trois enfants, dont un a pour p\u00e8re son oncle John, \u00e9galement accus\u00e9, Me Rachid Lemoudaa fait le grand \u00e9cart. \u00ab\u00a0Elle conteste \u00e9nergiquement la question du viol\u00a0\u00bb souligne-t-il, sa cliente ne reconnaissant que \u00ab\u00a0des caresses\u00a0\u00bb sur la fillette de 12 ans qui l\u2019accuse formellement. \u00ab\u00a0Nonobstant le caract\u00e8re sacr\u00e9 de la voix de l\u2019enfant, est-ce que les seules d\u00e9clarations suffisent pour retenir le viol\u00a0?\u00a0\u00bb<\/p>\n<p>L\u2019avocat rappelle les abus qu\u2019elle a elle-m\u00eame subis dans son enfance, et cette relation si particuli\u00e8re nou\u00e9e avec \u00ab\u00a0tonton John\u00a0\u00bb d\u00e8s ses douze ans. \u00ab\u00a0Son attachement amoureux \u00e0 son oncle est tel qu\u2019elle s\u2019est retrouv\u00e9e sous son emprise, incapable de lui refuser une quelconque demande.\u00a0\u00bb<\/p>\n<p>En prenant la parole pour John, 48 ans, Me Anthony Caniez l\u2019avoue\u00a0: \u00ab\u00a0\u00c0 cet instant, mes mots ne valent rien, face \u00e0 la souffrance des enfants exprim\u00e9s \u00e0 cette barre. Mes mots ne suffiront pas \u00e0 vous \u00e9viter une peine lourde que vous avez tant redout\u00e9e mais que vous avez finie par accepter.\u00a0\u00bb<\/p>\n<p>\u00ab\u00a0Le fardeau de l\u2019inceste, cet aigle noir\u00a0\u00bb<\/p>\n<p>Lui aussi souligne le parcours de ce pr\u00e9dateur qui fut victime de son p\u00e8re, condamn\u00e9 en 2009 dans cette m\u00eame salle \u00e0 vingt ans de r\u00e9clusion pour des faits similaires. \u00ab\u00a0Vous \u00eates le produit de votre histoire, du fardeau de l\u2019inceste, cet aigle noir que vous portez depuis plus de trente ans. Car avant d\u2019\u00eatre cet agresseur, ce violeur, vous avez \u00e9t\u00e9 aussi ce jeune gar\u00e7on, victime objet de vos parents, qu\u2019on se transmettait au gr\u00e9 des saisons, de votre p\u00e8re et de ses sinistres fantasmes, contraint d\u2019avoir de relations sexuelles avec votre s\u0153ur, et on vous a bris\u00e9\u00a0\u00bb.<\/p>\n<p>Apr\u00e8s les excuses renouvel\u00e9es des trois accus\u00e9s, la cour se retire, et revient une heure plus tard, avec une d\u00e9cision que le pr\u00e9sident prend la peine d\u2019expliquer\u00a0: \u00ab\u00a0Les faits sont extr\u00eamement graves, il y a une forme\u00a0r\u00e9siduelle de dangerosit\u00e9, et la cour a observ\u00e9 des \u00e9volutions pendant l\u2019audience, dont elle tient compte.\u00a0\u00bb<\/p>\n<p>Treize ans, au lieu des quinze requis, pour Karen, qui comparaissait libre, et est arr\u00eat\u00e9e \u00e0 la barre. Quinze ans pour son cousin Yan, avec une peine de s\u00fbret\u00e9 de huit ans, et vingt ans, soit au-dessus du r\u00e9quisitoire, pour John, avec une peine de s\u00fbret\u00e9 des deux tiers, et une r\u00e9tention de s\u00fbret\u00e9\u00a0: \u00ab\u00a0\u00c0 la fin de votre incarc\u00e9ration, s\u2019il y a encore une particuli\u00e8re dangerosit\u00e9, vous serez r\u00e9examin\u00e9 par une commission, qui pourra vous renvoyer dans un centre p\u00e9nitentiaire\u00a0\u00bb lui pr\u00e9cise le pr\u00e9sident.<\/p>\n","protected":false},"excerpt":{"rendered":"Deux hommes et une femme comparaissaient depuis lundi devant la cour criminelle de l\u2019H\u00e9rault pour avoir abus\u00e9 de&hellip;\n","protected":false},"author":2,"featured_media":653830,"comment_status":"","ping_status":"","sticky":false,"template":"","format":"standard","meta":{"footnotes":""},"categories":[9599],"tags":[1111,11,1777,674,1011,27,7089,303,2208,12,2680,25],"class_list":{"0":"post-653829","1":"post","2":"type-post","3":"status-publish","4":"format-standard","5":"has-post-thumbnail","7":"category-montpellier","8":"tag-actu","9":"tag-actualites","10":"tag-eu","11":"tag-europe","12":"tag-fr","13":"tag-france","14":"tag-herault","15":"tag-justice","16":"tag-montpellier","17":"tag-news","18":"tag-occitanie","19":"tag-republique-francaise"},"share_on_mastodon":{"url":"https:\/\/pubeurope.com\/@fr\/115870520006898588","error":""},"_links":{"self":[{"href":"https:\/\/www.europesays.com\/fr\/wp-json\/wp\/v2\/posts\/653829","targetHints":{"allow":["GET"]}}],"collection":[{"href":"https:\/\/www.europesays.com\/fr\/wp-json\/wp\/v2\/posts"}],"about":[{"href":"https:\/\/www.europesays.com\/fr\/wp-json\/wp\/v2\/types\/post"}],"author":[{"embeddable":true,"href":"https:\/\/www.europesays.com\/fr\/wp-json\/wp\/v2\/users\/2"}],"replies":[{"embeddable":true,"href":"https:\/\/www.europesays.com\/fr\/wp-json\/wp\/v2\/comments?post=653829"}],"version-history":[{"count":0,"href":"https:\/\/www.europesays.com\/fr\/wp-json\/wp\/v2\/posts\/653829\/revisions"}],"wp:featuredmedia":[{"embeddable":true,"href":"https:\/\/www.europesays.com\/fr\/wp-json\/wp\/v2\/media\/653830"}],"wp:attachment":[{"href":"https:\/\/www.europesays.com\/fr\/wp-json\/wp\/v2\/media?parent=653829"}],"wp:term":[{"taxonomy":"category","embeddable":true,"href":"https:\/\/www.europesays.com\/fr\/wp-json\/wp\/v2\/categories?post=653829"},{"taxonomy":"post_tag","embeddable":true,"href":"https:\/\/www.europesays.com\/fr\/wp-json\/wp\/v2\/tags?post=653829"}],"curies":[{"name":"wp","href":"https:\/\/api.w.org\/{rel}","templated":true}]}}