{"id":653837,"date":"2026-01-10T11:21:32","date_gmt":"2026-01-10T11:21:32","guid":{"rendered":"https:\/\/www.europesays.com\/fr\/653837\/"},"modified":"2026-01-10T11:21:32","modified_gmt":"2026-01-10T11:21:32","slug":"hockey-sur-glace-apres-son-depart-surprise-des-bruleurs-de-loups-alexis-binner-deja-decisif-en-finlande","status":"publish","type":"post","link":"https:\/\/www.europesays.com\/fr\/653837\/","title":{"rendered":"Hockey sur glace. Apr\u00e8s son d\u00e9part surprise des Br\u00fbleurs de loups, Alexis Binner d\u00e9j\u00e0 d\u00e9cisif en Finlande"},"content":{"rendered":"<p>Le d\u00e9sormais joueur du TPS Turku en Finlande Alexis Binner n\u2019a pas perdu de temps pour \u00eatre d\u00e9cisif avec sa nouvelle \u00e9quipe. L\u2019ex d\u00e9fenseur des Br\u00fbleurs de loups, <a href=\"https:\/\/www.ledauphine.com\/sport\/2026\/01\/04\/suspendu-en-interne-depuis-deux-rencontres-pour-un-comportement-inapproprie-alexis-binner-quitte-les-bruleurs-de-loups\" target=\"_blank\" rel=\"noopener\">qui a quitt\u00e9 le club champion de France il y a cinq jours,<\/a> a disput\u00e9 ce vendredi son premier match avec le club finnois.<\/p>\n<p>Sur la glace du SaiPa, le <a href=\"https:\/\/www.ledauphine.com\/sport\/2024\/10\/24\/meilleur-buteur-grenoblois-reclame-par-l-entraineur-qui-est-alexis-binner-le-suedois-tout-feu-tout-flamme\" target=\"_blank\" rel=\"noopener\">Su\u00e9dois<\/a> a \u00e9t\u00e9 un des hommes d\u00e9cisifs de la rencontre. Turku s\u2019est impos\u00e9 4-1 chez son adversaire et Binner a \u00e9t\u00e9 \u00e0 la man\u0153uvre sur les deux premiers buts de son \u00e9quipe. Toujours en situation de sup\u00e9riorit\u00e9 num\u00e9rique, celui qui porte le num\u00e9ro\u00a061 au TPS a donn\u00e9 deux assistances. La premi\u00e8re dans le premier tiers-temps (1\u201922\u2019\u2019) et la deuxi\u00e8me dans le tiers m\u00e9dian (37\u201914\u2019\u2019). Alexis Binner est aussi le d\u00e9fenseur qui a eu le plus de temps de jeu sur la glace pour sa premi\u00e8re avec Turku, avec 17\u201944 minutes de pr\u00e9sence.<\/p>\n","protected":false},"excerpt":{"rendered":"Le d\u00e9sormais joueur du TPS Turku en Finlande Alexis Binner n\u2019a pas perdu de temps pour \u00eatre d\u00e9cisif&hellip;\n","protected":false},"author":2,"featured_media":653838,"comment_status":"","ping_status":"","sticky":false,"template":"","format":"standard","meta":{"footnotes":""},"categories":[9566],"tags":[1111,11,2430,112,1777,674,1701,1011,27,2731,2732,4133,10145,108,12,25,517],"class_list":{"0":"post-653837","1":"post","2":"type-post","3":"status-publish","4":"format-standard","5":"has-post-thumbnail","7":"category-grenoble","8":"tag-actu","9":"tag-actualites","10":"tag-auvergne-rhone-alpes","11":"tag-edition-grenoble-agglomeration","12":"tag-eu","13":"tag-europe","14":"tag-fil-info-sport","15":"tag-fr","16":"tag-france","17":"tag-grenoble","18":"tag-grenoble-bassin","19":"tag-hockey-sur-glace","20":"tag-hockey-sur-glace-grenoble","21":"tag-isere","22":"tag-news","23":"tag-republique-francaise","24":"tag-sport"},"share_on_mastodon":{"url":"https:\/\/pubeurope.com\/@fr\/115870543629110964","error":""},"_links":{"self":[{"href":"https:\/\/www.europesays.com\/fr\/wp-json\/wp\/v2\/posts\/653837","targetHints":{"allow":["GET"]}}],"collection":[{"href":"https:\/\/www.europesays.com\/fr\/wp-json\/wp\/v2\/posts"}],"about":[{"href":"https:\/\/www.europesays.com\/fr\/wp-json\/wp\/v2\/types\/post"}],"author":[{"embeddable":true,"href":"https:\/\/www.europesays.com\/fr\/wp-json\/wp\/v2\/users\/2"}],"replies":[{"embeddable":true,"href":"https:\/\/www.europesays.com\/fr\/wp-json\/wp\/v2\/comments?post=653837"}],"version-history":[{"count":0,"href":"https:\/\/www.europesays.com\/fr\/wp-json\/wp\/v2\/posts\/653837\/revisions"}],"wp:featuredmedia":[{"embeddable":true,"href":"https:\/\/www.europesays.com\/fr\/wp-json\/wp\/v2\/media\/653838"}],"wp:attachment":[{"href":"https:\/\/www.europesays.com\/fr\/wp-json\/wp\/v2\/media?parent=653837"}],"wp:term":[{"taxonomy":"category","embeddable":true,"href":"https:\/\/www.europesays.com\/fr\/wp-json\/wp\/v2\/categories?post=653837"},{"taxonomy":"post_tag","embeddable":true,"href":"https:\/\/www.europesays.com\/fr\/wp-json\/wp\/v2\/tags?post=653837"}],"curies":[{"name":"wp","href":"https:\/\/api.w.org\/{rel}","templated":true}]}}