{"id":653849,"date":"2026-01-10T11:27:12","date_gmt":"2026-01-10T11:27:12","guid":{"rendered":"https:\/\/www.europesays.com\/fr\/653849\/"},"modified":"2026-01-10T11:27:12","modified_gmt":"2026-01-10T11:27:12","slug":"football-les-molsheim-ernolsheim-reve-dun-exploit-contre-nice-en-16e-de-finale-de-la-coupe-de-france","status":"publish","type":"post","link":"https:\/\/www.europesays.com\/fr\/653849\/","title":{"rendered":"Football. L\u2019ES Molsheim\/Ernolsheim r\u00eave d\u2019un exploit contre Nice en 16e de finale de la Coupe de France"},"content":{"rendered":"<p>Entre Nice et Molsheim, il y a un peu moins de 1000 kilom\u00e8tres. Mais il y a surtout une division d\u2019\u00e9cart que les joueuses de l\u2019ESME sont pr\u00eates \u00e0 effacer pour renverser les Ni\u00e7oises en 16es de finale de la Coupe de France.<\/p>\n<p>Ce dimanche, elles jouent d\u00e9j\u00e0 un match historique puisque jamais le club n\u2019avait atteint ce stade de la comp\u00e9tition, aussi bien chez les filles que chez les gar\u00e7ons.<\/p>\n<p>\u00ab\u200aUne aventure de groupe\u200a\u00bb<\/p>\n<p>\u00ab\u200aOn a un sentiment de fiert\u00e9. On met le club en avant sur la sc\u00e8ne nationale. Les joueuses abordent le match lib\u00e9r\u00e9es et avec de la confiance. On est&#8230;<\/p>\n","protected":false},"excerpt":{"rendered":"Entre Nice et Molsheim, il y a un peu moins de 1000 kilom\u00e8tres. Mais il y a surtout&hellip;\n","protected":false},"author":2,"featured_media":653850,"comment_status":"","ping_status":"","sticky":false,"template":"","format":"standard","meta":{"footnotes":""},"categories":[2819],"tags":[1111,11,2389,2649,24625,1777,674,63,1011,27,24623,12,2401,882,25,517],"class_list":{"0":"post-653849","1":"post","2":"type-post","3":"status-publish","4":"format-standard","5":"has-post-thumbnail","7":"category-nice","8":"tag-actu","9":"tag-actualites","10":"tag-alsace","11":"tag-bas-rhin","12":"tag-edition-molsheim-obernai","13":"tag-eu","14":"tag-europe","15":"tag-football","16":"tag-fr","17":"tag-france","18":"tag-molsheim","19":"tag-news","20":"tag-nice","21":"tag-provence-alpes-cote-dazur","22":"tag-republique-francaise","23":"tag-sport"},"share_on_mastodon":{"url":"https:\/\/pubeurope.com\/@fr\/115870567191333296","error":""},"_links":{"self":[{"href":"https:\/\/www.europesays.com\/fr\/wp-json\/wp\/v2\/posts\/653849","targetHints":{"allow":["GET"]}}],"collection":[{"href":"https:\/\/www.europesays.com\/fr\/wp-json\/wp\/v2\/posts"}],"about":[{"href":"https:\/\/www.europesays.com\/fr\/wp-json\/wp\/v2\/types\/post"}],"author":[{"embeddable":true,"href":"https:\/\/www.europesays.com\/fr\/wp-json\/wp\/v2\/users\/2"}],"replies":[{"embeddable":true,"href":"https:\/\/www.europesays.com\/fr\/wp-json\/wp\/v2\/comments?post=653849"}],"version-history":[{"count":0,"href":"https:\/\/www.europesays.com\/fr\/wp-json\/wp\/v2\/posts\/653849\/revisions"}],"wp:featuredmedia":[{"embeddable":true,"href":"https:\/\/www.europesays.com\/fr\/wp-json\/wp\/v2\/media\/653850"}],"wp:attachment":[{"href":"https:\/\/www.europesays.com\/fr\/wp-json\/wp\/v2\/media?parent=653849"}],"wp:term":[{"taxonomy":"category","embeddable":true,"href":"https:\/\/www.europesays.com\/fr\/wp-json\/wp\/v2\/categories?post=653849"},{"taxonomy":"post_tag","embeddable":true,"href":"https:\/\/www.europesays.com\/fr\/wp-json\/wp\/v2\/tags?post=653849"}],"curies":[{"name":"wp","href":"https:\/\/api.w.org\/{rel}","templated":true}]}}