{"id":653868,"date":"2026-01-10T11:38:10","date_gmt":"2026-01-10T11:38:10","guid":{"rendered":"https:\/\/www.europesays.com\/fr\/653868\/"},"modified":"2026-01-10T11:38:10","modified_gmt":"2026-01-10T11:38:10","slug":"un-die-in-feministe-organise-pour-rendre-hommage-aux-victimes-de-feminicides","status":"publish","type":"post","link":"https:\/\/www.europesays.com\/fr\/653868\/","title":{"rendered":"un die-in f\u00e9ministe organis\u00e9 pour rendre hommage aux victimes de f\u00e9minicides"},"content":{"rendered":"<p>Le collectif #NousToutes Rh\u00f4ne organise un die-in devant le Palais de Justice des 24 colonnes, dans le 5\u1d49 arrondissement, afin de d\u00e9noncer les d\u00e9faillances de l\u2019\u00c9tat et du syst\u00e8me judiciaire face aux violences sexistes et sexuelles, et de rendre hommage aux victimes de f\u00e9minicides.<\/p>\n<p>\u00c0 partir de 18 heures, plus d\u2019une centaine de militantes s\u2019allongeront au sol \u00ab\u00a0\u00e0 l\u2019appel des pr\u00e9noms des femmes qu\u2019elles repr\u00e9sentent\u00a0\u00bb, pour rendre \u00ab\u00a0femmage\u00a0\u00bb aux victimes. En 2025, 164 femmes ont \u00e9t\u00e9 tu\u00e9es parce qu\u2019elles \u00e9taient des femmes, rappelle le collectif. Depuis 2017, ce sont 1222 femmes qui ont \u00e9t\u00e9 assassin\u00e9es en France pour cette raison. \u00ab\u00a0En 2026, une femme a d\u00e9j\u00e0 \u00e9t\u00e9 tu\u00e9e en raison de son genre\u00a0\u00bb, souligne le collectif.<\/p>\n<p>Le collectif pointe une situation jug\u00e9e alarmante : les violences conjugales recens\u00e9es par le minist\u00e8re de l\u2019Int\u00e9rieur ont doubl\u00e9 entre 2016 et 2024, atteignant 272 400 faits par an. Les violences envers les personnes transgenres sont \u00e9galement d\u00e9nonc\u00e9es comme \u00e9tant en augmentation. Autre chiffre mis en avant : un viol ou une tentative de viol toutes les 2 minutes 30 en France, selon une estimation cit\u00e9e par le mouvement.<\/p>\n<p>Pour #NousToutes Rh\u00f4ne, nombre de ces drames auraient pu \u00eatre \u00e9vit\u00e9s. Le collectif affirme qu\u2019en 2019, 65% des femmes assassin\u00e9es avaient d\u00e9j\u00e0 pris contact avec la justice, sans que leur situation ne soit prise en charge de mani\u00e8re effective.<\/p>\n<p>Dans ce contexte, les organisatrices formulent plusieurs revendications comme le d\u00e9blocage d\u2019un milliard d\u2019euros pour financer des politiques publiques de lutte contre les violences sexistes et sexuelles, le renforcement des dispositifs de protection des femmes et des enfants victimes (h\u00e9bergement, mise en s\u00e9curit\u00e9, t\u00e9l\u00e9phone grave danger), une augmentation des subventions aux associations et une meilleure formation des professionnels ou la mise en \u0153uvre effective de politiques de pr\u00e9vention, notamment les s\u00e9ances obligatoires d\u2019\u00e9ducation \u00e0 la vie affective et sexuelle \u00e0 l\u2019\u00e9cole.<\/p>\n<p>Le collectif affirme vouloir rappeler que \u00ab\u00a0les violences sexistes et sexuelles sont massives et syst\u00e9miques\u00a0\u00bb et qu\u2019elles \u00ab\u00a0ne sont pas une fatalit\u00e9\u00a0\u00bb. Le choix du Palais de Justice comme lieu de rassemblement se veut, selon les militantes, un symbole fort pour interpeller les institutions.<\/p>\n","protected":false},"excerpt":{"rendered":"Le collectif #NousToutes Rh\u00f4ne organise un die-in devant le Palais de Justice des 24 colonnes, dans le 5\u1d49&hellip;\n","protected":false},"author":2,"featured_media":653869,"comment_status":"","ping_status":"","sticky":false,"template":"","format":"standard","meta":{"footnotes":""},"categories":[1889],"tags":[1111,11,2813,2190,2430,1109,251,1112,2811,1777,674,118,1011,27,1922,1110,1114,2428,2810,12,241,316,25,2812,517,800],"class_list":{"0":"post-653868","1":"post","2":"type-post","3":"status-publish","4":"format-standard","5":"has-post-thumbnail","7":"category-lyon","8":"tag-actu","9":"tag-actualites","10":"tag-article","11":"tag-asvel","12":"tag-auvergne-rhone-alpes","13":"tag-breves","14":"tag-culture","15":"tag-depeches","16":"tag-economique","17":"tag-eu","18":"tag-europe","19":"tag-faits-divers","20":"tag-fr","21":"tag-france","22":"tag-info","23":"tag-informations","24":"tag-infos","25":"tag-lyon","26":"tag-lyonmag","27":"tag-news","28":"tag-ol","29":"tag-politique","30":"tag-republique-francaise","31":"tag-sociale","32":"tag-sport","33":"tag-transports"},"share_on_mastodon":{"url":"https:\/\/pubeurope.com\/@fr\/115870610534814293","error":""},"_links":{"self":[{"href":"https:\/\/www.europesays.com\/fr\/wp-json\/wp\/v2\/posts\/653868","targetHints":{"allow":["GET"]}}],"collection":[{"href":"https:\/\/www.europesays.com\/fr\/wp-json\/wp\/v2\/posts"}],"about":[{"href":"https:\/\/www.europesays.com\/fr\/wp-json\/wp\/v2\/types\/post"}],"author":[{"embeddable":true,"href":"https:\/\/www.europesays.com\/fr\/wp-json\/wp\/v2\/users\/2"}],"replies":[{"embeddable":true,"href":"https:\/\/www.europesays.com\/fr\/wp-json\/wp\/v2\/comments?post=653868"}],"version-history":[{"count":0,"href":"https:\/\/www.europesays.com\/fr\/wp-json\/wp\/v2\/posts\/653868\/revisions"}],"wp:featuredmedia":[{"embeddable":true,"href":"https:\/\/www.europesays.com\/fr\/wp-json\/wp\/v2\/media\/653869"}],"wp:attachment":[{"href":"https:\/\/www.europesays.com\/fr\/wp-json\/wp\/v2\/media?parent=653868"}],"wp:term":[{"taxonomy":"category","embeddable":true,"href":"https:\/\/www.europesays.com\/fr\/wp-json\/wp\/v2\/categories?post=653868"},{"taxonomy":"post_tag","embeddable":true,"href":"https:\/\/www.europesays.com\/fr\/wp-json\/wp\/v2\/tags?post=653868"}],"curies":[{"name":"wp","href":"https:\/\/api.w.org\/{rel}","templated":true}]}}