{"id":653871,"date":"2026-01-10T11:41:18","date_gmt":"2026-01-10T11:41:18","guid":{"rendered":"https:\/\/www.europesays.com\/fr\/653871\/"},"modified":"2026-01-10T11:41:18","modified_gmt":"2026-01-10T11:41:18","slug":"tempete-goretti-matinee-complique-dans-les-transports-en-ile-de-france","status":"publish","type":"post","link":"https:\/\/www.europesays.com\/fr\/653871\/","title":{"rendered":"Temp\u00eate Goretti : matin\u00e9e compliqu\u00e9 dans les transports en \u00cele-de-France"},"content":{"rendered":"<p><img loading=\"lazy\" decoding=\"async\" alt=\"\u00a9 Shutterstock - La temp\u00eate Goretti provoque de lourdes perturbations dans les transports franciliens ce vendredi matin, avec de nombreuses lignes interrompues ou fortement ralenties.\" data-zoom-src=\"https:\/\/www.europesays.com\/fr\/wp-content\/uploads\/2026\/01\/initial-pertubation-transport-tempete-goretti.jpg\" data-zoomable=\"\" height=\"702\" src=\"https:\/\/www.europesays.com\/fr\/wp-content\/uploads\/2026\/01\/initial-pertubation-transport-tempete-goretti.jpg\" width=\"1248\"\/>  <\/p>\n<p class=\"article-desc\">\u00a9 Shutterstock &#8211; La temp\u00eate Goretti provoque de lourdes perturbations dans les transports franciliens ce vendredi matin, avec de nombreuses lignes interrompues ou fortement ralenties. <\/p>\n<p>Apr\u00e8s avoir balay\u00e9 la fa\u00e7ade ouest de la France dans la nuit de jeudi \u00e0 vendredi, la <strong>temp\u00eate Goretti <\/strong>perturbe fortement les <strong>transports en \u00cele-de-France<\/strong> ce vendredi matin. <strong>Rafales violentes<\/strong>, <strong>chutes d\u2019arbres sur les voies <\/strong>et<strong> installations endommag\u00e9es <\/strong>compliquent la circulation ferroviaire sur plusieurs<strong> lignes de Transilien et de RER<\/strong>, au c\u0153ur de l\u2019heure de pointe. <\/p>\n<p> Des vents violents et des d\u00e9g\u00e2ts importants <\/p>\n<p>Depuis jeudi soir, des <a href=\"https:\/\/mesinfos.fr\/ile-de-france\/tempete-goretti-des-vents-jusqu-a-100-kmh-attendus-en-seine-et-marne-237333.html\" rel=\"noopener\" target=\"_blank\">rafales de vent particuli\u00e8rement puissantes<\/a> frappent le nord et l\u2019ouest du pays. Dans la Manche, une rafale \u00e0 213 km\/h est enregistr\u00e9e, illustrant la violence de l\u2019\u00e9pisode. Ce vendredi, deux d\u00e9partements restent plac\u00e9s en vigilance orange pour des risques de vents violents jusqu\u2019\u00e0 18 heures. En Normandie et en Bretagne, des centaines de milliers de foyers sont priv\u00e9s d\u2019\u00e9lectricit\u00e9. Si les rafales attendues dans la journ\u00e9e doivent \u00eatre moins intenses, les cons\u00e9quences de la temp\u00eate continuent de se faire sentir. <\/p>\n<p>Transilien : la circulation \u00e0 Saint-Lazare coup\u00e9e <\/p>\n<p>En <strong>\u00cele-de-France<\/strong>, plusieurs lignes du<strong> r\u00e9seau Transilien<\/strong> sont perturb\u00e9es d\u00e8s les premi\u00e8res heures de la matin\u00e9e, principalement en raison de chutes d\u2019arbres sur les voies. Plus aucun train ne circule en<strong> gare de Saint-Lazare<\/strong> \u00e0 <strong>Paris<\/strong> ce matin<\/p>\n<p>Sur la<strong> ligne J<\/strong>, le trafic est interrompu entre Les Mureaux et Paris Saint-Lazare dans les deux sens, avec une reprise estim\u00e9e \u00e0 10h 30. La circulation est \u00e9galement fortement perturb\u00e9e entre <strong>Pontoise<\/strong> et <strong>Paris Saint-Lazare<\/strong>. <\/p>\n<blockquote class=\"twitter-tweet\" data-uniformized=\"true\">\n<p dir=\"ltr\" lang=\"fr\">\u274c <a href=\"https:\/\/twitter.com\/hashtag\/InfoTrafic?src=hash&amp;ref_src=twsrc%5Etfw\" target=\"_blank\" rel=\"noopener\">#InfoTrafic<\/a> <a href=\"https:\/\/twitter.com\/hashtag\/LigneJ?src=hash&amp;ref_src=twsrc%5Etfw\" target=\"_blank\" rel=\"noopener\">#LigneJ<\/a> :<\/p>\n<p>Le trafic est \u00e9galement interrompu entre Vernon et Mantes la Jolie dans les 2 sens.<\/p>\n<p>\u23f1\ufe0f Reprise estim\u00e9e \u00e0 10h30.<\/p>\n<p>Motif : obstacle sur la voie \u00e0 Maisons Laffitte (chute d&rsquo;un arbre)<\/p>\n<p>Oxalis<\/p>\n<p> \u2014 Ligne J (@LIGNEJ_SNCF) <a href=\"https:\/\/twitter.com\/LIGNEJ_SNCF\/status\/2009523600731328987?ref_src=twsrc%5Etfw\" target=\"_blank\" rel=\"noopener\">January 9, 2026<\/a><\/p><\/blockquote>\n<p>La<strong> ligne N <\/strong>conna\u00eet des perturbations entre <strong>Plaisir-Grignon<\/strong> et <strong>Paris Montparnasse<\/strong>, ainsi qu\u2019entre <strong>Mantes-la-Jolie<\/strong> et Paris Montparnasse, dans les deux sens.<\/p>\n<p>Sur la <strong>ligne P<\/strong>, le trafic est interrompu sur plusieurs branches : entre <strong>Meaux <\/strong>et <strong>La Fert\u00e9-Milon<\/strong>, entre<strong> Paris-Est <\/strong>et <strong>Provins<\/strong>, entre Paris-Est et <strong>Coulommiers<\/strong>, ainsi qu\u2019entre Paris-Est et<strong> Meaux<\/strong>. Les interruptions doivent se prolonger jusqu\u2019\u00e0 10 heures. <\/p>\n<p>La <strong>ligne L<\/strong> est \u00e9galement tr\u00e8s affect\u00e9e. Le trafic est interrompu entre <strong>Nanterre Universit\u00e9<\/strong> et <strong>Cergy-le-Haut<\/strong> dans les deux sens jusqu\u2019\u00e0 9h30, et reste perturb\u00e9 sur le reste de la ligne.<\/p>\n<p> RER A et RER E fortement touch\u00e9s <\/p>\n<p>Le <a href=\"https:\/\/mesinfos.fr\/78130-les-mureaux\/rer-e-travaux-consequents-a-epone-mezieres-et-aux-mureaux-229963.html\" rel=\"noopener\" target=\"_blank\">RER E <\/a>voit son trafic interrompu entre <strong>Villiers-sur-Marne<\/strong> et <strong>Tournan<\/strong> dans les deux sens de circulation jusqu\u2019\u00e0 10 heures. <\/p>\n<p>Sur le <strong>RER A<\/strong>, la situation est particuli\u00e8rement d\u00e9grad\u00e9e. Un arbre est tomb\u00e9 sur les voies \u00e0 hauteur de <strong>Champigny-sur-Marne <\/strong>et de <strong>Saint-Maur-Cr\u00e9teil<\/strong>, paralysant le trafic sur ce secteur. La circulation est interrompue entre <strong>Fontenay-sous-Bois<\/strong> et<strong> La Varenne\u2013Chennevi\u00e8res<\/strong> et reste tr\u00e8s perturb\u00e9e sur le reste de la ligne. <\/p>\n<p>Les \u00e9quipes d\u2019\u00e9lagage sont mobilis\u00e9es depuis le d\u00e9but de la matin\u00e9e pour d\u00e9gager les voies. La<strong> RATP<\/strong> annonce un retour progressif \u00e0 la normale vers 10h30, tout en pr\u00e9cisant que d\u2019autres chutes d\u2019arbres sur le r\u00e9seau pourraient encore n\u00e9cessiter des interventions. <\/p>\n<blockquote class=\"twitter-tweet\" data-uniformized=\"true\">\n<p dir=\"ltr\" lang=\"fr\">\u274c Le trafic est interrompu entre Fontenay-sous-Bois et La Varenne\u2013Chennevi\u00e8res et est tr\u00e8s perturb\u00e9 sur le reste de la ligne en raison d&rsquo;une chute d&rsquo;arbre sur les voies \u00e0 Champigny et Saint-Maur-Cr\u00e9teil. Reprise estim\u00e9e \u00e0 10:30. <a href=\"https:\/\/twitter.com\/hashtag\/RERA?src=hash&amp;ref_src=twsrc%5Etfw\" target=\"_blank\" rel=\"noopener\">#RERA<\/a><\/p>\n<p> \u2014 RER A (@RER_A) <a href=\"https:\/\/twitter.com\/RER_A\/status\/2009521402152419575?ref_src=twsrc%5Etfw\" target=\"_blank\" rel=\"noopener\">January 9, 2026<\/a><\/p><\/blockquote>\n<p>\u00a0<\/p>\n<p><script async src=\"https:\/\/platform.twitter.com\/widgets.js\" charset=\"utf-8\"><\/script><\/p>\n","protected":false},"excerpt":{"rendered":"\u00a9 Shutterstock &#8211; La temp\u00eate Goretti provoque de lourdes perturbations dans les transports franciliens ce vendredi matin, avec&hellip;\n","protected":false},"author":2,"featured_media":653872,"comment_status":"","ping_status":"","sticky":false,"template":"","format":"standard","meta":{"footnotes":""},"categories":[1592],"tags":[1111,11,1777,674,1011,27,662,12,626,625,25,75691,2216,10713],"class_list":{"0":"post-653871","1":"post","2":"type-post","3":"status-publish","4":"format-standard","5":"has-post-thumbnail","7":"category-ile-de-france","8":"tag-actu","9":"tag-actualites","10":"tag-eu","11":"tag-europe","12":"tag-fr","13":"tag-france","14":"tag-ile-de-france","15":"tag-news","16":"tag-paris","17":"tag-ratp","18":"tag-republique-francaise","19":"tag-tempu00eate","20":"tag-transports-en-commun","21":"tag-u00cele-de-france-mobilitu00e9s"},"share_on_mastodon":{"url":"https:\/\/pubeurope.com\/@fr\/115870622400789943","error":""},"_links":{"self":[{"href":"https:\/\/www.europesays.com\/fr\/wp-json\/wp\/v2\/posts\/653871","targetHints":{"allow":["GET"]}}],"collection":[{"href":"https:\/\/www.europesays.com\/fr\/wp-json\/wp\/v2\/posts"}],"about":[{"href":"https:\/\/www.europesays.com\/fr\/wp-json\/wp\/v2\/types\/post"}],"author":[{"embeddable":true,"href":"https:\/\/www.europesays.com\/fr\/wp-json\/wp\/v2\/users\/2"}],"replies":[{"embeddable":true,"href":"https:\/\/www.europesays.com\/fr\/wp-json\/wp\/v2\/comments?post=653871"}],"version-history":[{"count":0,"href":"https:\/\/www.europesays.com\/fr\/wp-json\/wp\/v2\/posts\/653871\/revisions"}],"wp:featuredmedia":[{"embeddable":true,"href":"https:\/\/www.europesays.com\/fr\/wp-json\/wp\/v2\/media\/653872"}],"wp:attachment":[{"href":"https:\/\/www.europesays.com\/fr\/wp-json\/wp\/v2\/media?parent=653871"}],"wp:term":[{"taxonomy":"category","embeddable":true,"href":"https:\/\/www.europesays.com\/fr\/wp-json\/wp\/v2\/categories?post=653871"},{"taxonomy":"post_tag","embeddable":true,"href":"https:\/\/www.europesays.com\/fr\/wp-json\/wp\/v2\/tags?post=653871"}],"curies":[{"name":"wp","href":"https:\/\/api.w.org\/{rel}","templated":true}]}}