{"id":653873,"date":"2026-01-10T11:42:12","date_gmt":"2026-01-10T11:42:12","guid":{"rendered":"https:\/\/www.europesays.com\/fr\/653873\/"},"modified":"2026-01-10T11:42:12","modified_gmt":"2026-01-10T11:42:12","slug":"ce-cote-creatif-me-manquait","status":"publish","type":"post","link":"https:\/\/www.europesays.com\/fr\/653873\/","title":{"rendered":"ce c\u00f4t\u00e9 cr\u00e9atif me manquait"},"content":{"rendered":"<p>                    Par<br \/>\n        <strong><br \/>\n            <a href=\"https:\/\/actu.fr\/auteur\/m-pomme\" title=\"Consulter tous les articles de Marie Pomme\" target=\"_blank\" rel=\"noopener\">Marie Pomme<\/a><br \/>\n                    <\/strong><\/p>\n<p>        Publi\u00e9 le<\/p>\n<p>            10 janv. 2026 \u00e0 11h32        <\/p>\n<p>En ce d\u00e9but d\u2019ann\u00e9e, dans les boulangeries, \u00e0 l\u2019odeur du bon <a href=\"https:\/\/actu.fr\/ile-de-france\/paris_75056\/envie-d-un-croissant-a-4-heures-du-mat-a-paris-cette-boulangerie-reste-ouverte-toute-la-nuit_60809086.html\" target=\"_blank\" rel=\"noopener\">pain<\/a> se m\u00eale celle de la <a href=\"https:\/\/actu.fr\/ile-de-france\/paris_75056\/penis-durian-et-foie-gras-notre-selection-des-galettes-des-rois-insolites-a-paris_63656461.html\" target=\"_blank\" rel=\"noopener\">galette des rois<\/a>. En plus du plaisir de la d\u00e9gustation, les gourmands ont l\u2019\u0153il qui p\u00e9tille \u00e0 l\u2019id\u00e9e de trouver la f\u00e8ve et d\u2019\u00eatre sacr\u00e9 monarque du repas. Mais ce petit s\u00e9same est rarement fran\u00e7ais\u2009: plus de 90\u2009% d\u2019entre eux sont faits en <a href=\"https:\/\/actu.fr\/ile-de-france\/paris_75056\/concurrence-de-l-asie-nuisances-a-paris-le-quartier-du-sentier-s-est-vide-de-ses-commerces-de-gros_62552386.html\" target=\"_blank\" rel=\"noopener\">Asie<\/a>. En France, tr\u00e8s peu de c\u00e9ramistes en produisent\u2009; c\u2019est pourtant le cas d\u2019Aline, dans son atelier \u00e0 Paris.<\/p>\n<p>Ses f\u00e8ves made in France cartonnent<\/p>\n<p class=\" wall-content\">\u00ab\u2009Avant, j\u2019\u00e9tais chroniqueuse et j\u2019\u00e9crivais des livres sur le d\u00e9veloppement durable\u2009\u00bb, rembobine la p\u00e9tillante trentenaire en posant un lourd bloc de terre sur son plan de travail. Tandis qu\u2019elle le d\u00e9balle et le s\u00e9pare en tranches avec un fil \u00e0 couper comme un bon fromage, elle revient sur son \u00ab\u2009ancienne vie\u2009\u00bb\u2009: \u00ab\u2009J\u2019ai beaucoup aim\u00e9 cette phase. Puis un jour j\u2019ai d\u00e9couvert la c\u00e9ramique et j\u2019ai ressenti un \u00e9panouissement que je n\u2019avais nulle part ailleurs. J\u2019ai d\u00e9cid\u00e9 de me lancer dans ce c\u00f4t\u00e9 cr\u00e9atif qui me manquait.\u2009\u00bb D\u2019abord \u00e0 temps partiel, ses cr\u00e9ations cartonnent sur les r\u00e9seaux sociaux\u2009: la demande est telle qu\u2019elle doit refuser des pi\u00e8ces, alors elle fait le grand saut. \u00ab\u2009Quand je suis l\u00e0, je n\u2019ai pas l\u2019impression de travailler\u2009\u00bb, appr\u00e9cie-t-elle.<\/p>\n<p class=\" wall-content\"><a href=\"https:\/\/www.instagram.com\/reel\/DSKg3CPDEMa\/embed\" title=\"Ouvrir le lien sur Instagram\" target=\"_blank\" rel=\"noopener\">Visualiser le contenu sur Instagram<\/a><\/p>\n<p class=\" wall-content\">Elle s\u2019est sp\u00e9cialis\u00e9e dans la confection de f\u00e8ves, en gr\u00e8s et en porcelaine. \u00ab\u2009Cette id\u00e9e est partie d\u2019un moment o\u00f9 je mangeais une galette \u00bb, se souvient-elle. \u00ab\u2009C\u2019est une pi\u00e8ce en c\u00e9ramique qu\u2019on oublie souvent.\u2009\u00bb Aujourd\u2019hui, cela repr\u00e9sente \u00e0 peu pr\u00e8s 40\u2009% de ses commandes pour des professionnels. \u00ab\u2009Ce sont des boulangeries, des <a href=\"https:\/\/actu.fr\/ile-de-france\/paris_75056\/c-est-un-concept-qui-devient-tendance-a-paris-les-coffee-shops-n-ont-jamais-ete-aussi-en-vogue_62339586.html\" target=\"_blank\" rel=\"noopener\">coffee-shops<\/a>, ou des clients compl\u00e8tement inattendus comme des \u00e9coles\u2009\u00bb, liste-t-elle.<\/p>\n<p>    <img   decoding=\"async\" loading=\"lazy\" src=\"https:\/\/www.europesays.com\/fr\/wp-content\/uploads\/2026\/01\/dsc-0909-1-960x640.jpg\" alt=\"Parmi ses mod\u00e8les pr\u00e9f\u00e9r\u00e9s, il y a le puzzle \u00e0 collectionner et les fleurs en porcelaine, qui se transforment... en boucles d'oreille\" width=\"960\" height=\"640\"\/><br \/>\n    Parmi ses mod\u00e8les pr\u00e9f\u00e9r\u00e9s, il y a le puzzle \u00e0 collectionner et les fleurs en porcelaine, qui se transforment\u2026 en boucles d\u2019oreilles (\u00a9MP \/ actu Paris)1\u2009000 f\u00e8ves \u00e0 faire\u2026 une par une<\/p>\n<p class=\" wall-content\">Sous ses mains, une f\u00e8ve en relief commence \u00e0 prendre forme. Elle \u00e9tale la terre comme une p\u00e2te \u00e0 tarte, puis d\u00e9taille des ronds \u00e0 l\u2019emporte-pi\u00e8ce. \u00ab\u2009L\u00e0, je vais les lisser une par une avec l\u2019\u00e9ponge\u2009\u00bb, indique-t-elle en joignant le geste \u00e0 la parole. \u00ab\u2009C\u2019est le moment o\u00f9 je mets une s\u00e9rie ou un podcast, parce que \u00e7a peut \u00eatre long\u2009!\u2009\u00bb Et pour cause\u2009: ses clients lui commandent parfois des milliers de pi\u00e8ces, comme cette boulangerie qui lui en a r\u00e9clam\u00e9 1\u2009000 \u00e0 son effigie. \u00ab\u2009C\u2019est vraiment un challenge technique quand on les fait \u00e0 la main, ce n\u2019est pas de la s\u00e9rigraphie avec une machine qui imprime sur une f\u00e8ve industrielle. J\u2019aime le c\u00f4t\u00e9 ultra personnalis\u00e9. \u00c7a demande beaucoup de minutie car les pi\u00e8ces sont tr\u00e8s petites\u2009!\u2009\u00bb rigole-t-elle.<\/p>\n<p class=\" wall-content\">Il faut ensuite les laisser s\u00e9cher quelques jours, les cuire une premi\u00e8re fois \u00e0 1\u2009000\u00a0\u00b0C pendant 24\u00a0heures, appliquer l\u2019\u00e9mail et les recuire \u00e0 presque 1\u2009300\u00a0\u00b0C.<\/p>\n<p>    <img   decoding=\"async\" loading=\"lazy\" src=\"https:\/\/www.europesays.com\/fr\/wp-content\/uploads\/2026\/01\/dsc-0897-960x640.jpg\" alt=\"L'atelier d'Aline regorge de pinceaux, bo\u00eetes de pigments et outils en tout genre.\" width=\"960\" height=\"640\"\/><br \/>\n    L\u2019atelier d\u2019Aline est une vraie caverne d\u2019Ali baba qui regorge de pinceaux, bo\u00eetes de pigments et outils en tout genre. (\u00a9MP \/ actu Paris)<\/p>\n<p>Votre r\u00e9gion, votre actu !<\/p>\n<p>Recevez chaque jour les infos qui comptent pour vous.<\/p>\n<p>\t<a href=\"https:\/\/actu.fr\/newsletter\" class=\"ac-btn ac-btn--corner ac-btn--medium ac-btn--blue800\" target=\"_blank\" rel=\"noopener\">S&rsquo;incrire<\/a><br \/>\n\u00c9nergie renouvelable et pigments naturels<\/p>\n<p class=\" wall-content\">D\u2019ailleurs, l\u2019\u00e9nergie de la cuisson provient de sources renouvelables. De sa vie d\u2019avant, elle a gard\u00e9 ses engagements environnementaux. \u00ab\u2009Je travaille surtout avec les couleurs naturelles des argiles, comme le terra cotta, le noir, le gris\u2026 pour \u00e9viter au maximum les pigments artificiels\u2009\u00bb, indique Aline. Dans son atelier donc, peu de bleu ou de jaune, \u00ab\u2009qui contiennent des m\u00e9taux lourds comme le cobalt ou l\u2019antimoine, assez polluants et dangereux \u00e0 manipuler\u2009\u00bb.<\/p>\n<p class=\" wall-content\">Personnalisez votre actualit\u00e9 en ajoutant vos villes et m\u00e9dias en favori avec <a href=\"https:\/\/moncompte.actu.fr\" title=\"D\u00e9couvez Mon Actu\" rel=\"nofollow noopener\" data-trk=\"{&quot;cta&quot;:{&quot;action&quot;:&quot;https:\\\/\\\/moncompte.actu.fr&quot;,&quot;category&quot;:&quot;mon compte&quot;,&quot;from&quot;:&quot;article footer&quot;,&quot;name&quot;:&quot;Mon actu&quot;,&quot;type&quot;:&quot;cta&quot;}}\" target=\"_blank\">Mon Actu<\/a>.<\/p>\n<p>                    <script async src=\"\/\/www.instagram.com\/embed.js\"><\/script><\/p>\n","protected":false},"excerpt":{"rendered":"Par Marie Pomme Publi\u00e9 le 10 janv. 2026 \u00e0 11h32 En ce d\u00e9but d\u2019ann\u00e9e, dans les boulangeries, \u00e0&hellip;\n","protected":false},"author":2,"featured_media":653874,"comment_status":"","ping_status":"","sticky":false,"template":"","format":"standard","meta":{"footnotes":""},"categories":[1888],"tags":[1111,1928,11,1927,1477,1777,674,1011,27,1661,12,1926,626,1925,25,104],"class_list":{"0":"post-653873","1":"post","2":"type-post","3":"status-publish","4":"format-standard","5":"has-post-thumbnail","7":"category-paris","8":"tag-actu","9":"tag-actu-paris","10":"tag-actualites","11":"tag-actualites-paris","12":"tag-artisanat","13":"tag-eu","14":"tag-europe","15":"tag-fr","16":"tag-france","17":"tag-gastronomie","18":"tag-news","19":"tag-news-paris","20":"tag-paris","21":"tag-paris-news","22":"tag-republique-francaise","23":"tag-societe"},"share_on_mastodon":{"url":"https:\/\/pubeurope.com\/@fr\/115870626405099545","error":""},"_links":{"self":[{"href":"https:\/\/www.europesays.com\/fr\/wp-json\/wp\/v2\/posts\/653873","targetHints":{"allow":["GET"]}}],"collection":[{"href":"https:\/\/www.europesays.com\/fr\/wp-json\/wp\/v2\/posts"}],"about":[{"href":"https:\/\/www.europesays.com\/fr\/wp-json\/wp\/v2\/types\/post"}],"author":[{"embeddable":true,"href":"https:\/\/www.europesays.com\/fr\/wp-json\/wp\/v2\/users\/2"}],"replies":[{"embeddable":true,"href":"https:\/\/www.europesays.com\/fr\/wp-json\/wp\/v2\/comments?post=653873"}],"version-history":[{"count":0,"href":"https:\/\/www.europesays.com\/fr\/wp-json\/wp\/v2\/posts\/653873\/revisions"}],"wp:featuredmedia":[{"embeddable":true,"href":"https:\/\/www.europesays.com\/fr\/wp-json\/wp\/v2\/media\/653874"}],"wp:attachment":[{"href":"https:\/\/www.europesays.com\/fr\/wp-json\/wp\/v2\/media?parent=653873"}],"wp:term":[{"taxonomy":"category","embeddable":true,"href":"https:\/\/www.europesays.com\/fr\/wp-json\/wp\/v2\/categories?post=653873"},{"taxonomy":"post_tag","embeddable":true,"href":"https:\/\/www.europesays.com\/fr\/wp-json\/wp\/v2\/tags?post=653873"}],"curies":[{"name":"wp","href":"https:\/\/api.w.org\/{rel}","templated":true}]}}