{"id":653875,"date":"2026-01-10T11:43:17","date_gmt":"2026-01-10T11:43:17","guid":{"rendered":"https:\/\/www.europesays.com\/fr\/653875\/"},"modified":"2026-01-10T11:43:17","modified_gmt":"2026-01-10T11:43:17","slug":"emily-in-paris-saison-6-netflix-les-premieres-infos","status":"publish","type":"post","link":"https:\/\/www.europesays.com\/fr\/653875\/","title":{"rendered":"Emily in Paris saison 6 (Netflix) : Les premi\u00e8res infos"},"content":{"rendered":"<p>La nouvelle, bien qu\u2019attendue, a ravi les fans. <a href=\"https:\/\/www.programme-tv.net\/news\/series-tv\/395069-emily-in-paris-3-questions-auxquelles-la-saison-6-doit-repondre\/\" data-api-deeplink=\"teleloisirs:\/\/news\/395069\" target=\"_blank\" rel=\"noopener\">Emily in Paris<\/a> aura bel et bien droit \u00e0 une saison 6. La s\u00e9rie Netflix, dont la cinqui\u00e8me saison est sortie le 18 d\u00e9cembre 2025 et a engrang\u00e9 26,8 millions de vues durant ses onze premiers jours d\u2019exploitation, est l\u2019un des grands succ\u00e8s de la plateforme. Au point parfois de <a href=\"https:\/\/www.programme-tv.net\/news\/series-tv\/362474-emily-in-paris-nous-allons-nous-battre-pourquoi-emmanuel-macron-est-tres-investi-pour-la-saison-5\/\" data-api-deeplink=\"teleloisirs:\/\/news\/362474\" target=\"_blank\" rel=\"noopener\">faire r\u00e9agir les chefs d\u2019\u00c9tat, comme Emmanuel Macron<\/a>. Dans la saison 5, l\u2019h\u00e9ro\u00efne, Emily Cooper, tente de faire ses preuves \u00e0 Rome o\u00f9 l&rsquo;agence Grateau a ouvert un nouveau bureau. Mais m\u00e9langer les affaires et les amours n\u2019est pas toujours une bonne id\u00e9e. Son couple avec Marcello, le bel Italien rencontr\u00e9 dans la saison 4, prend des coups. Et ce n\u2019est pas la seule \u00e0 avoir dout\u00e9 de sa relation. Des doutes qui, pour certains personnages, subsisteront dans la suite de la s\u00e9rie.<\/p>\n<p>                        Date de sortie : Netflix confirme la saison 6 d\u2019Emily in Paris pour 2026<\/p>\n<p>Si <a href=\"https:\/\/www.programme-tv.net\/news\/series-tv\/395325-emily-in-paris-renouvelee-pour-une-saison-6-netflix-a-pris-sa-decision\/\" data-api-deeplink=\"teleloisirs:\/\/news\/395325\" target=\"_blank\" rel=\"noopener\">Netflix a annonc\u00e9 le renouvellement d\u2019Emily in Paris ce lundi 5 janvier 2026, <\/a>la plateforme n\u2019a pas encore annonc\u00e9 de<a href=\"https:\/\/www.programme-tv.net\/news\/series-tv\/314930-netflix-toutes-les-dates-de-sortie-de-vos-series-preferees-de-2023\/\" data-api-deeplink=\"teleloisirs:\/\/news\/314930\" target=\"_blank\" rel=\"noopener\"> date de sortie<\/a>. Cependant, on sait que cela sera pour 2026, comme d\u00e9voil\u00e9 dans la liste des programmes de Netflix pour cette ann\u00e9e. Lors de la diffusion de la saison 5, le cr\u00e9ateur de la s\u00e9rie, Darren Star, avait confi\u00e9 : \u00ab\u00a0Je n\u2019aime pas r\u00e9fl\u00e9chir \u00e0 une suite avant d\u2019avoir le feu vert.\u00a0\u00bb Mais il disait aussi que \u00ab\u00a0les personnages vivent dans [son] esprit\u00a0\u00bb et qu\u2019il \u00ab\u00a0pense toujours \u00e0 eux\u00a0\u00bb. Cela devrait l\u2019aider \u00e0 \u00e9crire une saison 6 rapidement. Ces nouveaux \u00e9pisodes pourraient donc d\u00e9barquer \u00e0 la fin de l&rsquo;ann\u00e9e sur nos \u00e9crans.<\/p>\n<p>Les derni\u00e8res informations sur Emily in Paris <\/p>\n<p><a href=\"https:\/\/www.programme-tv.net\/news\/series-tv\/395069-emily-in-paris-3-questions-auxquelles-la-saison-6-doit-repondre\/\" data-api-deeplink=\"teleloisirs:\/\/news\/395069\" target=\"_blank\" rel=\"noopener\">Emily in Paris : 3 questions auxquelles la saison 6 doit r\u00e9pondre<\/a><\/p>\n<p><a href=\"https:\/\/www.programme-tv.net\/news\/series-tv\/394799-si-vous-aimez-emily-in-paris-decouvrez-de-toute-urgence-sur-netflix-cette-serie-avec-laquelle-elle-partage-un-grand-point-commun\/\" data-api-deeplink=\"teleloisirs:\/\/news\/394799\" target=\"_blank\" rel=\"noopener\">Si vous aimez Emily in Paris, d\u00e9couvrez de toute urgence sur Netflix cette s\u00e9rie avec laquelle elle partage un grand point commun<\/a><\/p>\n<p><a href=\"https:\/\/www.programme-tv.net\/news\/series-tv\/394622-jai-ete-tres-sollicitee-par-les-americains-avant-emily-in-paris-michele-laroque-a-failli-tourner-dans-une-autre-celebre-serie-d-outre-atlantique\/\" data-api-deeplink=\"teleloisirs:\/\/news\/394622\" target=\"_blank\" rel=\"noopener\">\u201cJ\u2019ai \u00e9t\u00e9 tr\u00e8s sollicit\u00e9e par les Am\u00e9ricains\u201d : avant Emily in Paris, Mich\u00e8le Laroque a failli tourner dans une s\u00e9rie qui dure depuis 20 ans<\/a><\/p>\n<p><a href=\"https:\/\/www.programme-tv.net\/news\/series-tv\/394463-emily-in-paris-saison-5-avez-vous-reconnu-cet-acteur-de-desperate-housewives\/\" data-api-deeplink=\"teleloisirs:\/\/news\/394463\" target=\"_blank\" rel=\"noopener\">Emily in Paris saison 5 : Avez-vous reconnu cet acteur de Desperate Housewives ?<\/a><\/p>\n<p><a href=\"https:\/\/www.programme-tv.net\/news\/series-tv\/394502-emily-in-paris-saison-5-on-a-adore-retrouver-cet-acteur-des-freres-scott-dans-un-episode-avec-lily-collins\/\" data-api-deeplink=\"teleloisirs:\/\/news\/394502\" target=\"_blank\" rel=\"noopener\">Emily in Paris saison 5 : On a ador\u00e9 retrouver cet acteur des Fr\u00e8res Scott dans un \u00e9pisode avec Lily Collins<\/a><\/p>\n<p><a href=\"https:\/\/www.programme-tv.net\/news\/series-tv\/394365-emily-in-paris-saison-5-lescapade-romaine-fait-elle-du-bien-a-la-serie-on-a-vu-les-episodes-et\/\" data-api-deeplink=\"teleloisirs:\/\/news\/394365\" target=\"_blank\" rel=\"noopener\">Emily in Paris saison 5 : L\u2019escapade romaine fait-elle du bien \u00e0 la s\u00e9rie ? On a vu les \u00e9pisodes et\u2026<\/a><\/p>\n<p><a href=\"https:\/\/www.programme-tv.net\/news\/series-tv\/393772-emily-in-paris-saison-5-ashley-park-reagit-au-rapprochement-entre-mindy-et-alfie-lucien-laviscount\/\" data-api-deeplink=\"teleloisirs:\/\/news\/393772\" target=\"_blank\" rel=\"noopener\">Emily in Paris saison 5 : Ashley Park r\u00e9agit au rapprochement entre Mindy et Alfie (Lucien Laviscount)<\/a><\/p>\n<p>Intrigues : \u00e0 quelle histoire doit-on s\u2019attendre pour la suite d\u2019Emily in Paris ?<\/p>\n<p>Si l\u2019on ne conna\u00eet pas la date de sortie de la saison 6, on a d\u00e9j\u00e0 des pistes sur les intrigues, au vu de la fin de la cinqui\u00e8me salve. Puisque l\u2019Agence Grateau est en pleine restructuration, avec Princesse Jane comme sauveuse, Emily devra certainement revoir sa mani\u00e8re de travailler. Sur le plan personnel, <a href=\"https:\/\/www.programme-tv.net\/news\/series-tv\/394615-emily-in-paris-saison-5-lily-collins-reagit-au-cliffhanger-et-a-la-grande-decision-de-son-personnage\/\" data-api-deeplink=\"teleloisirs:\/\/news\/394615\" target=\"_blank\" rel=\"noopener\">elle devra r\u00e9pondre \u00e0 la demande folle de Gabriel de le rejoindre sur un yacht en Gr\u00e8ce. <\/a>Tombera-t-elle \u00e0 nouveau dans les bras du cuisinier ? Et sa grande amie, Mindy, saura-t-elle choisir entre Nicolas, son fianc\u00e9, et Alfie, celui qui l\u2019a chamboul\u00e9e dans la saison 5 ? Tant de choses \u00e0 explorer.<\/p>\n<p>                        Casting : Lily Collins, Lucas Bravo, Ashley Park\u2026\u00a0Quels acteurs seront de retour dans la saison 6 d&rsquo;Emily in Paris ?<\/p>\n<p>Ces intrigues potentielles laissent penser que tous les membres originaux du casting resteront, tant \u00e0 l\u2019Agence Grateau que dans la vie personnelle d\u2019Emily Cooper. \u00c0 moins que<a href=\"https:\/\/www.programme-tv.net\/news\/series-tv\/392508-emily-in-paris-saison-5-apres-l-avoir-traite-de-guacamole-lucas-bravo-se-reconcilie-avec-gabriel\/\" data-api-deeplink=\"teleloisirs:\/\/news\/392508\" target=\"_blank\" rel=\"noopener\"> Lucas Bravo ne se lasse vraiment de son r\u00f4le de Gabriel<\/a> \u2013 que l&rsquo;on a tr\u00e8s peu vu dans cette saison 5 \u2013 et d\u00e9cide de partir pour de bon. <a href=\"https:\/\/www.programme-tv.net\/biographie\/4485-binard-arnaud\/\" data-link-people=\"8f0e1c9e-c5cc-4078-b679-ea7dba0cedc4\" target=\"_blank\" rel=\"noopener\">Arnaud Binard<\/a>, qui incarne Laurent, le mari de Sylvie, pourrait aussi ne pas revenir, comme ils divorcent. Eugenio Franceschini, qui incarnait Marcello, pourrait conna\u00eetre le m\u00eame sort.<\/p>\n<ul>\n<li><b>Lily Collins : Emily <\/b><\/li>\n<li><b>Ashley Park : Mindy <\/b><\/li>\n<li><b>Philippine Leroy-Beaulieu : Sylvie <\/b><\/li>\n<li><b>Bruno Gouery : Luc<\/b><\/li>\n<li><b>Samuel Arnold : Julien <\/b><\/li>\n<\/ul>\n<p>Emily in Paris : la saison 6 sera-t-elle la derni\u00e8re de la s\u00e9rie de Netflix ?<\/p>\n<p>Si Emily in Paris est renouvel\u00e9e pour une saison 6, <a href=\"https:\/\/www.programme-tv.net\/news\/series-tv\/394754-emily-in-paris-on-a-tous-envie-de-passer-a-autre-chose-philippine-leroy-beaulieu-vient-elle-d-annoncer-par-erreur-la-fin-de-la-serie-netflix\/\" data-api-deeplink=\"teleloisirs:\/\/news\/394754\" target=\"_blank\" rel=\"noopener\">celle-ci pourrait \u00eatre la derni\u00e8re de la s\u00e9rie.<\/a> C&rsquo;est en tout cas ce qu&rsquo;a laiss\u00e9 entendre l&rsquo;actrice <a href=\"https:\/\/www.programme-tv.net\/biographie\/450217-leroy-beaulieu-philippine\/\" data-link-people=\"2b97f6b1-9bcd-4b98-90bf-645fa0b1b7fb\" target=\"_blank\" rel=\"noopener\">Philippine Leroy-Beaulieu<\/a>, l&rsquo;interpr\u00e8te de Sylvie, dans une interview \u00e0 Paris Match en d\u00e9cembre 2025. \u00ab\u00a0Si je suis toujours tr\u00e8s heureuse de retrouver mon personnage, je suis aussi tr\u00e8s contente de le quitter. Apr\u00e8s la saison 6 &#8211; qui sera s\u00fbrement la derni\u00e8re -, elle risque de beaucoup me manquer, a d\u00e9clar\u00e9 l&rsquo;actrice. On a tous envie de passer \u00e0 autre chose.\u00a0\u00bb <\/p>\n<p>Article \u00e9crit en collaboration avec 6Medias<\/p>\n","protected":false},"excerpt":{"rendered":"La nouvelle, bien qu\u2019attendue, a ravi les fans. Emily in Paris aura bel et bien droit \u00e0 une&hellip;\n","protected":false},"author":2,"featured_media":653876,"comment_status":"","ping_status":"","sticky":false,"template":"","format":"standard","meta":{"footnotes":""},"categories":[1888],"tags":[1111,1928,11,1927,244,11739,1777,674,1011,27,12512,12510,127,12,1926,5984,626,1925,1722,25,4496,129],"class_list":{"0":"post-653875","1":"post","2":"type-post","3":"status-publish","4":"format-standard","5":"has-post-thumbnail","7":"category-paris","8":"tag-actu","9":"tag-actu-paris","10":"tag-actualites","11":"tag-actualites-paris","12":"tag-commentaire","13":"tag-emily-in-paris","14":"tag-eu","15":"tag-europe","16":"tag-fr","17":"tag-france","18":"tag-lily-collins","19":"tag-lucas-bravo","20":"tag-netflix","21":"tag-news","22":"tag-news-paris","23":"tag-nouvelle-saison","24":"tag-paris","25":"tag-paris-news","26":"tag-pub-streaming-netflix","27":"tag-republique-francaise","28":"tag-superstream","29":"tag-svod"},"share_on_mastodon":{"url":"https:\/\/pubeurope.com\/@fr\/115870630372063238","error":""},"_links":{"self":[{"href":"https:\/\/www.europesays.com\/fr\/wp-json\/wp\/v2\/posts\/653875","targetHints":{"allow":["GET"]}}],"collection":[{"href":"https:\/\/www.europesays.com\/fr\/wp-json\/wp\/v2\/posts"}],"about":[{"href":"https:\/\/www.europesays.com\/fr\/wp-json\/wp\/v2\/types\/post"}],"author":[{"embeddable":true,"href":"https:\/\/www.europesays.com\/fr\/wp-json\/wp\/v2\/users\/2"}],"replies":[{"embeddable":true,"href":"https:\/\/www.europesays.com\/fr\/wp-json\/wp\/v2\/comments?post=653875"}],"version-history":[{"count":0,"href":"https:\/\/www.europesays.com\/fr\/wp-json\/wp\/v2\/posts\/653875\/revisions"}],"wp:featuredmedia":[{"embeddable":true,"href":"https:\/\/www.europesays.com\/fr\/wp-json\/wp\/v2\/media\/653876"}],"wp:attachment":[{"href":"https:\/\/www.europesays.com\/fr\/wp-json\/wp\/v2\/media?parent=653875"}],"wp:term":[{"taxonomy":"category","embeddable":true,"href":"https:\/\/www.europesays.com\/fr\/wp-json\/wp\/v2\/categories?post=653875"},{"taxonomy":"post_tag","embeddable":true,"href":"https:\/\/www.europesays.com\/fr\/wp-json\/wp\/v2\/tags?post=653875"}],"curies":[{"name":"wp","href":"https:\/\/api.w.org\/{rel}","templated":true}]}}