{"id":653885,"date":"2026-01-10T11:48:20","date_gmt":"2026-01-10T11:48:20","guid":{"rendered":"https:\/\/www.europesays.com\/fr\/653885\/"},"modified":"2026-01-10T11:48:20","modified_gmt":"2026-01-10T11:48:20","slug":"la-tentation-des-visas-sous-caution-pour-venir-en-france","status":"publish","type":"post","link":"https:\/\/www.europesays.com\/fr\/653885\/","title":{"rendered":"La tentation des visas sous caution pour venir en France"},"content":{"rendered":"<p>\n    <strong>D\u00c9CRYPTAGE<\/strong> &#8211; En int\u00e9grant les Alg\u00e9riens aux nationalit\u00e9s soumises \u00e0 cette restriction aux \u00c9tats-Unis, l\u2019administration Trump donne des id\u00e9es en Europe. Mais un tel syst\u00e8me ne sera pas simple \u00e0 transposer.<\/p>\n<p class=\"fig-paragraph\">Et si l\u2019Europe, et donc la France, s\u2019inspirait des \u00c9tats-Unis pour sa politique de d\u00e9livrance des visas\u00a0? La question du visa sous condition ressurgit dans le d\u00e9bat, au d\u00e9tour d\u2019<a href=\"http:\/\/www.lefigaro.fr\/flash-actu\/certains-etrangers-devront-payer-jusqu-a-15-000-dollars-pour-entrer-aux-etats-unis-20250804\" data-fig-type=\"NewsFlash\" data-gtm-custom-categorie=\"navigation\" data-gtm-custom-action=\"crossclick\" data-gtm-custom-label=\"Contextuel\" data-gtm-event=\"customEventSPE\" data-fig-domain=\"LEFIGARO\" target=\"_blank\" rel=\"noopener\">une d\u00e9cision spectaculaire prise tout r\u00e9cemment par l\u2019administration Trump<\/a>. Le d\u00e9partement d\u2019\u00c9tat des \u00c9tats-Unis a \u00e9largi d\u00e9but janvier 2026 un programme pilote qui impose \u00e0 certains demandeurs de visas de d\u00e9poser une caution de 5.000 dollars, 10.000 dollars ou 15.000 dollars, selon l\u2019\u00e9valuation faite par ses consulats, en plus des frais habituels, avant de pouvoir obtenir un visa de visiteur appos\u00e9 sur le passeport. Or l\u2019Alg\u00e9rie vient d\u2019\u00eatre int\u00e9gr\u00e9e \u00e0 la liste \u00e9tendue des pays concern\u00e9s, qui comprend d\u00e9sormais 38 pays principalement d\u2019Afrique, d\u2019Am\u00e9rique latine et d\u2019Asie.\u00a0<a href=\"http:\/\/www.lefigaro.fr\/international\/oqtf-l-epineuse-question-de-l-eloignement-des-clandestins-algeriens-20251113\" data-fig-type=\"Article\" data-gtm-custom-categorie=\"navigation\" data-gtm-custom-action=\"crossclick\" data-gtm-custom-label=\"Contextuel\" data-gtm-event=\"customEventSPE\" data-fig-domain=\"LEFIGARO\" target=\"_blank\" rel=\"noopener\">L\u2019Alg\u00e9rie est le seul pays d\u2019Afrique du Nord \u00e0 \u00eatre soumis \u00e0 cette caution<\/a>.<\/p>\n<p class=\"fig-paragraph\">Ces r\u00e8gles plus strictes entreront en vigueur \u00e0 partir du 21 janvier prochain, s\u2019agissant de visas touristiques et d\u2019affaires. La somme consign\u00e9e serait restitu\u00e9e\u2026<\/p>\n<p class=\"fig-premium-paywall__infos\">\n        Cet article est r\u00e9serv\u00e9 aux abonn\u00e9s.        Il vous reste 89% \u00e0 d\u00e9couvrir.\n    <\/p>\n<p>                <img  data- alt=\"Le Figaro\" class=\"fig-img--complete fig-img\"\/><\/p>\n<p class=\"fig-premium-paywall__title\">Le Figaro c\u00e9l\u00e8bre ses 200 ans<\/p>\n<p class=\"fig-premium-paywall__subtitle\">Offre anniversaire : 2\u20ac\/mois pendant 200 semaines<\/p>\n<p class=\"fig-premium-paywall__connect\">\n                D\u00e9j\u00e0 abonn\u00e9\u00a0?                <a class=\"fig-premium-paywall__connect-link\" href=\"https:\/\/connect.lefigaro.fr\/login?client=horizon_web&amp;type=main&amp;redirect_uri=https%3A%2F%2Fwww.lefigaro.fr%2Factualite-france%2Fbientot-des-visas-de-court-sejour-sous-caution-pour-venir-en-france-20260110\" data-js-gtm=\"{&quot;customCategorie&quot;: &quot;conversion&quot;, &quot;customAction&quot;: &quot;before_Landing_Connexion_paywall_auto&quot;, &quot;customLabel&quot;: &quot;bGVmaWdhcm8uZnJfXzFmMGVkNTM1LTJjYTUtNjllYy1iYjAwLTQxNjc2ZjQ4OWMxMV9fQXJ0aWNsZQ==_La tentation des visas sous caution pour venir en France_161&quot;, &quot;customIDSPE&quot;: &quot;bGVmaWdhcm8uZnJfXzFmMGVkNTM1LTJjYTUtNjllYy1iYjAwLTQxNjc2ZjQ4OWMxMV9fQXJ0aWNsZQ==&quot;, &quot;event&quot;: &quot;customEventSPE&quot;}\" target=\"_blank\" rel=\"noopener\"><br \/>\n                    Connectez-vous<br \/>\n                <\/a>\n            <\/p>\n","protected":false},"excerpt":{"rendered":"D\u00c9CRYPTAGE &#8211; En int\u00e9grant les Alg\u00e9riens aux nationalit\u00e9s soumises \u00e0 cette restriction aux \u00c9tats-Unis, l\u2019administration Trump donne des&hellip;\n","protected":false},"author":2,"featured_media":653886,"comment_status":"","ping_status":"","sticky":false,"template":"","format":"standard","meta":{"footnotes":""},"categories":[1589],"tags":[11,15,73,1866,1061,12,1864,1865,1863,308],"class_list":{"0":"post-653885","1":"post","2":"type-post","3":"status-publish","4":"format-standard","5":"has-post-thumbnail","7":"category-etats-unis","8":"tag-actualites","9":"tag-algerie","10":"tag-etats-unis","11":"tag-etats-unis-damerique","12":"tag-immigration","13":"tag-news","14":"tag-united-states","15":"tag-united-states-of-america","16":"tag-us","17":"tag-usa"},"share_on_mastodon":{"url":"https:\/\/pubeurope.com\/@fr\/115870649798258300","error":""},"_links":{"self":[{"href":"https:\/\/www.europesays.com\/fr\/wp-json\/wp\/v2\/posts\/653885","targetHints":{"allow":["GET"]}}],"collection":[{"href":"https:\/\/www.europesays.com\/fr\/wp-json\/wp\/v2\/posts"}],"about":[{"href":"https:\/\/www.europesays.com\/fr\/wp-json\/wp\/v2\/types\/post"}],"author":[{"embeddable":true,"href":"https:\/\/www.europesays.com\/fr\/wp-json\/wp\/v2\/users\/2"}],"replies":[{"embeddable":true,"href":"https:\/\/www.europesays.com\/fr\/wp-json\/wp\/v2\/comments?post=653885"}],"version-history":[{"count":0,"href":"https:\/\/www.europesays.com\/fr\/wp-json\/wp\/v2\/posts\/653885\/revisions"}],"wp:featuredmedia":[{"embeddable":true,"href":"https:\/\/www.europesays.com\/fr\/wp-json\/wp\/v2\/media\/653886"}],"wp:attachment":[{"href":"https:\/\/www.europesays.com\/fr\/wp-json\/wp\/v2\/media?parent=653885"}],"wp:term":[{"taxonomy":"category","embeddable":true,"href":"https:\/\/www.europesays.com\/fr\/wp-json\/wp\/v2\/categories?post=653885"},{"taxonomy":"post_tag","embeddable":true,"href":"https:\/\/www.europesays.com\/fr\/wp-json\/wp\/v2\/tags?post=653885"}],"curies":[{"name":"wp","href":"https:\/\/api.w.org\/{rel}","templated":true}]}}