{"id":653887,"date":"2026-01-10T11:49:23","date_gmt":"2026-01-10T11:49:23","guid":{"rendered":"https:\/\/www.europesays.com\/fr\/653887\/"},"modified":"2026-01-10T11:49:23","modified_gmt":"2026-01-10T11:49:23","slug":"la-france-le-royaume-uni-et-lallemagne-denoncent-une-escalade-qui-est-inacceptable","status":"publish","type":"post","link":"https:\/\/www.europesays.com\/fr\/653887\/","title":{"rendered":"la France, le Royaume-Uni et l&rsquo;Allemagne d\u00e9noncent \u00ab\u00a0une escalade\u00a0\u00bb qui est \u00ab\u00a0inacceptable\u00a0\u00bb"},"content":{"rendered":"<p>Les dirigeants allemand, britannique et fran\u00e7ais ont condamn\u00e9, ce vendredi 9 janvier, le tir dans la nuit d&rsquo;un missile russe de type Orechnik en Ukraine.<\/p>\n<p>Le pr\u00e9sident fran\u00e7ais Emmanuel Macron, le Premier ministre britannique Keir Starmer et le chancelier allemand Friedrich Merz d\u00e9noncent, lors d&rsquo;un appel t\u00e9l\u00e9phonique ce vendredi 9 janvier, \u00ab\u00a0une escalade\u00a0\u00bb qui est \u00ab\u00a0inacceptable\u00a0\u00bb, apr\u00e8s le <a href=\"https:\/\/www.bfmtv.com\/international\/asie\/russie\/la-russie-dit-avoir-frappe-l-ukraine-au-moyen-du-missile-hypersonique-orechnik-en-reponse-a-l-attaque-presumee-d-une-residence-de-vladimir-poutine_AD-202601090301.html\" title=\"La Russie dit avoir frapp\u00e9 l&#039;Ukraine au moyen du missile hypersonique Orechnik en r\u00e9ponse \u00e0 l&#039;attaque pr\u00e9sum\u00e9e d&#039;une r\u00e9sidence de Vladimir Poutine\" class=\"internal_link\" target=\"_blank\" rel=\"noopener\">tir d&rsquo;un missile<\/a> de derni\u00e8re g\u00e9n\u00e9ration Orechnik en Ukraine, dans la nuit de jeudi \u00e0 ce vendredi.<\/p>\n<p>Les attaques \u00ab\u00a0continues\u00a0\u00bb de la Russie, \u00ab\u00a0y compris l&rsquo;utilisation d&rsquo;un missile balistique de port\u00e9e interm\u00e9diaire Orechnik dans l&rsquo;ouest de l&rsquo;Ukraine\u00a0\u00bb, repr\u00e9sentent \u00ab\u00a0une escalade et sont inacceptables\u00a0\u00bb, ont convenu les trois dirigeants europ\u00e9ens lors de cet appel, selon une porte-parole de Downing Street.<\/p>\n<p><strong>&gt;&gt; Plus d&rsquo;informations \u00e0 suivre sur BFMTV.com&#8230;<\/strong><\/p>\n","protected":false},"excerpt":{"rendered":"Les dirigeants allemand, britannique et fran\u00e7ais ont condamn\u00e9, ce vendredi 9 janvier, le tir dans la nuit d&rsquo;un&hellip;\n","protected":false},"author":2,"featured_media":653888,"comment_status":"","ping_status":"","sticky":false,"template":"","format":"standard","meta":{"footnotes":""},"categories":[1588],"tags":[11,1777,674,12,473,1853,1851,1850,1852],"class_list":{"0":"post-653887","1":"post","2":"type-post","3":"status-publish","4":"format-standard","5":"has-post-thumbnail","7":"category-royaume-uni","8":"tag-actualites","9":"tag-eu","10":"tag-europe","11":"tag-news","12":"tag-royaume-uni","13":"tag-royaume-uni-de-grande-bretagne-et-dirlande-du-nord","14":"tag-uk","15":"tag-united-kingdom","16":"tag-united-kingdom-of-great-britain-and-northern-ireland"},"share_on_mastodon":{"url":"https:\/\/pubeurope.com\/@fr\/115870653836142212","error":""},"_links":{"self":[{"href":"https:\/\/www.europesays.com\/fr\/wp-json\/wp\/v2\/posts\/653887","targetHints":{"allow":["GET"]}}],"collection":[{"href":"https:\/\/www.europesays.com\/fr\/wp-json\/wp\/v2\/posts"}],"about":[{"href":"https:\/\/www.europesays.com\/fr\/wp-json\/wp\/v2\/types\/post"}],"author":[{"embeddable":true,"href":"https:\/\/www.europesays.com\/fr\/wp-json\/wp\/v2\/users\/2"}],"replies":[{"embeddable":true,"href":"https:\/\/www.europesays.com\/fr\/wp-json\/wp\/v2\/comments?post=653887"}],"version-history":[{"count":0,"href":"https:\/\/www.europesays.com\/fr\/wp-json\/wp\/v2\/posts\/653887\/revisions"}],"wp:featuredmedia":[{"embeddable":true,"href":"https:\/\/www.europesays.com\/fr\/wp-json\/wp\/v2\/media\/653888"}],"wp:attachment":[{"href":"https:\/\/www.europesays.com\/fr\/wp-json\/wp\/v2\/media?parent=653887"}],"wp:term":[{"taxonomy":"category","embeddable":true,"href":"https:\/\/www.europesays.com\/fr\/wp-json\/wp\/v2\/categories?post=653887"},{"taxonomy":"post_tag","embeddable":true,"href":"https:\/\/www.europesays.com\/fr\/wp-json\/wp\/v2\/tags?post=653887"}],"curies":[{"name":"wp","href":"https:\/\/api.w.org\/{rel}","templated":true}]}}