{"id":653889,"date":"2026-01-10T11:50:12","date_gmt":"2026-01-10T11:50:12","guid":{"rendered":"https:\/\/www.europesays.com\/fr\/653889\/"},"modified":"2026-01-10T11:50:12","modified_gmt":"2026-01-10T11:50:12","slug":"mercosur-lallemagne-transgresse-la-decision-des-deputes-europeens-pour-appliquer-laccord-des-la-fin-du-mois-de-mars","status":"publish","type":"post","link":"https:\/\/www.europesays.com\/fr\/653889\/","title":{"rendered":"Mercosur : l\u2019Allemagne transgresse la d\u00e9cision des d\u00e9put\u00e9s europ\u00e9ens pour appliquer l\u2019accord d\u00e8s la fin du mois de mars"},"content":{"rendered":"<p>                                            Monde\n                                                                            <\/p>\n<p>\n                                            Une clause protectrice concernant l\u2019instauration de l\u2019accord sur le Mercosur, dat\u00e9e du 2 d\u00e9cembre, a \u00e9t\u00e9 retir\u00e9e, jeudi 8 janvier, sous la pression de Berlin. L\u2019Allemagne va donc pouvoir appliquer l\u2019accord d\u00e8s la fin du mois de mars avant le vote des d\u00e9put\u00e9s europ\u00e9ens.                                        <\/p>\n<p>                                                Publi\u00e9 le 10 janvier 2026 \u00e0 10h35                                                                                            <\/p>\n<p>                                            <img loading=\"lazy\" width=\"1024\" height=\"683\" src=\"https:\/\/www.europesays.com\/fr\/wp-content\/uploads\/2026\/01\/SIPA_sipahub60075605_0000031.jpg\" class=\"attachment-post-thumbnail size-post-thumbnail wp-post-image\" alt=\"L'Allemagne a pouss\u00e9 pour faire d\u00e9marrer l'accord sur le Mercosur en mars avant le vote final du Parlement europ\u00e9en. PHOTO \u00a9 Ansgar Haase\/DPA\/SIPA\" decoding=\"async\"  \/><\/p>\n<p>                                            L&rsquo;Allemagne a pouss\u00e9 pour faire d\u00e9marrer l&rsquo;accord sur le Mercosur en mars avant le vote final du Parlement europ\u00e9en. PHOTO \u00a9 Ansgar Haase\/DPA\/SIPA<\/p>\n<p>L\u2019Allemagne n\u2019a pas souhait\u00e9 attendre la d\u00e9cision des d\u00e9put\u00e9s europ\u00e9ens. D\u2019apr\u00e8s une information du <a href=\"https:\/\/www.lepoint.fr\/monde\/mercosur-le-coup-de-force-de-lallemagne-qui-court-circuite-le-parlement-europeen-O2RQI7VSIRAFTL5EKHBPV67F7M\/\" target=\"_blank\" rel=\"nofollow noopener\">Point<\/a>, Berlin aurait fait dispara\u00eetre, avec l\u2019aide de la pr\u00e9sidence chypriote, un document indiquant que l\u2019accord sur le <a href=\"https:\/\/www.valeursactuelles.com\/politique\/le-mercosur-nest-ni-juste-ni-equitable-estime-la-porte-parole-du-gouvernement-maud-bregeon\" target=\"_blank\" rel=\"noopener\">Mercosur<\/a> entrerait en vigueur seulement apr\u00e8s le vote du Parlement europ\u00e9en.<\/p>\n<p><a href=\"https:\/\/www.valeursactuelles.com\/politique\/mercosur-une-majorite-de-pays-de-lue-donne-son-feu-vert-a-laccord-malgre-lopposition-de-macron\" class=\"h-flex h-align-items-center h-border-tb h-ptb-15\" target=\"_blank\" rel=\"noopener\">A\u00a0LIRE\u00a0Mercosur : une majorit\u00e9 de pays de l\u2019UE donne son feu vert \u00e0 l\u2019accord malgr\u00e9 l\u2019opposition de Macron<\/a><\/p>\n<p>En effet, soucieuse de faire appliquer cet accord commercial au plus vite avec les pays d\u2019Am\u00e9rique du Sud, <a href=\"https:\/\/www.valeursactuelles.com\/tag\/allemagne\" target=\"_blank\" rel=\"noopener\">l\u2019Allemagne<\/a> a souhait\u00e9 acc\u00e9l\u00e9rer les choses et ne pas attendre le feu vert des d\u00e9put\u00e9s europ\u00e9ens. R\u00e9sultat : l\u2019accord pourra \u00eatre appliqu\u00e9 d\u00e8s la fin de mars sans attendre le consentement du Parlement europ\u00e9en.<\/p>\n<p>Forte d\u2019une majorit\u00e9 de pays en faveur de l\u2019accord commercial du Mercosur, la pr\u00e9sidence chypriote a donc jug\u00e9 acceptable cette absence de mention du vote du Parlement. Si bien que la suspension de l\u2019accord avant ratification par le Parlement europ\u00e9en n\u2019a plus \u00e9t\u00e9 jug\u00e9e utile.<\/p>\n<p>\u00ab Un d\u00e9ni de d\u00e9mocratie \u00bb<a href=\"https:\/\/www.valeursactuelles.com\/clubvaleurs\/societe\/celine-imart-bruxelles-contre-les-nations-et-la-raison\" class=\"h-flex h-align-items-center h-border-tb h-ptb-15\" target=\"_blank\" rel=\"noopener\">A\u00a0LIRE\u00a0C\u00e9line Imart : Bruxelles contre les nations et la raison<\/a><\/p>\n<p>Face \u00e0 cette d\u00e9cision, la d\u00e9put\u00e9e europ\u00e9enne fran\u00e7aise <a href=\"https:\/\/www.valeursactuelles.com\/tag\/celine-imart\" target=\"_blank\" rel=\"noopener\">C\u00e9line Imart<\/a> (LR-PPE) est mont\u00e9e au cr\u00e9neau. Elle s\u2019est dite \u00ab \u00e9c\u0153ur\u00e9e \u00bb et a d\u00e9nonc\u00e9 \u00ab un d\u00e9ni de d\u00e9mocratie pur et simple et une faute lourde de la pr\u00e9sidence chypriote qui ne devrait pas c\u00e9der aux pressions \u00bb.<\/p>\n<p>M\u00eame son de cloche pour les d\u00e9put\u00e9s fran\u00e7ais du groupe Renew qui ont d\u00e9nonc\u00e9 \u00ab une trahison pour les agriculteurs europ\u00e9ens \u00bb, dans un communiqu\u00e9. \u00ab Si cette tentative indigne de passage en force est confirm\u00e9e, une chose reste claire : le Parlement europ\u00e9en aura le dernier mot quoi qu\u2019il arrive. \u00bb<\/p>\n<p>En effet, le Parlement europ\u00e9en reste la derni\u00e8re chance pour les pays contre l\u2019accord <a href=\"https:\/\/www.valeursactuelles.com\/politique\/mercosur-une-majorite-de-pays-de-lue-donne-son-feu-vert-a-laccord-malgre-lopposition-de-macron\" target=\"_blank\" rel=\"noopener\">comme la France<\/a>, la Pologne, l\u2019Irlande, la Hongrie ou encore l\u2019Autriche de faire pencher la balance, m\u00eame si l\u2019op\u00e9ration semble bien mal embarqu\u00e9e.<\/p>\n","protected":false},"excerpt":{"rendered":"Monde Une clause protectrice concernant l\u2019instauration de l\u2019accord sur le Mercosur, dat\u00e9e du 2 d\u00e9cembre, a \u00e9t\u00e9 retir\u00e9e,&hellip;\n","protected":false},"author":2,"featured_media":653890,"comment_status":"","ping_status":"","sticky":false,"template":"","format":"standard","meta":{"footnotes":""},"categories":[1587],"tags":[11,672,1804,1805,1803,1777,674,1801,7715,21426,12,8552,1802,364],"class_list":{"0":"post-653889","1":"post","2":"type-post","3":"status-publish","4":"format-standard","5":"has-post-thumbnail","7":"category-allemagne","8":"tag-actualites","9":"tag-allemagne","10":"tag-bundesrepublik-deutschland","11":"tag-de","12":"tag-deutschland","13":"tag-eu","14":"tag-europe","15":"tag-germany","16":"tag-libre-echange","17":"tag-mercosur","18":"tag-news","19":"tag-parlement-europeen","20":"tag-republique-federale-dallemagne","21":"tag-union-europeenne"},"share_on_mastodon":{"url":"https:\/\/pubeurope.com\/@fr\/115870657764195435","error":""},"_links":{"self":[{"href":"https:\/\/www.europesays.com\/fr\/wp-json\/wp\/v2\/posts\/653889","targetHints":{"allow":["GET"]}}],"collection":[{"href":"https:\/\/www.europesays.com\/fr\/wp-json\/wp\/v2\/posts"}],"about":[{"href":"https:\/\/www.europesays.com\/fr\/wp-json\/wp\/v2\/types\/post"}],"author":[{"embeddable":true,"href":"https:\/\/www.europesays.com\/fr\/wp-json\/wp\/v2\/users\/2"}],"replies":[{"embeddable":true,"href":"https:\/\/www.europesays.com\/fr\/wp-json\/wp\/v2\/comments?post=653889"}],"version-history":[{"count":0,"href":"https:\/\/www.europesays.com\/fr\/wp-json\/wp\/v2\/posts\/653889\/revisions"}],"wp:featuredmedia":[{"embeddable":true,"href":"https:\/\/www.europesays.com\/fr\/wp-json\/wp\/v2\/media\/653890"}],"wp:attachment":[{"href":"https:\/\/www.europesays.com\/fr\/wp-json\/wp\/v2\/media?parent=653889"}],"wp:term":[{"taxonomy":"category","embeddable":true,"href":"https:\/\/www.europesays.com\/fr\/wp-json\/wp\/v2\/categories?post=653889"},{"taxonomy":"post_tag","embeddable":true,"href":"https:\/\/www.europesays.com\/fr\/wp-json\/wp\/v2\/tags?post=653889"}],"curies":[{"name":"wp","href":"https:\/\/api.w.org\/{rel}","templated":true}]}}