{"id":653904,"date":"2026-01-10T12:03:10","date_gmt":"2026-01-10T12:03:10","guid":{"rendered":"https:\/\/www.europesays.com\/fr\/653904\/"},"modified":"2026-01-10T12:03:10","modified_gmt":"2026-01-10T12:03:10","slug":"cc-championnat-de-france-relais-des-comites-regionaux-classement-actualite","status":"publish","type":"post","link":"https:\/\/www.europesays.com\/fr\/653904\/","title":{"rendered":"CC &#8211; Championnat de France &#8211; Relais des comit\u00e9s r\u00e9gionaux : Classement &#8211; Actualit\u00e9"},"content":{"rendered":"<p>Le comit\u00e9 Bourgogne-Franche-Comt\u00e9 a remport\u00e9, ce samedi, \u00e0 Troyes (Aube), le Championnat de France de relais des comit\u00e9s r\u00e9gionaux. Fabien Doubey a pris le meilleur au sprint sur Soren Bruy\u00e8re Joumard, membre du comit\u00e9 Auvergne-Rh\u00f4ne-Alpes. Le Grand Est termine \u00e0 la 3e place.<\/p>\n<p>La Bourgogne-Franche-Comt\u00e9, qui \u00e9tait compos\u00e9e de Simon Billet, Z\u00e9lie Lambert, Electa Gallezot et Fabien Doubey, conserve ainsi son titre de Champion de France.<\/p>\n<p><strong>Classement :<br \/>1. BOURGOGNE FRANCHE COMTE en 39&rsquo;39\u00a0\u00bb<\/strong><br \/>LAMBERT Z\u00e9lie <br \/>BILLET Simon <br \/>GALLEZOT Electa <br \/>DOUBEY Fabien <\/p>\n<p><strong>2. AUVERGNE-RHONE-ALPES &#8211;<\/strong><br \/>BAUD Justine <br \/>BRUYERE JOUMARD Soren <br \/>GERY C\u00e9lia <br \/>BETON Damien <\/p>\n<p><strong>3. GRAND EST +0:21<\/strong><br \/>REVOL Lise <br \/>CHAINEL Caliste <br \/>MULLER Amandine <br \/>DELBOVE Joris <\/p>\n<p><strong>4. BRETAGNE +0:29<\/strong><br \/>PICHON Laly <br \/>LE PANN Soen <br \/>DESPREZ Lison <br \/>JUTEL Paul Fran\u00e7ois <\/p>\n<p><strong>5. PAYS DE LA LOIRE +01:10<\/strong><br \/>AGUIRRE LAVIN L\u00e9a <br \/>VERRIER L\u00e9o <br \/>GARNIER No\u00e9mie <br \/>VERRIER Tristan \u00a0 \u00a0 \u00a0<\/p>\n<p><strong>6. NOUVELLE AQUITAINE +02:16<\/strong><br \/>JURADO ROUMIEUX No\u00e9mie <br \/>CLEMENTE Antoine <br \/>LAVENS Johanna <br \/>VANAELST Batiste <\/p>\n<p><strong>7. HAUTS DE FRANCE +02:21<\/strong><br \/>VILLAR THIERY Faustine <br \/>DEVOS Victor <br \/>DEVIGNE Camille <br \/>JOT Hugo \u00a0 \u00a0 \u00a0<\/p>\n<p><strong>8. NORMANDIE +03:19<\/strong><br \/>DUCHEMIN Elisa <br \/>DUGAY Charlie <br \/>ROGER Hugoline <br \/>GILLES Cyprien <\/p>\n<p><strong>9. REGION SUD +04:32<\/strong><br \/>BOURDON Lena <br \/>TARDIEU Cl\u00e9ment <br \/>CORRET S\u00e9verine <br \/>PLAUCHE Romaric\u00a0<br \/>Remerciements \u00e0 Fr\u00e9d\u00e9ric Lafargue &#8211; <a href=\"http:\/\/www.stsport.fr\" target=\"_blank\" rel=\"noopener\">www.stsport.fr<\/a>\u00a0<\/p>\n","protected":false},"excerpt":{"rendered":"Le comit\u00e9 Bourgogne-Franche-Comt\u00e9 a remport\u00e9, ce samedi, \u00e0 Troyes (Aube), le Championnat de France de relais des comit\u00e9s&hellip;\n","protected":false},"author":2,"featured_media":653905,"comment_status":"","ping_status":"","sticky":false,"template":"","format":"standard","meta":{"footnotes":""},"categories":[1411],"tags":[834,828,836,829,837,827,83,826,824,823,1154,207,814,817,815,816,822,821,832,211,839,1011,27,820,818,819,835,831,830,833,838,60,212,208,825],"class_list":{"0":"post-653904","1":"post","2":"type-post","3":"status-publish","4":"format-standard","5":"has-post-thumbnail","7":"category-cyclisme","8":"tag-attaque","9":"tag-belgique","10":"tag-braquet","11":"tag-bretagne","12":"tag-chute","13":"tag-competition","14":"tag-coupe-de-france","15":"tag-coureur","16":"tag-course-cyclisme","17":"tag-course-cycliste","18":"tag-cycling","19":"tag-cyclisme","20":"tag-direct","21":"tag-direct-velo","22":"tag-directvelo","23":"tag-directvelo-com","24":"tag-epreuve","25":"tag-epreuve-cycliste","26":"tag-federation-francaise-de-cyclisme","27":"tag-ffc","28":"tag-flandres","29":"tag-fr","30":"tag-france","31":"tag-live","32":"tag-live-course","33":"tag-live-epreuve","34":"tag-peloton","35":"tag-radio-peloton","36":"tag-radio-tour","37":"tag-ravitaillement","38":"tag-relance","39":"tag-sports","40":"tag-uci","41":"tag-velo","42":"tag-velos"},"share_on_mastodon":{"url":"https:\/\/pubeurope.com\/@fr\/115870708819998464","error":""},"_links":{"self":[{"href":"https:\/\/www.europesays.com\/fr\/wp-json\/wp\/v2\/posts\/653904","targetHints":{"allow":["GET"]}}],"collection":[{"href":"https:\/\/www.europesays.com\/fr\/wp-json\/wp\/v2\/posts"}],"about":[{"href":"https:\/\/www.europesays.com\/fr\/wp-json\/wp\/v2\/types\/post"}],"author":[{"embeddable":true,"href":"https:\/\/www.europesays.com\/fr\/wp-json\/wp\/v2\/users\/2"}],"replies":[{"embeddable":true,"href":"https:\/\/www.europesays.com\/fr\/wp-json\/wp\/v2\/comments?post=653904"}],"version-history":[{"count":0,"href":"https:\/\/www.europesays.com\/fr\/wp-json\/wp\/v2\/posts\/653904\/revisions"}],"wp:featuredmedia":[{"embeddable":true,"href":"https:\/\/www.europesays.com\/fr\/wp-json\/wp\/v2\/media\/653905"}],"wp:attachment":[{"href":"https:\/\/www.europesays.com\/fr\/wp-json\/wp\/v2\/media?parent=653904"}],"wp:term":[{"taxonomy":"category","embeddable":true,"href":"https:\/\/www.europesays.com\/fr\/wp-json\/wp\/v2\/categories?post=653904"},{"taxonomy":"post_tag","embeddable":true,"href":"https:\/\/www.europesays.com\/fr\/wp-json\/wp\/v2\/tags?post=653904"}],"curies":[{"name":"wp","href":"https:\/\/api.w.org\/{rel}","templated":true}]}}