{"id":653910,"date":"2026-01-10T12:06:17","date_gmt":"2026-01-10T12:06:17","guid":{"rendered":"https:\/\/www.europesays.com\/fr\/653910\/"},"modified":"2026-01-10T12:06:17","modified_gmt":"2026-01-10T12:06:17","slug":"le-photographe-philippe-auliac-devoile-ses-cliches-les-plus-personnels-a-saint-pierre-des-corps","status":"publish","type":"post","link":"https:\/\/www.europesays.com\/fr\/653910\/","title":{"rendered":"le photographe Philippe Auliac d\u00e9voile ses clich\u00e9s les plus personnels \u00e0 Saint-Pierre-des-Corps"},"content":{"rendered":"<p>Quand il \u00e9tait petit, Philippe Auliac voulait \u00eatre conducteur de trains et photographe de rock stars. Quelques d\u00e9cennies plus tard, le photographe, dont une partie de la famille est originaire du Chinonais, a r\u00e9alis\u00e9 ses deux r\u00eaves.<\/p>\n<p>Il peut en effet conduire des trains. Il est aussi devenu photographe professionnel. Connu et reconnu pour \u00eatre l\u2019un des photographes de David Bowie. <a target=\"_blank\" href=\"https:\/\/www.lanouvellerepublique.fr\/indre-et-loire\/commune\/rigny-usse\/chinonais-philippe-auliac-le-photographe-officiel-de-david-bowie-se-confie\" rel=\"noopener\">Philippe Auliac<\/a> a, en effet, suivi et photographi\u00e9 la rock star de 1976 \u00e0 2004. De cette relation privil\u00e9gi\u00e9e, Philippe Auliac a \u00e9videmment tir\u00e9 des milliers de clich\u00e9s. Certains sont expos\u00e9s pendant tout le mois de janvier\u00a02026 \u00e0 la biblioth\u00e8que municipale de Saint-Pierre-des-Corps dans le cadre de l\u2019exposition Destination Bowie.<\/p>\n<p>Samedi 10\u00a0janvier, le photographe sera toute la journ\u00e9e pr\u00e9sent dans l\u2019exposition avec des photos in\u00e9dites, des reproductions rares des carnets de l\u2019artiste anglais, des objets, des appareils photos\u2026 \u00ab\u00a0Ces raret\u00e9s ne seront l\u00e0 que samedi car je dois \u00eatre pr\u00e9sent pour expliquer, raconter.\u00a0\u00bb Et \u00e9couter <a target=\"_blank\" href=\"https:\/\/www.lanouvellerepublique.fr\/chinon\/chinon-cinq-ans-apres-la-mort-de-david-bowie-son-photographe-se-souvient\" rel=\"noopener\">Philippe Auliac<\/a> parler de sa passion, sa vie aux c\u00f4t\u00e9s de Bowie, c\u2019est d\u00e9j\u00e0 incroyable.<\/p>\n<p><img alt=\"Les \u00e9ditions HarperCollins ont sorti en octobre\u00a02025 le livre de Philippe Auliac \u00ab\u00a0Bowie Hors cadre\u00a0\u00bb.\" loading=\"lazy\" width=\"980\" height=\"573\" decoding=\"async\" data-nimg=\"1\" class=\"img-responsive spinner-show \" style=\"color:transparent;background-size:cover;background-position:50% 50%;background-repeat:no-repeat;background-image:url(&quot;data:image\/svg+xml;charset=utf-8,%3Csvg xmlns='http:\/\/www.w3.org\/2000\/svg' viewBox='0 0 980 573'%3E%3Cfilter id='b' color-interpolation-filters='sRGB'%3E%3CfeGaussianBlur stdDeviation='20'\/%3E%3CfeColorMatrix values='1 0 0 0 0 0 1 0 0 0 0 0 1 0 0 0 0 0 100 -1' result='s'\/%3E%3CfeFlood x='0' y='0' width='100%25' height='100%25'\/%3E%3CfeComposite operator='out' in='s'\/%3E%3CfeComposite in2='SourceGraphic'\/%3E%3CfeGaussianBlur stdDeviation='20'\/%3E%3C\/filter%3E%3Cimage width='100%25' height='100%25' x='0' y='0' preserveAspectRatio='none' style='filter: url(%23b);' href='https:\/\/images.lanouvellerepublique.fr\/image\/upload\/t_88w\/f_auto\/69615145a26235b7578b4567.jpg'\/%3E%3C\/svg%3E&quot;)\"   src=\"https:\/\/www.europesays.com\/fr\/wp-content\/uploads\/2026\/01\/69615145a26235b7578b4567.jpg\"\/><\/p>\n<p style=\"background-color:#F2F2F2;padding:5px;margin-top:0px;margin-bottom:10px\">Les \u00e9ditions HarperCollins ont sorti en octobre\u00a02025 le livre de Philippe Auliac \u00ab\u00a0Bowie Hors cadre\u00a0\u00bb.<br \/> \u00a9 (Photo HarperCollins)<\/p>\n<p>Fin avril\u00a01976, il compl\u00e8te sa formation de conducteur de trains. Au m\u00eame moment, sa vie bascule et prend une tout autre direction. Le jeune homme de 18\u00a0ans de l\u2019\u00e9poque s\u2019appr\u00eate \u00e0 commencer une relation professionnelle de trente ans avec l\u2019une des plus grandes rock stars, David Bowie.<\/p>\n<p>\u00ab\u00a0Je ne veux pas \u00eatre un simple fan, je veux \u00eatre son photographe\u00a0\u00bb<\/p>\n<p>Depuis 1972, ann\u00e9e o\u00f9 il a d\u00e9couvert l\u2019existence et la musique de Bowie dans l\u2019\u00e9mission de Jos\u00e9 Arthur, Le Pop Club, sur France Inter, Philippe Auliac est obnubil\u00e9 par le chanteur. \u00ab\u00a0La France des ann\u00e9es 70 vivait encore en noir et blanc, explique dans sa maison du Chinonais, le photographe. J\u2019ai commenc\u00e9 \u00e0 m\u2019int\u00e9resser \u00e0 Bowie, \u00e0 d\u00e9cortiquer les magazines de l\u2019\u00e9poque. Un jour, je suis tomb\u00e9 sur une photo o\u00f9 l\u2019on ne voyait que ses yeux. Je me suis dit\u00a0: \u201c\u00a0Si le photographe a r\u00e9ussi \u00e0 approcher de si pr\u00e8s David Bowie pour faire sa photo, alors je ne veux pas \u00eatre un simple fan, je veux \u00eatre photographe.\u00a0\u201d\u00a0\u00bb<\/p>\n<p>Des photos de Mick Jagger, Yoko Ono, George Harrison\u2026<\/p>\n<p>Pour apprendre et comprendre l\u2019art d\u2019une belle photo de concert, l\u2019apprenti photographe frappe \u00e0 la porte des maisons de disques parisiennes. Chez RCA, la maison de disques de Bowie et des Beatles, il trouve une \u00e9coute bienveillante. \u00ab\u00a0C\u2019\u00e9tait une autre \u00e9poque, sourit aujourd\u2019hui Philippe Auliac au milieu de ses tirages de Bowie, bien s\u00fbr, mais aussi de Mick Jagger, Yoko Ono, Paul McCartney et tant d\u2019autres. Le 27\u00a0avril 1976, une des responsables de chez RCA m\u2019appelle et me demande si je suis libre pour passer une semaine \u00e0 Londres et photographier un artiste. Je ne savais pas de qui il s\u2019agissait. Je venais juste de passer mon certif pour \u00eatre conducteur de trains. J\u2019ai accept\u00e9.\u00a0\u00bb<\/p>\n<p>Le 1er\u00a0mai 1976, sur le quai de la gare du Nord, le photographe autodidacte voit appara\u00eetre \u00ab\u00a0deux petits bonshommes color\u00e9s\u00a0: c\u2019\u00e9tait David Bowie et Iggy Pop\u00a0\u00bb. Voil\u00e0, d\u00e9but de l\u2019aventure d\u2019une vie. \u00ab\u00a0Incroyable, je rencontrais mon idole dans une gare, je monte dans le train avec lui et ma toute premi\u00e8re photo de lui a \u00e9t\u00e9 faite \u00e0 l\u2019arriv\u00e9e \u00e0 la gare de Victoria \u00e0 Londres.\u00a0\u00bb<\/p>\n<p>Autant dire qu\u2019exposer Bowie dans la ville ferroviaire qu\u2019est Saint-Pierre-des-Corps est encore un beau symbole pour Philippe Auliac qui s\u2019y conna\u00eet tr\u00e8s bien en train mais qui est incollable sur la musique de Bowie.<\/p>\n<p>Samedi 10\u00a0janvier 2026, pr\u00e9sence de Philippe Auliac, toute la journ\u00e9e \u00e0 partir de 10\u00a0h \u00e0 la biblioth\u00e8que de Saint-Pierre-des-Corps pour son exposition \u00ab\u00a0Destination Bowie\u00a0\u00bb. Exposition visible jusqu\u2019au 31\u00a0janvier, les mardi, mercredi, vendredi et samedi. Entr\u00e9e libre et gratuite. <a target=\"_self\" href=\"https:\/\/saintpierredescorps.fr\/actualites-agenda\/rencontre-exclusive-avec-philippe-auliac-photographe-officiel-de-david-bowie\" rel=\"noopener\">www.saintpierredescorps.fr<\/a><\/p>\n","protected":false},"excerpt":{"rendered":"Quand il \u00e9tait petit, Philippe Auliac voulait \u00eatre conducteur de trains et photographe de rock stars. Quelques d\u00e9cennies&hellip;\n","protected":false},"author":2,"featured_media":653911,"comment_status":"","ping_status":"","sticky":false,"template":"","format":"standard","meta":{"footnotes":""},"categories":[1358],"tags":[1392,1348,1384,1385,1386,58,59,1349,1011,27,1387,1393,1389],"class_list":{"0":"post-653910","1":"post","2":"type-post","3":"status-publish","4":"format-standard","5":"has-post-thumbnail","7":"category-arts-et-design","8":"tag-a-la-une-local","9":"tag-arts","10":"tag-arts-and-design","11":"tag-arts-et-design","12":"tag-design","13":"tag-divertissement","14":"tag-entertainment","15":"tag-expositions","16":"tag-fr","17":"tag-france","18":"tag-indre-et-loire","19":"tag-loisirs","20":"tag-saint-pierre-des-corps"},"share_on_mastodon":{"url":"https:\/\/pubeurope.com\/@fr\/115870720556384060","error":""},"_links":{"self":[{"href":"https:\/\/www.europesays.com\/fr\/wp-json\/wp\/v2\/posts\/653910","targetHints":{"allow":["GET"]}}],"collection":[{"href":"https:\/\/www.europesays.com\/fr\/wp-json\/wp\/v2\/posts"}],"about":[{"href":"https:\/\/www.europesays.com\/fr\/wp-json\/wp\/v2\/types\/post"}],"author":[{"embeddable":true,"href":"https:\/\/www.europesays.com\/fr\/wp-json\/wp\/v2\/users\/2"}],"replies":[{"embeddable":true,"href":"https:\/\/www.europesays.com\/fr\/wp-json\/wp\/v2\/comments?post=653910"}],"version-history":[{"count":0,"href":"https:\/\/www.europesays.com\/fr\/wp-json\/wp\/v2\/posts\/653910\/revisions"}],"wp:featuredmedia":[{"embeddable":true,"href":"https:\/\/www.europesays.com\/fr\/wp-json\/wp\/v2\/media\/653911"}],"wp:attachment":[{"href":"https:\/\/www.europesays.com\/fr\/wp-json\/wp\/v2\/media?parent=653910"}],"wp:term":[{"taxonomy":"category","embeddable":true,"href":"https:\/\/www.europesays.com\/fr\/wp-json\/wp\/v2\/categories?post=653910"},{"taxonomy":"post_tag","embeddable":true,"href":"https:\/\/www.europesays.com\/fr\/wp-json\/wp\/v2\/tags?post=653910"}],"curies":[{"name":"wp","href":"https:\/\/api.w.org\/{rel}","templated":true}]}}