{"id":653912,"date":"2026-01-10T12:08:09","date_gmt":"2026-01-10T12:08:09","guid":{"rendered":"https:\/\/www.europesays.com\/fr\/653912\/"},"modified":"2026-01-10T12:08:09","modified_gmt":"2026-01-10T12:08:09","slug":"parcours-et-ambitions-du-nouveau-visage-de-qui-veut-etre-mon-associe","status":"publish","type":"post","link":"https:\/\/www.europesays.com\/fr\/653912\/","title":{"rendered":"parcours et ambitions du nouveau visage de \u00ab Qui veut \u00eatre mon associ\u00e9 ? \u00bb"},"content":{"rendered":"<p class=\"chapo\">Jonathan Anguelov rejoint cette saison le jury de \u00ab Qui veut \u00eatre mon associ\u00e9 ? \u00bb sur M6. Entrepreneur reconnu, il apporte son exp\u00e9rience d\u2019investisseur et de cofondateur de la licorne fran\u00e7aise Aircall \u00e0 l\u2019\u00e9mission d\u00e9di\u00e9e aux start-up.<\/p>\n<p>Tl;dr<\/p>\n<ul>\n<li>Jonathan Anguelov rejoint \u00ab\u00a0Qui veut \u00eatre mon associ\u00e9 ?\u00a0\u00bb.<\/li>\n<li>Investisseur au parcours atypique, issu de l\u2019aide sociale.<\/li>\n<li>Privil\u00e9gie l\u2019humain et la clart\u00e9 chez les entrepreneurs.<\/li>\n<\/ul>\n<p>Un nouvel investisseur pour une \u00e9mission phare<\/p>\n<p>Ce jeudi \u00e0 21 h 10, M6 a donn\u00e9 le coup d\u2019envoi de la sixi\u00e8me saison de <strong>\u00ab\u00a0<a href=\"https:\/\/www.24matins.fr\/investisseurs-dans-qui-veut-etre-mon-associe-anthony-bourbon-lance-tu-es-paye-une-misere-pour-faire-cette-emission-1351583\" target=\"_blank\" rel=\"noopener\">Qui veut \u00eatre mon associ\u00e9\u00a0?<\/a>\u00a0\u00bb<\/strong>, son rendez-vous incontournable de l\u2019<strong>entrepreneuriat<\/strong>. Les candidats, venus d\u00e9fendre leur projet en esp\u00e9rant convaincre des investisseurs chevronn\u00e9s, feront face \u00e0 un nouveau visage : Jonathan Anguelov. \u00c0 39 ans, cet homme d\u2019affaires incarne un parcours pour le moins singulier dans le monde de l\u2019investissement.<\/p>\n<p>D\u2019une enfance chahut\u00e9e \u00e0 la r\u00e9ussite entrepreneuriale<\/p>\n<p>L\u2019histoire personnelle de Jonathan Anguelov \u00e9tonne. Plac\u00e9 d\u00e8s son plus jeune \u00e2ge en famille d\u2019accueil par l\u2019Aide sociale \u00e0 l\u2019enfance, il ne se destinait pas a priori \u00e0 int\u00e9grer la sph\u00e8re restreinte des grands entrepreneurs fran\u00e7ais. Pourtant, tr\u00e8s t\u00f4t, il choisit d\u2019investir dans l\u2019immobilier, utilisant alors des <strong>pr\u00eats \u00e9tudiants<\/strong> et des emplois parall\u00e8les pour b\u00e2tir son premier patrimoine. \u00ab\u00a0Je suis un pur produit de la m\u00e9ritocratie. J\u2019ai tout fait \u00e0 la force de mon poignet. \u00bb<\/p>\n<p>Son go\u00fbt du risque et son sens pratique le m\u00e8nent ensuite \u00e0 cofonder en 2014 Aircall, une solution t\u00e9l\u00e9phonique pour entreprises devenue rapidement la 16e <strong>licorne fran\u00e7aise<\/strong>. Fort du succ\u00e8s rencontr\u00e9, il multiplie alors les placements, notamment via sa plateforme OffStone, qui totalise pr\u00e8s de <strong>200 millions d\u2019euros investis dans l\u2019<a href=\"https:\/\/www.24matins.fr\/le-marche-du-neuf-seffondre-atteignant-son-plus-bas-niveau-depuis-la-crise-de-2008-1398473\" target=\"_blank\" rel=\"noopener\">immobilier<\/a><\/strong>. Depuis 2018, il a \u00e9galement pari\u00e9 sur plus de quarante start-ups du secteur technologique.<\/p>\n<p>L\u2019humain avant tout : sa vision de l\u2019investissement<\/p>\n<p>Pour cet investisseur atypique, ce n\u2019est pas tant le projet que son porteur qui fait la diff\u00e9rence. \u00ab\u00a0Je parie davantage sur des entrepreneurs que sur des projets.\u00a0\u00bb Sa m\u00e9thode tranche avec certains codes du programme\u2009: constructif plut\u00f4t que cassant, il n\u2019h\u00e9site pas \u00e0 prodiguer conseils et encouragements m\u00eame aux dossiers perfectibles. Son objectif\u2009? Rep\u00e9rer celles et ceux capables d\u2019expliquer clairement leur id\u00e9e et surtout anim\u00e9s par une volont\u00e9 farouche de r\u00e9ussir.<\/p>\n<p>Voici ce qu\u2019il recherche particuli\u00e8rement chez les candidats :<\/p>\n<ul>\n<li><strong>Clart\u00e9 du discours\u2009:<\/strong> expliquer simplement et efficacement leur projet ;<\/li>\n<li><strong>Dynamisme\u2009:<\/strong> manifester une envie irr\u00e9pressible d\u2019aboutir ;<\/li>\n<li><strong>Sinc\u00e9rit\u00e9\u2009:<\/strong> rester authentique face aux difficult\u00e9s ou refus.<\/li>\n<\/ul>\n<p>Nouvelles perspectives pour l\u2019\u00e9mission et au-del\u00e0<\/p>\n<p>Recrut\u00e9 apr\u00e8s avoir attir\u00e9 l\u2019attention des \u00e9quipes de M6, s\u00e9duit par sa proximit\u00e9 avec le grand public comme par ses r\u00e9ussites \u00e9conomiques, Jonathan Anguelov esp\u00e8re bien contribuer \u00e0 r\u00e9v\u00e9ler la prochaine fiert\u00e9 entrepreneuriale nationale. Car si, selon lui, un projet rejet\u00e9 n\u2019est jamais synonyme d\u2019\u00e9chec \u2013 apr\u00e8s tout, Aircall, aujourd\u2019hui r\u00e9f\u00e9rence internationale, a connu une centaine de refus \u2013 cette sixi\u00e8me saison pourrait offrir un \u00e9lan \u00e0 ceux dont la t\u00e9nacit\u00e9 rappelle son propre parcours. L\u2019espoir reste vif qu\u2019une innovation marquante puisse \u00e9merger sur le plateau de cette \u00e9dition renouvel\u00e9e.<\/p>\n","protected":false},"excerpt":{"rendered":"Jonathan Anguelov rejoint cette saison le jury de \u00ab Qui veut \u00eatre mon associ\u00e9 ? \u00bb sur M6.&hellip;\n","protected":false},"author":2,"featured_media":653913,"comment_status":"","ping_status":"","sticky":false,"template":"","format":"standard","meta":{"footnotes":""},"categories":[1356],"tags":[58,59,1011,27,252,1364],"class_list":{"0":"post-653912","1":"post","2":"type-post","3":"status-publish","4":"format-standard","5":"has-post-thumbnail","7":"category-television","8":"tag-divertissement","9":"tag-entertainment","10":"tag-fr","11":"tag-france","12":"tag-television","13":"tag-tv"},"share_on_mastodon":{"url":"https:\/\/pubeurope.com\/@fr\/115870728506876428","error":""},"_links":{"self":[{"href":"https:\/\/www.europesays.com\/fr\/wp-json\/wp\/v2\/posts\/653912","targetHints":{"allow":["GET"]}}],"collection":[{"href":"https:\/\/www.europesays.com\/fr\/wp-json\/wp\/v2\/posts"}],"about":[{"href":"https:\/\/www.europesays.com\/fr\/wp-json\/wp\/v2\/types\/post"}],"author":[{"embeddable":true,"href":"https:\/\/www.europesays.com\/fr\/wp-json\/wp\/v2\/users\/2"}],"replies":[{"embeddable":true,"href":"https:\/\/www.europesays.com\/fr\/wp-json\/wp\/v2\/comments?post=653912"}],"version-history":[{"count":0,"href":"https:\/\/www.europesays.com\/fr\/wp-json\/wp\/v2\/posts\/653912\/revisions"}],"wp:featuredmedia":[{"embeddable":true,"href":"https:\/\/www.europesays.com\/fr\/wp-json\/wp\/v2\/media\/653913"}],"wp:attachment":[{"href":"https:\/\/www.europesays.com\/fr\/wp-json\/wp\/v2\/media?parent=653912"}],"wp:term":[{"taxonomy":"category","embeddable":true,"href":"https:\/\/www.europesays.com\/fr\/wp-json\/wp\/v2\/categories?post=653912"},{"taxonomy":"post_tag","embeddable":true,"href":"https:\/\/www.europesays.com\/fr\/wp-json\/wp\/v2\/tags?post=653912"}],"curies":[{"name":"wp","href":"https:\/\/api.w.org\/{rel}","templated":true}]}}