{"id":653916,"date":"2026-01-10T12:10:50","date_gmt":"2026-01-10T12:10:50","guid":{"rendered":"https:\/\/www.europesays.com\/fr\/653916\/"},"modified":"2026-01-10T12:10:50","modified_gmt":"2026-01-10T12:10:50","slug":"wonder-man-un-premier-apercu-de-simon-williams-en-super-costume","status":"publish","type":"post","link":"https:\/\/www.europesays.com\/fr\/653916\/","title":{"rendered":"Wonder Man : Un premier aper\u00e7u de Simon Williams en super-costume !"},"content":{"rendered":"<p><a href=\"https:\/\/www.europesays.com\/fr\/wp-content\/uploads\/2026\/01\/wonder-man-calendrier-serie-marvel.jpg\"><img loading=\"lazy\" decoding=\"async\" src=\"https:\/\/www.europesays.com\/fr\/wp-content\/uploads\/2026\/01\/wonder-man-calendrier-serie-marvel.jpg\" alt=\"\" width=\"696\" height=\"258\" class=\"aligncenter size-medium wp-image-284863\"  \/><\/a><\/p>\n<p style=\"text-align: justify;\">Ah ! Entre deux affiches in-universe, Marvel Television vient de mettre en ligne un nouveau spot TV de <strong>Wonder Man<\/strong> o\u00f9 l\u2019on d\u00e9couvre enfin\u2026 le super-costume port\u00e9 par Simon Williams dans la s\u00e9rie ! Il faut dire que ce serait b\u00eate de s\u2019en priver, tant il est facile \u00e0 adapter (un \u2018W\u2019 rouge sur un d\u00e9bardeur noir). Maintenant, les paris sont ouverts : verrons-nous Yahya Abdul-Mateen II habill\u00e9 ainsi uniquement dans le dernier \u00e9pisode, cinq minutes chrono, ou avant et plus longtemps ?<\/p>\n<p style=\"text-align: justify;\">Simon Williams, acteur hollywoodien en devenir, peine \u00e0 faire d\u00e9coller sa carri\u00e8re. Lors d\u2019une rencontre fortuite avec Trevor Slattery, un acteur dont les plus grands r\u00f4les sont peut-\u00eatre loin derri\u00e8re lui, Simon apprend que le l\u00e9gendaire r\u00e9alisateur Von Kovak pr\u00e9pare un remake du film de super-h\u00e9ros Wonder Man. Ces deux acteurs, aux extr\u00e9mit\u00e9s oppos\u00e9es de leurs carri\u00e8res, poursuivent avec acharnement des r\u00f4les qui changeront leur vie dans ce film, offrant au public un aper\u00e7u des coulisses de l\u2019industrie du divertissement.<\/p>\n<\/p>\n<p><a href=\"http:\/\/lestoilesheroiques.fr\/wp-content\/uploads\/2026\/01\/G9rHBArWEAAjcLl.jpg\" target=\"_blank\" rel=\"noopener\"><img loading=\"lazy\" decoding=\"async\" src=\"https:\/\/www.europesays.com\/fr\/wp-content\/uploads\/2026\/01\/G9rHBArWEAAjcLl-580x725.jpg\" alt=\"\" width=\"580\" height=\"725\" class=\"aligncenter size-medium wp-image-285054\"  \/><\/a><\/p>\n<p><a href=\"http:\/\/lestoilesheroiques.fr\/wp-content\/uploads\/2026\/01\/G-KAXzBaoAAPhqp.jpg\" target=\"_blank\" rel=\"noopener\"><img loading=\"lazy\" decoding=\"async\" src=\"https:\/\/www.europesays.com\/fr\/wp-content\/uploads\/2026\/01\/G-KAXzBaoAAPhqp-580x725.jpg\" alt=\"\" width=\"580\" height=\"725\" class=\"aligncenter size-medium wp-image-285056\"  \/><\/a><\/p>\n<p><a href=\"http:\/\/lestoilesheroiques.fr\/wp-content\/uploads\/2026\/01\/G-E235FW8AAU7uS.jpg\" target=\"_blank\" rel=\"noopener\"><img loading=\"lazy\" decoding=\"async\" src=\"https:\/\/www.europesays.com\/fr\/wp-content\/uploads\/2026\/01\/G-E235FW8AAU7uS-580x751.jpg\" alt=\"\" width=\"580\" height=\"751\" class=\"aligncenter size-medium wp-image-285055\"  \/><\/a><\/p>\n<p style=\"text-align: center;\">\ufe61\ufe61\ufe61\ufe61\ufe61<\/p>\n<p><a href=\"http:\/\/lestoilesheroiques.fr\/2020\/11\/chronologie-comics-avengers-ordre-de-lecture-guide-liste.html\" target=\"_blank\" rel=\"noopener\"><img loading=\"lazy\" decoding=\"async\" class=\"aligncenter size-full wp-image-203493\" src=\"https:\/\/www.europesays.com\/fr\/wp-content\/uploads\/2025\/04\/chronologie-comics-avengers-1.jpg\" alt=\"\" width=\"300\" height=\"120\"\/><\/a><\/p>\n<p style=\"text-align: center;\">\ufe61\ufe61\ufe61\ufe61\ufe61<\/p>\n<p style=\"text-align: justify;\">La s\u00e9rie <strong>Wonder Man<\/strong> sera mise en ligne le 28 janvier 2026 sur Disney+, avec <strong>Yahya Abdul-Mateen II<\/strong> (Simon Williams\/Wonder Man), <strong>Demetrius Grosse<\/strong> (Eric Williams\/Grim Reaper), <strong>Ben Kingsley<\/strong> (Trevor Slattery), <strong>Zlatko Buri\u0107<\/strong> (Von Kovak), <strong>Ed Harris<\/strong> (Neal Saroyan), <strong>Lauren Glazier<\/strong> et <strong>Byron Bowers<\/strong>.<\/p>\n<p><a href=\"https:\/\/amzn.to\/3JypO3L\" target=\"_blank\" rel=\"noopener noreferrer\"><img loading=\"lazy\" decoding=\"async\" class=\"aligncenter size-medium wp-image-200788\" src=\"https:\/\/www.europesays.com\/fr\/wp-content\/uploads\/2025\/05\/1747098672_910_rappelll.jpg\" alt=\"\" width=\"696\" height=\"73\"\/><\/a><\/p>\n","protected":false},"excerpt":{"rendered":"Ah ! Entre deux affiches in-universe, Marvel Television vient de mettre en ligne un nouveau spot TV de&hellip;\n","protected":false},"author":2,"featured_media":653917,"comment_status":"","ping_status":"","sticky":false,"template":"","format":"standard","meta":{"footnotes":""},"categories":[1354],"tags":[58,59,1346,1011,27,1360],"class_list":{"0":"post-653916","1":"post","2":"type-post","3":"status-publish","4":"format-standard","5":"has-post-thumbnail","7":"category-films","8":"tag-divertissement","9":"tag-entertainment","10":"tag-films","11":"tag-fr","12":"tag-france","13":"tag-movies"},"share_on_mastodon":{"url":"https:\/\/pubeurope.com\/@fr\/115870740547747925","error":""},"_links":{"self":[{"href":"https:\/\/www.europesays.com\/fr\/wp-json\/wp\/v2\/posts\/653916","targetHints":{"allow":["GET"]}}],"collection":[{"href":"https:\/\/www.europesays.com\/fr\/wp-json\/wp\/v2\/posts"}],"about":[{"href":"https:\/\/www.europesays.com\/fr\/wp-json\/wp\/v2\/types\/post"}],"author":[{"embeddable":true,"href":"https:\/\/www.europesays.com\/fr\/wp-json\/wp\/v2\/users\/2"}],"replies":[{"embeddable":true,"href":"https:\/\/www.europesays.com\/fr\/wp-json\/wp\/v2\/comments?post=653916"}],"version-history":[{"count":0,"href":"https:\/\/www.europesays.com\/fr\/wp-json\/wp\/v2\/posts\/653916\/revisions"}],"wp:featuredmedia":[{"embeddable":true,"href":"https:\/\/www.europesays.com\/fr\/wp-json\/wp\/v2\/media\/653917"}],"wp:attachment":[{"href":"https:\/\/www.europesays.com\/fr\/wp-json\/wp\/v2\/media?parent=653916"}],"wp:term":[{"taxonomy":"category","embeddable":true,"href":"https:\/\/www.europesays.com\/fr\/wp-json\/wp\/v2\/categories?post=653916"},{"taxonomy":"post_tag","embeddable":true,"href":"https:\/\/www.europesays.com\/fr\/wp-json\/wp\/v2\/tags?post=653916"}],"curies":[{"name":"wp","href":"https:\/\/api.w.org\/{rel}","templated":true}]}}